{"id":510,"date":"2025-12-22T17:02:44","date_gmt":"2025-12-22T17:02:44","guid":{"rendered":"https:\/\/escoladigital.madeira.gov.pt\/eb1marocossantoserra\/?p=510"},"modified":"2025-12-22T17:02:44","modified_gmt":"2025-12-22T17:02:44","slug":"hora-do-conto-os-trix-salvam-o-natal","status":"publish","type":"post","link":"https:\/\/escoladigital.madeira.gov.pt\/eb1marocossantoserra\/2025\/12\/22\/hora-do-conto-os-trix-salvam-o-natal\/","title":{"rendered":"Hora do Conto &#8220;Os Trix salvam o Natal&#8221;"},"content":{"rendered":"\n<p>No passado dia 15 de dezembro, os alunos do 1\u00ba Ciclo assistiram na escola a uma m\u00e1gica hora do conto dedicada ao encanto da \u00e9poca natal\u00edcia, a cargo de T\u00e2nia Neves, consultora pedag\u00f3gica da Areal Editores.<\/p>\n\n\n\n<p>As crian\u00e7as deixaram-se levar pela magia da hist\u00f3ria \u201cOs Trix salvam o Natal\u201d, de Pedro Seromenho. Puderam tamb\u00e9m adquirir um livro da cole\u00e7\u00e3o Trix a um pre\u00e7o convidativo.<\/p>\n\n\n\n<p>As crian\u00e7as gostaram desta aventura repleta de surpresas, que revelou como a amizade e a imagina\u00e7\u00e3o podem ajudar a superar desafios.<\/p>\n\n\n\n<p>Os alunos agradecem a oportunidade liter\u00e1ria!<\/p>\n\n\n\n<figure class=\"wp-block-gallery has-nested-images columns-default is-cropped wp-block-gallery-1 is-layout-flex wp-block-gallery-is-layout-flex\">\n<figure class=\"wp-block-image size-large\"><img fetchpriority=\"high\" decoding=\"async\" width=\"1024\" height=\"768\" data-id=\"512\" src=\"https:\/\/escoladigital.madeira.gov.pt\/eb1marocossantoserra\/wp-content\/uploads\/sites\/76\/2025\/12\/20251215_121205-1024x768.jpg\" alt=\"\" class=\"wp-image-512\" srcset=\"https:\/\/escoladigital.madeira.gov.pt\/eb1marocossantoserra\/wp-content\/uploads\/sites\/76\/2025\/12\/20251215_121205-1024x768.jpg 1024w, https:\/\/escoladigital.madeira.gov.pt\/eb1marocossantoserra\/wp-content\/uploads\/sites\/76\/2025\/12\/20251215_121205-300x225.jpg 300w, https:\/\/escoladigital.madeira.gov.pt\/eb1marocossantoserra\/wp-content\/uploads\/sites\/76\/2025\/12\/20251215_121205-768x576.jpg 768w, https:\/\/escoladigital.madeira.gov.pt\/eb1marocossantoserra\/wp-content\/uploads\/sites\/76\/2025\/12\/20251215_121205-1536x1152.jpg 1536w, https:\/\/escoladigital.madeira.gov.pt\/eb1marocossantoserra\/wp-content\/uploads\/sites\/76\/2025\/12\/20251215_121205-2048x1536.jpg 2048w\" sizes=\"(max-width: 1024px) 100vw, 1024px\" \/><\/figure>\n\n\n\n<figure class=\"wp-block-image size-large\"><img decoding=\"async\" width=\"1024\" height=\"768\" data-id=\"511\" src=\"https:\/\/escoladigital.madeira.gov.pt\/eb1marocossantoserra\/wp-content\/uploads\/sites\/76\/2025\/12\/20251215_121657-1024x768.jpg\" alt=\"\" class=\"wp-image-511\" srcset=\"https:\/\/escoladigital.madeira.gov.pt\/eb1marocossantoserra\/wp-content\/uploads\/sites\/76\/2025\/12\/20251215_121657-1024x768.jpg 1024w, https:\/\/escoladigital.madeira.gov.pt\/eb1marocossantoserra\/wp-content\/uploads\/sites\/76\/2025\/12\/20251215_121657-300x225.jpg 300w, https:\/\/escoladigital.madeira.gov.pt\/eb1marocossantoserra\/wp-content\/uploads\/sites\/76\/2025\/12\/20251215_121657-768x576.jpg 768w, https:\/\/escoladigital.madeira.gov.pt\/eb1marocossantoserra\/wp-content\/uploads\/sites\/76\/2025\/12\/20251215_121657-1536x1152.jpg 1536w, https:\/\/escoladigital.madeira.gov.pt\/eb1marocossantoserra\/wp-content\/uploads\/sites\/76\/2025\/12\/20251215_121657-2048x1536.jpg 2048w\" sizes=\"(max-width: 1024px) 100vw, 1024px\" \/><\/figure>\n\n\n\n<figure class=\"wp-block-image size-large\"><img decoding=\"async\" width=\"1024\" height=\"768\" data-id=\"513\" src=\"https:\/\/escoladigital.madeira.gov.pt\/eb1marocossantoserra\/wp-content\/uploads\/sites\/76\/2025\/12\/20251215_124620-1024x768.jpg\" alt=\"\" class=\"wp-image-513\" srcset=\"https:\/\/escoladigital.madeira.gov.pt\/eb1marocossantoserra\/wp-content\/uploads\/sites\/76\/2025\/12\/20251215_124620-1024x768.jpg 1024w, https:\/\/escoladigital.madeira.gov.pt\/eb1marocossantoserra\/wp-content\/uploads\/sites\/76\/2025\/12\/20251215_124620-300x225.jpg 300w, https:\/\/escoladigital.madeira.gov.pt\/eb1marocossantoserra\/wp-content\/uploads\/sites\/76\/2025\/12\/20251215_124620-768x576.jpg 768w, https:\/\/escoladigital.madeira.gov.pt\/eb1marocossantoserra\/wp-content\/uploads\/sites\/76\/2025\/12\/20251215_124620-1536x1152.jpg 1536w, https:\/\/escoladigital.madeira.gov.pt\/eb1marocossantoserra\/wp-content\/uploads\/sites\/76\/2025\/12\/20251215_124620-2048x1536.jpg 2048w\" sizes=\"(max-width: 1024px) 100vw, 1024px\" \/><\/figure>\n<\/figure>\n\n\n\n<p><\/p>\n","protected":false},"excerpt":{"rendered":"<p>No passado dia 15 de dezembro, os alunos do 1\u00ba Ciclo assistiram na escola a uma m\u00e1gica hora do conto [&hellip;]<\/p>\n","protected":false},"author":106,"featured_media":513,"comment_status":"closed","ping_status":"closed","sticky":false,"template":"","format":"standard","meta":{"site-sidebar-layout":"default","site-content-layout":"","ast-site-content-layout":"default","site-content-style":"default","site-sidebar-style":"default","ast-global-header-display":"","ast-banner-title-visibility":"","ast-main-header-display":"","ast-hfb-above-header-display":"","ast-hfb-below-header-display":"","ast-hfb-mobile-header-display":"","site-post-title":"","ast-breadcrumbs-content":"","ast-featured-img":"","footer-sml-layout":"","ast-disable-related-posts":"","theme-transparent-header-meta":"","adv-header-id-meta":"","stick-header-meta":"","header-above-stick-meta":"","header-main-stick-meta":"","header-below-stick-meta":"","astra-migrate-meta-layouts":"default","ast-page-background-enabled":"default","ast-page-background-meta":{"desktop":{"background-color":"var(--ast-global-color-5)","background-image":"","background-repeat":"repeat","background-position":"center center","background-size":"auto","background-attachment":"scroll","background-type":"","background-media":"","overlay-type":"","overlay-color":"","overlay-opacity":"","overlay-gradient":""},"tablet":{"background-color":"","background-image":"","background-repeat":"repeat","background-position":"center center","background-size":"auto","background-attachment":"scroll","background-type":"","background-media":"","overlay-type":"","overlay-color":"","overlay-opacity":"","overlay-gradient":""},"mobile":{"background-color":"","background-image":"","background-repeat":"repeat","background-position":"center center","background-size":"auto","background-attachment":"scroll","background-type":"","background-media":"","overlay-type":"","overlay-color":"","overlay-opacity":"","overlay-gradient":""}},"ast-content-background-meta":{"desktop":{"background-color":"var(--ast-global-color-4)","background-image":"","background-repeat":"repeat","background-position":"center center","background-size":"auto","background-attachment":"scroll","background-type":"","background-media":"","overlay-type":"","overlay-color":"","overlay-opacity":"","overlay-gradient":""},"tablet":{"background-color":"var(--ast-global-color-4)","background-image":"","background-repeat":"repeat","background-position":"center center","background-size":"auto","background-attachment":"scroll","background-type":"","background-media":"","overlay-type":"","overlay-color":"","overlay-opacity":"","overlay-gradient":""},"mobile":{"background-color":"var(--ast-global-color-4)","background-image":"","background-repeat":"repeat","background-position":"center center","background-size":"auto","background-attachment":"scroll","background-type":"","background-media":"","overlay-type":"","overlay-color":"","overlay-opacity":"","overlay-gradient":""}},"_themeisle_gutenberg_block_has_review":false,"footnotes":""},"categories":[5],"tags":[],"class_list":["post-510","post","type-post","status-publish","format-standard","has-post-thumbnail","hentry","category-noticias"],"_links":{"self":[{"href":"https:\/\/escoladigital.madeira.gov.pt\/eb1marocossantoserra\/wp-json\/wp\/v2\/posts\/510","targetHints":{"allow":["GET"]}}],"collection":[{"href":"https:\/\/escoladigital.madeira.gov.pt\/eb1marocossantoserra\/wp-json\/wp\/v2\/posts"}],"about":[{"href":"https:\/\/escoladigital.madeira.gov.pt\/eb1marocossantoserra\/wp-json\/wp\/v2\/types\/post"}],"author":[{"embeddable":true,"href":"https:\/\/escoladigital.madeira.gov.pt\/eb1marocossantoserra\/wp-json\/wp\/v2\/users\/106"}],"replies":[{"embeddable":true,"href":"https:\/\/escoladigital.madeira.gov.pt\/eb1marocossantoserra\/wp-json\/wp\/v2\/comments?post=510"}],"version-history":[{"count":2,"href":"https:\/\/escoladigital.madeira.gov.pt\/eb1marocossantoserra\/wp-json\/wp\/v2\/posts\/510\/revisions"}],"predecessor-version":[{"id":515,"href":"https:\/\/escoladigital.madeira.gov.pt\/eb1marocossantoserra\/wp-json\/wp\/v2\/posts\/510\/revisions\/515"}],"wp:featuredmedia":[{"embeddable":true,"href":"https:\/\/escoladigital.madeira.gov.pt\/eb1marocossantoserra\/wp-json\/wp\/v2\/media\/513"}],"wp:attachment":[{"href":"https:\/\/escoladigital.madeira.gov.pt\/eb1marocossantoserra\/wp-json\/wp\/v2\/media?parent=510"}],"wp:term":[{"taxonomy":"category","embeddable":true,"href":"https:\/\/escoladigital.madeira.gov.pt\/eb1marocossantoserra\/wp-json\/wp\/v2\/categories?post=510"},{"taxonomy":"post_tag","embeddable":true,"href":"https:\/\/escoladigital.madeira.gov.pt\/eb1marocossantoserra\/wp-json\/wp\/v2\/tags?post=510"}],"curies":[{"name":"wp","href":"https:\/\/api.w.org\/{rel}","templated":true}]}}