{"id":989,"date":"2026-03-30T17:42:57","date_gmt":"2026-03-30T17:42:57","guid":{"rendered":"https:\/\/escoladigital.madeira.gov.pt\/eb1marocossantoserra\/?p=989"},"modified":"2026-03-30T18:39:27","modified_gmt":"2026-03-30T18:39:27","slug":"alista-te-por-um-dia","status":"publish","type":"post","link":"https:\/\/escoladigital.madeira.gov.pt\/eb1marocossantoserra\/2026\/03\/30\/alista-te-por-um-dia\/","title":{"rendered":"Alista-te por Um Dia"},"content":{"rendered":"\n<p>A atividade \u201cAlista-te por Um Dia\u201d \u00e9 uma iniciativa desenvolvida em parceria entre o Minist\u00e9rio da Defesa Nacional, o Estado-Maior General das For\u00e7as Armadas, o Comando Operacional da Madeira e a Secretaria Regional de Educa\u00e7\u00e3o, Ci\u00eancia e Tecnologia, atrav\u00e9s da Dire\u00e7\u00e3o Regional de Educa\u00e7\u00e3o, dirigida a todos os alunos do 4.\u00ba ano de escolaridade do 1.\u00ba Ciclo do Ensino B\u00e1sico da Regi\u00e3o Aut\u00f3noma da Madeira.<\/p>\n\n\n\n<p>Inserido na tem\u00e1tica de Educa\u00e7\u00e3o para a Cidadania, este projeto pretende dar a conhecer os \u00f3rg\u00e3os e estruturas de defesa que contribuem para a afirma\u00e7\u00e3o e preserva\u00e7\u00e3o dos direitos e liberdades de todos os cidad\u00e3os portugueses e a natureza e finalidade das suas atividades nos dias de hoje, com o intuito de desenvolver nos nossos alunos conhecimentos, capacidades, atitudes e valores de preserva\u00e7\u00e3o da seguran\u00e7a, da defesa e da paz.<\/p>\n\n\n\n<p>&nbsp;&nbsp;&nbsp;&nbsp;&nbsp;&nbsp;&nbsp; No passado dia 5 de mar\u00e7o de 2026, um grupo de alunos do 4\u00ba ano da nossa escola e da EB1\/PEC de \u00c1gua de Pena, acompanhados respetivamente pelos professores respons\u00e1veis, participou nas atividades promovidas no \u00e2mbito deste projeto, proporcionadoras de um contacto direto com as diferentes vertentes da vida militar.<\/p>\n\n\n\n<p>&nbsp;&nbsp;&nbsp;&nbsp;&nbsp;&nbsp;&nbsp;&nbsp;&nbsp;&nbsp;&nbsp; Durante o dia, tiveram a oportunidade \u00fanica de explorarem de forma pedag\u00f3gica e envolvente o mundo das For\u00e7as Armadas. Tiveram a possibilidade de visitar o Regimento de Guarni\u00e7\u00e3o n\u00ba3, o Comando Operacional da Madeira, o Navio da Rep\u00fablica Portuguesa \u201cZaire\u201d e andar num bote da Marinha na ba\u00eda do Funchal.<\/p>\n\n\n\n<p>&nbsp;&nbsp;&nbsp;&nbsp;&nbsp;&nbsp;&nbsp;&nbsp;&nbsp;&nbsp;&nbsp; Ao longo da visita, puderam interagir com v\u00e1rias \u00e1reas de atua\u00e7\u00e3o das For\u00e7as Armadas nos seus tr\u00eas ramos (Ex\u00e9rcito, For\u00e7a A\u00e9rea e Marinha), tais como i\u00e7ar a bandeira portuguesa, visitar as trincheiras, interagir com alguns equipamentos, receber instru\u00e7\u00f5es de n\u00f3s e amarra\u00e7\u00f5es, receber um batismo de mar, de forma a observar de perto o rigor, a disciplina e a diversidade de fun\u00e7\u00f5es desempenhadas por quem serve o pa\u00eds.<\/p>\n\n\n\n<p>Foi, sem d\u00favida, uma experi\u00eancia enriquecedora que contribuiu para uma maior valoriza\u00e7\u00e3o do papel das For\u00e7as Armadas na defesa, na seguran\u00e7a e no apoio \u00e0 popula\u00e7\u00e3o da Regi\u00e3o Aut\u00f3noma da Madeira.<\/p>\n\n\n\n<div class=\"wp-block-group is-layout-grid wp-container-core-group-is-layout-478b6e6b wp-block-group-is-layout-grid\">\n<div class=\"wp-block-group wp-container-content-69bc4bdf is-layout-grid wp-container-core-group-is-layout-478b6e6b wp-block-group-is-layout-grid\">\n<figure class=\"wp-block-gallery has-nested-images columns-default is-cropped wp-block-gallery-1 is-layout-flex wp-block-gallery-is-layout-flex\">\n<figure class=\"wp-block-image size-large\"><img fetchpriority=\"high\" decoding=\"async\" width=\"1024\" height=\"768\" data-id=\"991\" src=\"https:\/\/escoladigital.madeira.gov.pt\/eb1marocossantoserra\/wp-content\/uploads\/sites\/76\/2026\/03\/1-2-1024x768.jpeg\" alt=\"\" class=\"wp-image-991\" srcset=\"https:\/\/escoladigital.madeira.gov.pt\/eb1marocossantoserra\/wp-content\/uploads\/sites\/76\/2026\/03\/1-2-1024x768.jpeg 1024w, https:\/\/escoladigital.madeira.gov.pt\/eb1marocossantoserra\/wp-content\/uploads\/sites\/76\/2026\/03\/1-2-300x225.jpeg 300w, https:\/\/escoladigital.madeira.gov.pt\/eb1marocossantoserra\/wp-content\/uploads\/sites\/76\/2026\/03\/1-2-768x576.jpeg 768w, https:\/\/escoladigital.madeira.gov.pt\/eb1marocossantoserra\/wp-content\/uploads\/sites\/76\/2026\/03\/1-2-1536x1152.jpeg 1536w, https:\/\/escoladigital.madeira.gov.pt\/eb1marocossantoserra\/wp-content\/uploads\/sites\/76\/2026\/03\/1-2.jpeg 2016w\" sizes=\"(max-width: 1024px) 100vw, 1024px\" \/><\/figure>\n<\/figure>\n<\/div>\n\n\n\n<figure class=\"wp-block-gallery has-nested-images columns-default is-cropped wp-block-gallery-2 is-layout-flex wp-block-gallery-is-layout-flex\">\n<figure class=\"wp-block-image size-large\"><img decoding=\"async\" width=\"768\" height=\"1024\" data-id=\"993\" src=\"https:\/\/escoladigital.madeira.gov.pt\/eb1marocossantoserra\/wp-content\/uploads\/sites\/76\/2026\/03\/2-4-768x1024.jpeg\" alt=\"\" class=\"wp-image-993\" srcset=\"https:\/\/escoladigital.madeira.gov.pt\/eb1marocossantoserra\/wp-content\/uploads\/sites\/76\/2026\/03\/2-4-768x1024.jpeg 768w, https:\/\/escoladigital.madeira.gov.pt\/eb1marocossantoserra\/wp-content\/uploads\/sites\/76\/2026\/03\/2-4-225x300.jpeg 225w, https:\/\/escoladigital.madeira.gov.pt\/eb1marocossantoserra\/wp-content\/uploads\/sites\/76\/2026\/03\/2-4-1152x1536.jpeg 1152w, https:\/\/escoladigital.madeira.gov.pt\/eb1marocossantoserra\/wp-content\/uploads\/sites\/76\/2026\/03\/2-4.jpeg 1512w\" sizes=\"(max-width: 768px) 100vw, 768px\" \/><\/figure>\n\n\n\n<figure class=\"wp-block-image size-large\"><img decoding=\"async\" width=\"768\" height=\"1024\" data-id=\"992\" src=\"https:\/\/escoladigital.madeira.gov.pt\/eb1marocossantoserra\/wp-content\/uploads\/sites\/76\/2026\/03\/3-4-768x1024.jpeg\" alt=\"\" class=\"wp-image-992\" srcset=\"https:\/\/escoladigital.madeira.gov.pt\/eb1marocossantoserra\/wp-content\/uploads\/sites\/76\/2026\/03\/3-4-768x1024.jpeg 768w, https:\/\/escoladigital.madeira.gov.pt\/eb1marocossantoserra\/wp-content\/uploads\/sites\/76\/2026\/03\/3-4-225x300.jpeg 225w, https:\/\/escoladigital.madeira.gov.pt\/eb1marocossantoserra\/wp-content\/uploads\/sites\/76\/2026\/03\/3-4-1152x1536.jpeg 1152w, https:\/\/escoladigital.madeira.gov.pt\/eb1marocossantoserra\/wp-content\/uploads\/sites\/76\/2026\/03\/3-4.jpeg 1200w\" sizes=\"(max-width: 768px) 100vw, 768px\" \/><\/figure>\n<\/figure>\n<\/div>\n","protected":false},"excerpt":{"rendered":"<p>A atividade \u201cAlista-te por Um Dia\u201d \u00e9 uma iniciativa desenvolvida em parceria entre o Minist\u00e9rio da Defesa Nacional, o Estado-Maior [&hellip;]<\/p>\n","protected":false},"author":106,"featured_media":994,"comment_status":"closed","ping_status":"closed","sticky":false,"template":"","format":"standard","meta":{"site-sidebar-layout":"default","site-content-layout":"","ast-site-content-layout":"default","site-content-style":"default","site-sidebar-style":"default","ast-global-header-display":"","ast-banner-title-visibility":"","ast-main-header-display":"","ast-hfb-above-header-display":"","ast-hfb-below-header-display":"","ast-hfb-mobile-header-display":"","site-post-title":"","ast-breadcrumbs-content":"","ast-featured-img":"","footer-sml-layout":"","ast-disable-related-posts":"","theme-transparent-header-meta":"","adv-header-id-meta":"","stick-header-meta":"","header-above-stick-meta":"","header-main-stick-meta":"","header-below-stick-meta":"","astra-migrate-meta-layouts":"default","ast-page-background-enabled":"default","ast-page-background-meta":{"desktop":{"background-color":"var(--ast-global-color-5)","background-image":"","background-repeat":"repeat","background-position":"center center","background-size":"auto","background-attachment":"scroll","background-type":"","background-media":"","overlay-type":"","overlay-color":"","overlay-opacity":"","overlay-gradient":""},"tablet":{"background-color":"","background-image":"","background-repeat":"repeat","background-position":"center center","background-size":"auto","background-attachment":"scroll","background-type":"","background-media":"","overlay-type":"","overlay-color":"","overlay-opacity":"","overlay-gradient":""},"mobile":{"background-color":"","background-image":"","background-repeat":"repeat","background-position":"center center","background-size":"auto","background-attachment":"scroll","background-type":"","background-media":"","overlay-type":"","overlay-color":"","overlay-opacity":"","overlay-gradient":""}},"ast-content-background-meta":{"desktop":{"background-color":"var(--ast-global-color-4)","background-image":"","background-repeat":"repeat","background-position":"center center","background-size":"auto","background-attachment":"scroll","background-type":"","background-media":"","overlay-type":"","overlay-color":"","overlay-opacity":"","overlay-gradient":""},"tablet":{"background-color":"var(--ast-global-color-4)","background-image":"","background-repeat":"repeat","background-position":"center center","background-size":"auto","background-attachment":"scroll","background-type":"","background-media":"","overlay-type":"","overlay-color":"","overlay-opacity":"","overlay-gradient":""},"mobile":{"background-color":"var(--ast-global-color-4)","background-image":"","background-repeat":"repeat","background-position":"center center","background-size":"auto","background-attachment":"scroll","background-type":"","background-media":"","overlay-type":"","overlay-color":"","overlay-opacity":"","overlay-gradient":""}},"_themeisle_gutenberg_block_has_review":false,"footnotes":""},"categories":[5],"tags":[],"class_list":["post-989","post","type-post","status-publish","format-standard","has-post-thumbnail","hentry","category-noticias"],"_links":{"self":[{"href":"https:\/\/escoladigital.madeira.gov.pt\/eb1marocossantoserra\/wp-json\/wp\/v2\/posts\/989","targetHints":{"allow":["GET"]}}],"collection":[{"href":"https:\/\/escoladigital.madeira.gov.pt\/eb1marocossantoserra\/wp-json\/wp\/v2\/posts"}],"about":[{"href":"https:\/\/escoladigital.madeira.gov.pt\/eb1marocossantoserra\/wp-json\/wp\/v2\/types\/post"}],"author":[{"embeddable":true,"href":"https:\/\/escoladigital.madeira.gov.pt\/eb1marocossantoserra\/wp-json\/wp\/v2\/users\/106"}],"replies":[{"embeddable":true,"href":"https:\/\/escoladigital.madeira.gov.pt\/eb1marocossantoserra\/wp-json\/wp\/v2\/comments?post=989"}],"version-history":[{"count":1,"href":"https:\/\/escoladigital.madeira.gov.pt\/eb1marocossantoserra\/wp-json\/wp\/v2\/posts\/989\/revisions"}],"predecessor-version":[{"id":995,"href":"https:\/\/escoladigital.madeira.gov.pt\/eb1marocossantoserra\/wp-json\/wp\/v2\/posts\/989\/revisions\/995"}],"wp:featuredmedia":[{"embeddable":true,"href":"https:\/\/escoladigital.madeira.gov.pt\/eb1marocossantoserra\/wp-json\/wp\/v2\/media\/994"}],"wp:attachment":[{"href":"https:\/\/escoladigital.madeira.gov.pt\/eb1marocossantoserra\/wp-json\/wp\/v2\/media?parent=989"}],"wp:term":[{"taxonomy":"category","embeddable":true,"href":"https:\/\/escoladigital.madeira.gov.pt\/eb1marocossantoserra\/wp-json\/wp\/v2\/categories?post=989"},{"taxonomy":"post_tag","embeddable":true,"href":"https:\/\/escoladigital.madeira.gov.pt\/eb1marocossantoserra\/wp-json\/wp\/v2\/tags?post=989"}],"curies":[{"name":"wp","href":"https:\/\/api.w.org\/{rel}","templated":true}]}}