{"id":1097,"date":"2025-12-14T15:36:51","date_gmt":"2025-12-14T15:36:51","guid":{"rendered":"https:\/\/escoladigital.madeira.gov.pt\/eb1peboliqueime\/?p=1097"},"modified":"2025-12-16T14:02:14","modified_gmt":"2025-12-16T14:02:14","slug":"acao-de-sensibilizacao-sobre-a-biodiversidade-insular","status":"publish","type":"post","link":"https:\/\/escoladigital.madeira.gov.pt\/eb1peboliqueime\/2025\/12\/14\/acao-de-sensibilizacao-sobre-a-biodiversidade-insular\/","title":{"rendered":"A\u00e7\u00e3o de sensibiliza\u00e7\u00e3o sobre a biodiversidade insular"},"content":{"rendered":"\n<p>No \u00e2mbito do projeto &#8220;Vamos conhecer a flora da Madeira?&#8221;, da responsabilidade do Instituto das Florestas e Conserva\u00e7\u00e3o da Natureza, IP-RAM, a nossa escola recebeu a visita da docente Cristina S\u00e1, que dinamizou uma a\u00e7\u00e3o de sensibiliza\u00e7\u00e3o sobre a biodiversidade insular e explicou como o projeto ser\u00e1 desenvolvido ao longo do ano letivo.<\/p>\n\n\n\n<p>Antes de terminar, a docente ofereceu uma planta, gentilmente cedida pelo viveiro Florestal do IFCN, IP-RAM, e os alunos assumiram o compromisso <a><\/a>de cuidar dela na sala de aula, simbolizando o envolvimento e a responsabilidade ambiental de todos.<\/p>\n\n\n\n<p>Esta foi uma experi\u00eancia profundamente enriquecedora, que despertou nos alunos o interesse pela preserva\u00e7\u00e3o da natureza e pelo conhecimento da flora madeirense.<\/p>\n\n\n\n<div class=\"wp-block-columns is-layout-flex wp-container-core-columns-is-layout-28f84493 wp-block-columns-is-layout-flex\">\n<div class=\"wp-block-column is-layout-flow wp-block-column-is-layout-flow\" style=\"flex-basis:25%\"><\/div>\n\n\n\n<div class=\"wp-block-column is-layout-flow wp-block-column-is-layout-flow\" style=\"flex-basis:50%\">\n<figure class=\"wp-block-image size-large\"><img fetchpriority=\"high\" decoding=\"async\" width=\"1024\" height=\"578\" src=\"https:\/\/escoladigital.madeira.gov.pt\/eb1peboliqueime\/wp-content\/uploads\/sites\/41\/2025\/12\/Acao-Sensibilizacao-Biodiversidade-insular-1024x578.png\" alt=\"\" class=\"wp-image-1098\" srcset=\"https:\/\/escoladigital.madeira.gov.pt\/eb1peboliqueime\/wp-content\/uploads\/sites\/41\/2025\/12\/Acao-Sensibilizacao-Biodiversidade-insular-1024x578.png 1024w, https:\/\/escoladigital.madeira.gov.pt\/eb1peboliqueime\/wp-content\/uploads\/sites\/41\/2025\/12\/Acao-Sensibilizacao-Biodiversidade-insular-300x169.png 300w, https:\/\/escoladigital.madeira.gov.pt\/eb1peboliqueime\/wp-content\/uploads\/sites\/41\/2025\/12\/Acao-Sensibilizacao-Biodiversidade-insular-768x434.png 768w, https:\/\/escoladigital.madeira.gov.pt\/eb1peboliqueime\/wp-content\/uploads\/sites\/41\/2025\/12\/Acao-Sensibilizacao-Biodiversidade-insular.png 1240w\" sizes=\"(max-width: 1024px) 100vw, 1024px\" \/><\/figure>\n<\/div>\n\n\n\n<div class=\"wp-block-column is-layout-flow wp-block-column-is-layout-flow\" style=\"flex-basis:25%\"><\/div>\n<\/div>\n","protected":false},"excerpt":{"rendered":"<p>No \u00e2mbito do projeto &#8220;Vamos conhecer a flora da Madeira?&#8221;, da responsabilidade do Instituto das Florestas e Conserva\u00e7\u00e3o da Natureza, [&hellip;]<\/p>\n","protected":false},"author":54,"featured_media":1098,"comment_status":"closed","ping_status":"closed","sticky":false,"template":"","format":"standard","meta":{"site-sidebar-layout":"default","site-content-layout":"","ast-site-content-layout":"default","site-content-style":"default","site-sidebar-style":"default","ast-global-header-display":"","ast-banner-title-visibility":"","ast-main-header-display":"","ast-hfb-above-header-display":"","ast-hfb-below-header-display":"","ast-hfb-mobile-header-display":"","site-post-title":"","ast-breadcrumbs-content":"","ast-featured-img":"","footer-sml-layout":"","ast-disable-related-posts":"","theme-transparent-header-meta":"","adv-header-id-meta":"","stick-header-meta":"","header-above-stick-meta":"","header-main-stick-meta":"","header-below-stick-meta":"","astra-migrate-meta-layouts":"default","ast-page-background-enabled":"default","ast-page-background-meta":{"desktop":{"background-color":"var(--ast-global-color-4)","background-image":"","background-repeat":"repeat","background-position":"center center","background-size":"auto","background-attachment":"scroll","background-type":"","background-media":"","overlay-type":"","overlay-color":"","overlay-opacity":"","overlay-gradient":""},"tablet":{"background-color":"","background-image":"","background-repeat":"repeat","background-position":"center center","background-size":"auto","background-attachment":"scroll","background-type":"","background-media":"","overlay-type":"","overlay-color":"","overlay-opacity":"","overlay-gradient":""},"mobile":{"background-color":"","background-image":"","background-repeat":"repeat","background-position":"center center","background-size":"auto","background-attachment":"scroll","background-type":"","background-media":"","overlay-type":"","overlay-color":"","overlay-opacity":"","overlay-gradient":""}},"ast-content-background-meta":{"desktop":{"background-color":"var(--ast-global-color-5)","background-image":"","background-repeat":"repeat","background-position":"center center","background-size":"auto","background-attachment":"scroll","background-type":"","background-media":"","overlay-type":"","overlay-color":"","overlay-opacity":"","overlay-gradient":""},"tablet":{"background-color":"var(--ast-global-color-5)","background-image":"","background-repeat":"repeat","background-position":"center center","background-size":"auto","background-attachment":"scroll","background-type":"","background-media":"","overlay-type":"","overlay-color":"","overlay-opacity":"","overlay-gradient":""},"mobile":{"background-color":"var(--ast-global-color-5)","background-image":"","background-repeat":"repeat","background-position":"center center","background-size":"auto","background-attachment":"scroll","background-type":"","background-media":"","overlay-type":"","overlay-color":"","overlay-opacity":"","overlay-gradient":""}},"_themeisle_gutenberg_block_has_review":false,"footnotes":""},"categories":[24],"tags":[13],"class_list":["post-1097","post","type-post","status-publish","format-standard","has-post-thumbnail","hentry","category-workshops-formacao","tag-2-o-ano"],"_links":{"self":[{"href":"https:\/\/escoladigital.madeira.gov.pt\/eb1peboliqueime\/wp-json\/wp\/v2\/posts\/1097","targetHints":{"allow":["GET"]}}],"collection":[{"href":"https:\/\/escoladigital.madeira.gov.pt\/eb1peboliqueime\/wp-json\/wp\/v2\/posts"}],"about":[{"href":"https:\/\/escoladigital.madeira.gov.pt\/eb1peboliqueime\/wp-json\/wp\/v2\/types\/post"}],"author":[{"embeddable":true,"href":"https:\/\/escoladigital.madeira.gov.pt\/eb1peboliqueime\/wp-json\/wp\/v2\/users\/54"}],"replies":[{"embeddable":true,"href":"https:\/\/escoladigital.madeira.gov.pt\/eb1peboliqueime\/wp-json\/wp\/v2\/comments?post=1097"}],"version-history":[{"count":1,"href":"https:\/\/escoladigital.madeira.gov.pt\/eb1peboliqueime\/wp-json\/wp\/v2\/posts\/1097\/revisions"}],"predecessor-version":[{"id":1099,"href":"https:\/\/escoladigital.madeira.gov.pt\/eb1peboliqueime\/wp-json\/wp\/v2\/posts\/1097\/revisions\/1099"}],"wp:featuredmedia":[{"embeddable":true,"href":"https:\/\/escoladigital.madeira.gov.pt\/eb1peboliqueime\/wp-json\/wp\/v2\/media\/1098"}],"wp:attachment":[{"href":"https:\/\/escoladigital.madeira.gov.pt\/eb1peboliqueime\/wp-json\/wp\/v2\/media?parent=1097"}],"wp:term":[{"taxonomy":"category","embeddable":true,"href":"https:\/\/escoladigital.madeira.gov.pt\/eb1peboliqueime\/wp-json\/wp\/v2\/categories?post=1097"},{"taxonomy":"post_tag","embeddable":true,"href":"https:\/\/escoladigital.madeira.gov.pt\/eb1peboliqueime\/wp-json\/wp\/v2\/tags?post=1097"}],"curies":[{"name":"wp","href":"https:\/\/api.w.org\/{rel}","templated":true}]}}