{"id":1233,"date":"2025-12-14T22:33:44","date_gmt":"2025-12-14T22:33:44","guid":{"rendered":"https:\/\/escoladigital.madeira.gov.pt\/eb1peboliqueime\/?p=1233"},"modified":"2025-12-16T13:45:24","modified_gmt":"2025-12-16T13:45:24","slug":"aniversario-da-convencao-dos-direitos-da-crianca","status":"publish","type":"post","link":"https:\/\/escoladigital.madeira.gov.pt\/eb1peboliqueime\/2025\/12\/14\/aniversario-da-convencao-dos-direitos-da-crianca\/","title":{"rendered":"Anivers\u00e1rio da Conven\u00e7\u00e3o dos Direitos da Crian\u00e7a"},"content":{"rendered":"\n<p>20\/11\/2025<\/p>\n\n\n\n<p>Os alunos do 3.\u00ba Ano participaram num debate no \u00e2mbito das comemora\u00e7\u00f5es do anivers\u00e1rio da Conven\u00e7\u00e3o dos Direitos da Crian\u00e7a no Plaza, dinamizado pela C\u00e2mara Municipal do Funchal.<\/p>\n\n\n\n<figure class=\"wp-block-image size-large\"><img fetchpriority=\"high\" decoding=\"async\" width=\"1024\" height=\"768\" src=\"https:\/\/escoladigital.madeira.gov.pt\/eb1peboliqueime\/wp-content\/uploads\/sites\/41\/2025\/12\/direito-das-criancas-1024x768.jpg\" alt=\"\" class=\"wp-image-1234\" srcset=\"https:\/\/escoladigital.madeira.gov.pt\/eb1peboliqueime\/wp-content\/uploads\/sites\/41\/2025\/12\/direito-das-criancas-1024x768.jpg 1024w, https:\/\/escoladigital.madeira.gov.pt\/eb1peboliqueime\/wp-content\/uploads\/sites\/41\/2025\/12\/direito-das-criancas-300x225.jpg 300w, https:\/\/escoladigital.madeira.gov.pt\/eb1peboliqueime\/wp-content\/uploads\/sites\/41\/2025\/12\/direito-das-criancas-768x576.jpg 768w, https:\/\/escoladigital.madeira.gov.pt\/eb1peboliqueime\/wp-content\/uploads\/sites\/41\/2025\/12\/direito-das-criancas-1536x1152.jpg 1536w, https:\/\/escoladigital.madeira.gov.pt\/eb1peboliqueime\/wp-content\/uploads\/sites\/41\/2025\/12\/direito-das-criancas.jpg 2048w\" sizes=\"(max-width: 1024px) 100vw, 1024px\" \/><\/figure>\n","protected":false},"excerpt":{"rendered":"<p>20\/11\/2025 Os alunos do 3.\u00ba Ano participaram num debate no \u00e2mbito das comemora\u00e7\u00f5es do anivers\u00e1rio da Conven\u00e7\u00e3o dos Direitos da [&hellip;]<\/p>\n","protected":false},"author":54,"featured_media":1234,"comment_status":"closed","ping_status":"closed","sticky":false,"template":"","format":"standard","meta":{"site-sidebar-layout":"default","site-content-layout":"","ast-site-content-layout":"default","site-content-style":"default","site-sidebar-style":"default","ast-global-header-display":"","ast-banner-title-visibility":"","ast-main-header-display":"","ast-hfb-above-header-display":"","ast-hfb-below-header-display":"","ast-hfb-mobile-header-display":"","site-post-title":"","ast-breadcrumbs-content":"","ast-featured-img":"","footer-sml-layout":"","ast-disable-related-posts":"","theme-transparent-header-meta":"","adv-header-id-meta":"","stick-header-meta":"","header-above-stick-meta":"","header-main-stick-meta":"","header-below-stick-meta":"","astra-migrate-meta-layouts":"default","ast-page-background-enabled":"default","ast-page-background-meta":{"desktop":{"background-color":"var(--ast-global-color-4)","background-image":"","background-repeat":"repeat","background-position":"center center","background-size":"auto","background-attachment":"scroll","background-type":"","background-media":"","overlay-type":"","overlay-color":"","overlay-opacity":"","overlay-gradient":""},"tablet":{"background-color":"","background-image":"","background-repeat":"repeat","background-position":"center center","background-size":"auto","background-attachment":"scroll","background-type":"","background-media":"","overlay-type":"","overlay-color":"","overlay-opacity":"","overlay-gradient":""},"mobile":{"background-color":"","background-image":"","background-repeat":"repeat","background-position":"center center","background-size":"auto","background-attachment":"scroll","background-type":"","background-media":"","overlay-type":"","overlay-color":"","overlay-opacity":"","overlay-gradient":""}},"ast-content-background-meta":{"desktop":{"background-color":"var(--ast-global-color-5)","background-image":"","background-repeat":"repeat","background-position":"center center","background-size":"auto","background-attachment":"scroll","background-type":"","background-media":"","overlay-type":"","overlay-color":"","overlay-opacity":"","overlay-gradient":""},"tablet":{"background-color":"var(--ast-global-color-5)","background-image":"","background-repeat":"repeat","background-position":"center center","background-size":"auto","background-attachment":"scroll","background-type":"","background-media":"","overlay-type":"","overlay-color":"","overlay-opacity":"","overlay-gradient":""},"mobile":{"background-color":"var(--ast-global-color-5)","background-image":"","background-repeat":"repeat","background-position":"center center","background-size":"auto","background-attachment":"scroll","background-type":"","background-media":"","overlay-type":"","overlay-color":"","overlay-opacity":"","overlay-gradient":""}},"_themeisle_gutenberg_block_has_review":false,"footnotes":""},"categories":[19],"tags":[15],"class_list":["post-1233","post","type-post","status-publish","format-standard","has-post-thumbnail","hentry","category-atividades","tag-3-o-ano"],"_links":{"self":[{"href":"https:\/\/escoladigital.madeira.gov.pt\/eb1peboliqueime\/wp-json\/wp\/v2\/posts\/1233","targetHints":{"allow":["GET"]}}],"collection":[{"href":"https:\/\/escoladigital.madeira.gov.pt\/eb1peboliqueime\/wp-json\/wp\/v2\/posts"}],"about":[{"href":"https:\/\/escoladigital.madeira.gov.pt\/eb1peboliqueime\/wp-json\/wp\/v2\/types\/post"}],"author":[{"embeddable":true,"href":"https:\/\/escoladigital.madeira.gov.pt\/eb1peboliqueime\/wp-json\/wp\/v2\/users\/54"}],"replies":[{"embeddable":true,"href":"https:\/\/escoladigital.madeira.gov.pt\/eb1peboliqueime\/wp-json\/wp\/v2\/comments?post=1233"}],"version-history":[{"count":1,"href":"https:\/\/escoladigital.madeira.gov.pt\/eb1peboliqueime\/wp-json\/wp\/v2\/posts\/1233\/revisions"}],"predecessor-version":[{"id":1235,"href":"https:\/\/escoladigital.madeira.gov.pt\/eb1peboliqueime\/wp-json\/wp\/v2\/posts\/1233\/revisions\/1235"}],"wp:featuredmedia":[{"embeddable":true,"href":"https:\/\/escoladigital.madeira.gov.pt\/eb1peboliqueime\/wp-json\/wp\/v2\/media\/1234"}],"wp:attachment":[{"href":"https:\/\/escoladigital.madeira.gov.pt\/eb1peboliqueime\/wp-json\/wp\/v2\/media?parent=1233"}],"wp:term":[{"taxonomy":"category","embeddable":true,"href":"https:\/\/escoladigital.madeira.gov.pt\/eb1peboliqueime\/wp-json\/wp\/v2\/categories?post=1233"},{"taxonomy":"post_tag","embeddable":true,"href":"https:\/\/escoladigital.madeira.gov.pt\/eb1peboliqueime\/wp-json\/wp\/v2\/tags?post=1233"}],"curies":[{"name":"wp","href":"https:\/\/api.w.org\/{rel}","templated":true}]}}