{"id":1469,"date":"2026-02-13T21:23:15","date_gmt":"2026-02-13T21:23:15","guid":{"rendered":"https:\/\/escoladigital.madeira.gov.pt\/eb1peboliqueime\/?p=1469"},"modified":"2026-02-13T21:23:15","modified_gmt":"2026-02-13T21:23:15","slug":"concurso-de-criacao-do-logotipo-da-associacao-de-pais","status":"publish","type":"post","link":"https:\/\/escoladigital.madeira.gov.pt\/eb1peboliqueime\/2026\/02\/13\/concurso-de-criacao-do-logotipo-da-associacao-de-pais\/","title":{"rendered":"Concurso de Cria\u00e7\u00e3o do Logotipo da Associa\u00e7\u00e3o de Pais"},"content":{"rendered":"\n<p>Pais e alunos participaram com criatividade e dedica\u00e7\u00e3o na elabora\u00e7\u00e3o de desenhos para a cria\u00e7\u00e3o do logotipo oficial da Associa\u00e7\u00e3o de Pais e Encarregados de Educa\u00e7\u00e3o da EB1\/PE do <a href=\"https:\/\/www.facebook.com\/eb1peboliqueime?__cft__[0]=AZYnqKG029q0NgOscm9yceOPfAkOH2ptCeTDRqLryGRUALu1onkHv5Ykcfrlg4VCSyewiyDuSVtQ5FbOfOfqcuGMUVj3H7aOsW4nsrjmyZkjwrDHnfJR2Qeehlls1WKdpF7MaiyFtvu6inRVShYB-qJ5A5cqlkkC2KGhbRmvKZwxpw&amp;__tn__=-]K-R\">Boliqueime<\/a> , dando vida a propostas cheias de significado e identidade.<\/p>\n\n\n\n<p>Parab\u00e9ns a todos os participantes pelo empenho demostrados! <\/p>\n\n\n\n<figure class=\"wp-block-image size-large\"><img fetchpriority=\"high\" decoding=\"async\" width=\"1024\" height=\"768\" src=\"https:\/\/escoladigital.madeira.gov.pt\/eb1peboliqueime\/wp-content\/uploads\/sites\/41\/2026\/02\/IMG_6733-1024x768.jpeg\" alt=\"\" class=\"wp-image-1471\" srcset=\"https:\/\/escoladigital.madeira.gov.pt\/eb1peboliqueime\/wp-content\/uploads\/sites\/41\/2026\/02\/IMG_6733-1024x768.jpeg 1024w, https:\/\/escoladigital.madeira.gov.pt\/eb1peboliqueime\/wp-content\/uploads\/sites\/41\/2026\/02\/IMG_6733-300x225.jpeg 300w, https:\/\/escoladigital.madeira.gov.pt\/eb1peboliqueime\/wp-content\/uploads\/sites\/41\/2026\/02\/IMG_6733-768x576.jpeg 768w, https:\/\/escoladigital.madeira.gov.pt\/eb1peboliqueime\/wp-content\/uploads\/sites\/41\/2026\/02\/IMG_6733-1536x1152.jpeg 1536w, https:\/\/escoladigital.madeira.gov.pt\/eb1peboliqueime\/wp-content\/uploads\/sites\/41\/2026\/02\/IMG_6733-2048x1536.jpeg 2048w\" sizes=\"(max-width: 1024px) 100vw, 1024px\" \/><\/figure>\n\n\n\n<p><\/p>\n","protected":false},"excerpt":{"rendered":"<p>Pais e alunos participaram com criatividade e dedica\u00e7\u00e3o na elabora\u00e7\u00e3o de desenhos para a cria\u00e7\u00e3o do logotipo oficial da Associa\u00e7\u00e3o [&hellip;]<\/p>\n","protected":false},"author":54,"featured_media":1472,"comment_status":"closed","ping_status":"closed","sticky":false,"template":"","format":"standard","meta":{"site-sidebar-layout":"default","site-content-layout":"","ast-site-content-layout":"default","site-content-style":"default","site-sidebar-style":"default","ast-global-header-display":"","ast-banner-title-visibility":"","ast-main-header-display":"","ast-hfb-above-header-display":"","ast-hfb-below-header-display":"","ast-hfb-mobile-header-display":"","site-post-title":"","ast-breadcrumbs-content":"","ast-featured-img":"","footer-sml-layout":"","ast-disable-related-posts":"","theme-transparent-header-meta":"","adv-header-id-meta":"","stick-header-meta":"","header-above-stick-meta":"","header-main-stick-meta":"","header-below-stick-meta":"","astra-migrate-meta-layouts":"default","ast-page-background-enabled":"default","ast-page-background-meta":{"desktop":{"background-color":"var(--ast-global-color-4)","background-image":"","background-repeat":"repeat","background-position":"center center","background-size":"auto","background-attachment":"scroll","background-type":"","background-media":"","overlay-type":"","overlay-color":"","overlay-opacity":"","overlay-gradient":""},"tablet":{"background-color":"","background-image":"","background-repeat":"repeat","background-position":"center center","background-size":"auto","background-attachment":"scroll","background-type":"","background-media":"","overlay-type":"","overlay-color":"","overlay-opacity":"","overlay-gradient":""},"mobile":{"background-color":"","background-image":"","background-repeat":"repeat","background-position":"center center","background-size":"auto","background-attachment":"scroll","background-type":"","background-media":"","overlay-type":"","overlay-color":"","overlay-opacity":"","overlay-gradient":""}},"ast-content-background-meta":{"desktop":{"background-color":"var(--ast-global-color-5)","background-image":"","background-repeat":"repeat","background-position":"center center","background-size":"auto","background-attachment":"scroll","background-type":"","background-media":"","overlay-type":"","overlay-color":"","overlay-opacity":"","overlay-gradient":""},"tablet":{"background-color":"var(--ast-global-color-5)","background-image":"","background-repeat":"repeat","background-position":"center center","background-size":"auto","background-attachment":"scroll","background-type":"","background-media":"","overlay-type":"","overlay-color":"","overlay-opacity":"","overlay-gradient":""},"mobile":{"background-color":"var(--ast-global-color-5)","background-image":"","background-repeat":"repeat","background-position":"center center","background-size":"auto","background-attachment":"scroll","background-type":"","background-media":"","overlay-type":"","overlay-color":"","overlay-opacity":"","overlay-gradient":""}},"_themeisle_gutenberg_block_has_review":false,"footnotes":""},"categories":[5],"tags":[26],"class_list":["post-1469","post","type-post","status-publish","format-standard","has-post-thumbnail","hentry","category-escola","tag-pais"],"_links":{"self":[{"href":"https:\/\/escoladigital.madeira.gov.pt\/eb1peboliqueime\/wp-json\/wp\/v2\/posts\/1469","targetHints":{"allow":["GET"]}}],"collection":[{"href":"https:\/\/escoladigital.madeira.gov.pt\/eb1peboliqueime\/wp-json\/wp\/v2\/posts"}],"about":[{"href":"https:\/\/escoladigital.madeira.gov.pt\/eb1peboliqueime\/wp-json\/wp\/v2\/types\/post"}],"author":[{"embeddable":true,"href":"https:\/\/escoladigital.madeira.gov.pt\/eb1peboliqueime\/wp-json\/wp\/v2\/users\/54"}],"replies":[{"embeddable":true,"href":"https:\/\/escoladigital.madeira.gov.pt\/eb1peboliqueime\/wp-json\/wp\/v2\/comments?post=1469"}],"version-history":[{"count":1,"href":"https:\/\/escoladigital.madeira.gov.pt\/eb1peboliqueime\/wp-json\/wp\/v2\/posts\/1469\/revisions"}],"predecessor-version":[{"id":1473,"href":"https:\/\/escoladigital.madeira.gov.pt\/eb1peboliqueime\/wp-json\/wp\/v2\/posts\/1469\/revisions\/1473"}],"wp:featuredmedia":[{"embeddable":true,"href":"https:\/\/escoladigital.madeira.gov.pt\/eb1peboliqueime\/wp-json\/wp\/v2\/media\/1472"}],"wp:attachment":[{"href":"https:\/\/escoladigital.madeira.gov.pt\/eb1peboliqueime\/wp-json\/wp\/v2\/media?parent=1469"}],"wp:term":[{"taxonomy":"category","embeddable":true,"href":"https:\/\/escoladigital.madeira.gov.pt\/eb1peboliqueime\/wp-json\/wp\/v2\/categories?post=1469"},{"taxonomy":"post_tag","embeddable":true,"href":"https:\/\/escoladigital.madeira.gov.pt\/eb1peboliqueime\/wp-json\/wp\/v2\/tags?post=1469"}],"curies":[{"name":"wp","href":"https:\/\/api.w.org\/{rel}","templated":true}]}}