{"id":1325,"date":"2025-04-21T16:22:36","date_gmt":"2025-04-21T16:22:36","guid":{"rendered":"https:\/\/escoladigital.madeira.gov.pt\/eb1peccarreira\/?p=1325"},"modified":"2025-04-21T16:27:17","modified_gmt":"2025-04-21T16:27:17","slug":"regresso-as-aula-3-o-periodo-22-de-abril-de-2025","status":"publish","type":"post","link":"https:\/\/escoladigital.madeira.gov.pt\/eb1peccarreira\/2025\/04\/21\/regresso-as-aula-3-o-periodo-22-de-abril-de-2025\/","title":{"rendered":"Regresso \u00e0s aulas  &#8211; 3.\u00ba Per\u00edodo &#8211; 22 de abril de 2025"},"content":{"rendered":"\n<p class=\"has-text-align-left\">\u00c9 com grande alegria que damos inicio ao 3.\u00ba per\u00edodo no dia 22 de abril de 2025<\/p>\n\n\n\n<p class=\"has-text-align-left\"> Que cada dia de escola seja um passo em dire\u00e7\u00e3o a um futuro brilhante. Vamos nos inspirar uns aos outros, superar desafios e construir juntos um caminho de sucesso. Bom regresso a todos os docentes, alunos e pessoal n\u00e3o docente!<\/p>\n\n\n\n<figure class=\"wp-block-image aligncenter size-full is-resized\"><img fetchpriority=\"high\" decoding=\"async\" width=\"655\" height=\"491\" src=\"https:\/\/escoladigital.madeira.gov.pt\/eb1peccarreira\/wp-content\/uploads\/sites\/33\/2025\/04\/volta_as_aulas_c.webp.webp\" alt=\"\" class=\"wp-image-1326\" style=\"width:617px;height:auto\" srcset=\"https:\/\/escoladigital.madeira.gov.pt\/eb1peccarreira\/wp-content\/uploads\/sites\/33\/2025\/04\/volta_as_aulas_c.webp.webp 655w, https:\/\/escoladigital.madeira.gov.pt\/eb1peccarreira\/wp-content\/uploads\/sites\/33\/2025\/04\/volta_as_aulas_c.webp-300x225.webp 300w\" sizes=\"(max-width: 655px) 100vw, 655px\" \/><\/figure>\n\n\n\n<p><\/p>\n","protected":false},"excerpt":{"rendered":"<p>\u00c9 com grande alegria que damos inicio ao 3.\u00ba per\u00edodo no dia 22 de abril de 2025 Que cada dia de escola seja um passo em dire\u00e7\u00e3o a um futuro brilhante. Vamos nos inspirar uns aos outros, superar desafios e construir juntos um caminho de sucesso. Bom regresso a todos os docentes, alunos e pessoal &hellip; <\/p>\n<p class=\"link-more\"><a href=\"https:\/\/escoladigital.madeira.gov.pt\/eb1peccarreira\/2025\/04\/21\/regresso-as-aula-3-o-periodo-22-de-abril-de-2025\/\" class=\"more-link\">Read more<span class=\"screen-reader-text\"> &#8220;Regresso \u00e0s aulas  &#8211; 3.\u00ba Per\u00edodo &#8211; 22 de abril de 2025&#8221;<\/span><\/a><\/p>\n","protected":false},"author":44,"featured_media":1328,"comment_status":"closed","ping_status":"closed","sticky":false,"template":"","format":"standard","meta":{"_themeisle_gutenberg_block_has_review":false,"footnotes":""},"categories":[1],"tags":[],"class_list":["post-1325","post","type-post","status-publish","format-standard","has-post-thumbnail","hentry","category-uncategorized"],"_links":{"self":[{"href":"https:\/\/escoladigital.madeira.gov.pt\/eb1peccarreira\/wp-json\/wp\/v2\/posts\/1325","targetHints":{"allow":["GET"]}}],"collection":[{"href":"https:\/\/escoladigital.madeira.gov.pt\/eb1peccarreira\/wp-json\/wp\/v2\/posts"}],"about":[{"href":"https:\/\/escoladigital.madeira.gov.pt\/eb1peccarreira\/wp-json\/wp\/v2\/types\/post"}],"author":[{"embeddable":true,"href":"https:\/\/escoladigital.madeira.gov.pt\/eb1peccarreira\/wp-json\/wp\/v2\/users\/44"}],"replies":[{"embeddable":true,"href":"https:\/\/escoladigital.madeira.gov.pt\/eb1peccarreira\/wp-json\/wp\/v2\/comments?post=1325"}],"version-history":[{"count":3,"href":"https:\/\/escoladigital.madeira.gov.pt\/eb1peccarreira\/wp-json\/wp\/v2\/posts\/1325\/revisions"}],"predecessor-version":[{"id":1331,"href":"https:\/\/escoladigital.madeira.gov.pt\/eb1peccarreira\/wp-json\/wp\/v2\/posts\/1325\/revisions\/1331"}],"wp:featuredmedia":[{"embeddable":true,"href":"https:\/\/escoladigital.madeira.gov.pt\/eb1peccarreira\/wp-json\/wp\/v2\/media\/1328"}],"wp:attachment":[{"href":"https:\/\/escoladigital.madeira.gov.pt\/eb1peccarreira\/wp-json\/wp\/v2\/media?parent=1325"}],"wp:term":[{"taxonomy":"category","embeddable":true,"href":"https:\/\/escoladigital.madeira.gov.pt\/eb1peccarreira\/wp-json\/wp\/v2\/categories?post=1325"},{"taxonomy":"post_tag","embeddable":true,"href":"https:\/\/escoladigital.madeira.gov.pt\/eb1peccarreira\/wp-json\/wp\/v2\/tags?post=1325"}],"curies":[{"name":"wp","href":"https:\/\/api.w.org\/{rel}","templated":true}]}}