{"id":2418,"date":"2026-09-03T12:24:46","date_gmt":"2026-09-03T12:24:46","guid":{"rendered":"https:\/\/escoladigital.madeira.gov.pt\/eb1peccarreira\/?p=2418"},"modified":"2026-09-03T12:24:58","modified_gmt":"2026-09-03T12:24:58","slug":"estamos-de-volta","status":"publish","type":"post","link":"https:\/\/escoladigital.madeira.gov.pt\/eb1peccarreira\/2026\/09\/03\/estamos-de-volta\/","title":{"rendered":"ESTAMOS DE VOLTA!!!"},"content":{"rendered":"\n<h3 class=\"wp-block-heading\">\ud83c\udf08 Bem-vindos de volta \u00e0 escola!<\/h3>\n\n\n\n<p class=\"wp-block-paragraph\">Depois de umas merecidas f\u00e9rias de ver\u00e3o, \u00e9 tempo de regressarmos \u00e0 escola de&nbsp; Carvalhal e Carreira, de reencontrarmos amigos, professores e toda a comunidade educativa, trazendo novas energias, sorrisos e vontade de aprender.<\/p>\n\n\n\n<p class=\"wp-block-paragraph\">O in\u00edcio de um novo ano letivo \u00e9 sempre um momento especial: \u00e9 tempo de novos desafios, novas descobertas e muitas oportunidades para crescer, aprender e partilhar.<\/p>\n\n\n\n<p class=\"wp-block-paragraph\">Aos nossos alunos e restante comunidade educativa desejamos um ano cheio de curiosidade, entusiasmo, amizade e conquistas. Aos pais e encarregados de educa\u00e7\u00e3o, agradecemos desde j\u00e1 a confian\u00e7a para o sucesso e bem-estar das nossas crian\u00e7as.<\/p>\n\n\n\n<p class=\"wp-block-paragraph\"><strong>Juntos, faremos da escola de Carvalhal e Carreira um lugar onde cada crian\u00e7a se sinta feliz, valorizada e motivada para aprender.<\/strong><\/p>\n\n\n\n<p class=\"wp-block-paragraph\">Sejam todos muito bem-vindos a mais um ano letivo de 2026-2027!\\<\/p>\n\n\n\n<p class=\"wp-block-paragraph\"><strong>Que seja um ano de muitas aprendizagens, momentos felizes e mem\u00f3rias bonitas!<\/strong>&nbsp;<\/p>\n\n\n\n<figure class=\"wp-block-image size-large is-resized\"><img fetchpriority=\"high\" decoding=\"async\" width=\"683\" height=\"1024\" src=\"https:\/\/escoladigital.madeira.gov.pt\/eb1peccarreira\/wp-content\/uploads\/sites\/33\/2026\/09\/back-to-school-683x1024.jpg\" alt=\"\" class=\"wp-image-2419\" style=\"aspect-ratio:0.6669997858519523;width:864px;height:auto\" srcset=\"https:\/\/escoladigital.madeira.gov.pt\/eb1peccarreira\/wp-content\/uploads\/sites\/33\/2026\/09\/back-to-school-683x1024.jpg 683w, https:\/\/escoladigital.madeira.gov.pt\/eb1peccarreira\/wp-content\/uploads\/sites\/33\/2026\/09\/back-to-school-200x300.jpg 200w, https:\/\/escoladigital.madeira.gov.pt\/eb1peccarreira\/wp-content\/uploads\/sites\/33\/2026\/09\/back-to-school-768x1152.jpg 768w, https:\/\/escoladigital.madeira.gov.pt\/eb1peccarreira\/wp-content\/uploads\/sites\/33\/2026\/09\/back-to-school.jpg 1024w\" sizes=\"(max-width: 683px) 100vw, 683px\" \/><\/figure>\n\n\n\n<figure class=\"wp-block-image size-large is-resized\"><img decoding=\"async\" width=\"683\" height=\"1024\" src=\"https:\/\/escoladigital.madeira.gov.pt\/eb1peccarreira\/wp-content\/uploads\/sites\/33\/2026\/09\/back-to-school-1-683x1024.jpg\" alt=\"\" class=\"wp-image-2420\" style=\"aspect-ratio:0.6669991024234566;width:869px;height:auto\" srcset=\"https:\/\/escoladigital.madeira.gov.pt\/eb1peccarreira\/wp-content\/uploads\/sites\/33\/2026\/09\/back-to-school-1-683x1024.jpg 683w, https:\/\/escoladigital.madeira.gov.pt\/eb1peccarreira\/wp-content\/uploads\/sites\/33\/2026\/09\/back-to-school-1-200x300.jpg 200w, https:\/\/escoladigital.madeira.gov.pt\/eb1peccarreira\/wp-content\/uploads\/sites\/33\/2026\/09\/back-to-school-1-768x1152.jpg 768w, https:\/\/escoladigital.madeira.gov.pt\/eb1peccarreira\/wp-content\/uploads\/sites\/33\/2026\/09\/back-to-school-1.jpg 1024w\" sizes=\"(max-width: 683px) 100vw, 683px\" \/><\/figure>\n\n\n\n<p class=\"wp-block-paragraph\"><\/p>\n","protected":false},"excerpt":{"rendered":"<p>\ud83c\udf08 Bem-vindos de volta \u00e0 escola! Depois de umas merecidas f\u00e9rias de ver\u00e3o, \u00e9 tempo de regressarmos \u00e0 escola de&nbsp; Carvalhal e Carreira, de reencontrarmos amigos, professores e toda a comunidade educativa, trazendo novas energias, sorrisos e vontade de aprender. O in\u00edcio de um novo ano letivo \u00e9 sempre um momento especial: \u00e9 tempo de &hellip; <\/p>\n<p class=\"link-more\"><a href=\"https:\/\/escoladigital.madeira.gov.pt\/eb1peccarreira\/2026\/09\/03\/estamos-de-volta\/\" class=\"more-link\">Read more<span class=\"screen-reader-text\"> &#8220;ESTAMOS DE VOLTA!!!&#8221;<\/span><\/a><\/p>\n","protected":false},"author":44,"featured_media":2421,"comment_status":"closed","ping_status":"closed","sticky":false,"template":"","format":"standard","meta":{"_themeisle_gutenberg_block_has_review":false,"footnotes":"","_members_access_role":[],"_members_access_error":""},"categories":[1],"tags":[],"class_list":["post-2418","post","type-post","status-publish","format-standard","has-post-thumbnail","hentry","category-uncategorized"],"_links":{"self":[{"href":"https:\/\/escoladigital.madeira.gov.pt\/eb1peccarreira\/wp-json\/wp\/v2\/posts\/2418","targetHints":{"allow":["GET"]}}],"collection":[{"href":"https:\/\/escoladigital.madeira.gov.pt\/eb1peccarreira\/wp-json\/wp\/v2\/posts"}],"about":[{"href":"https:\/\/escoladigital.madeira.gov.pt\/eb1peccarreira\/wp-json\/wp\/v2\/types\/post"}],"author":[{"embeddable":true,"href":"https:\/\/escoladigital.madeira.gov.pt\/eb1peccarreira\/wp-json\/wp\/v2\/users\/44"}],"replies":[{"embeddable":true,"href":"https:\/\/escoladigital.madeira.gov.pt\/eb1peccarreira\/wp-json\/wp\/v2\/comments?post=2418"}],"version-history":[{"count":2,"href":"https:\/\/escoladigital.madeira.gov.pt\/eb1peccarreira\/wp-json\/wp\/v2\/posts\/2418\/revisions"}],"predecessor-version":[{"id":2423,"href":"https:\/\/escoladigital.madeira.gov.pt\/eb1peccarreira\/wp-json\/wp\/v2\/posts\/2418\/revisions\/2423"}],"wp:featuredmedia":[{"embeddable":true,"href":"https:\/\/escoladigital.madeira.gov.pt\/eb1peccarreira\/wp-json\/wp\/v2\/media\/2421"}],"wp:attachment":[{"href":"https:\/\/escoladigital.madeira.gov.pt\/eb1peccarreira\/wp-json\/wp\/v2\/media?parent=2418"}],"wp:term":[{"taxonomy":"category","embeddable":true,"href":"https:\/\/escoladigital.madeira.gov.pt\/eb1peccarreira\/wp-json\/wp\/v2\/categories?post=2418"},{"taxonomy":"post_tag","embeddable":true,"href":"https:\/\/escoladigital.madeira.gov.pt\/eb1peccarreira\/wp-json\/wp\/v2\/tags?post=2418"}],"curies":[{"name":"wp","href":"https:\/\/api.w.org\/{rel}","templated":true}]}}