{"id":812,"date":"2025-03-26T13:12:30","date_gmt":"2025-03-26T13:12:30","guid":{"rendered":"https:\/\/escoladigital.madeira.gov.pt\/eb1pefrocha\/?p=812"},"modified":"2025-03-26T13:13:17","modified_gmt":"2025-03-26T13:13:17","slug":"dia-da-arvore-dia-mundial-da-agua-efr-2025","status":"publish","type":"post","link":"https:\/\/escoladigital.madeira.gov.pt\/eb1pefrocha\/2025\/03\/26\/dia-da-arvore-dia-mundial-da-agua-efr-2025\/","title":{"rendered":"Dia da \u00c1rvore \/ Dia Mundial da \u00c1gua EFR 2025"},"content":{"rendered":"\n<p>No dia 21 de mar\u00e7o assinalou-se, na nossa escola, no turno da manh\u00e3, o Dia da \u00c1rvore e da Floresta com a planta\u00e7\u00e3o de \u00e1rvores na nossa horta, na qual participaram todos os alunos, do Pr\u00e9 escolar e do 1.\u00ba Ciclo. <\/p>\n\n\n\n<p>Com esta iniciativa pretendeu-se sensibilizar toda a comunidade para import\u00e2ncia destas para o equil\u00edbrio do ecossistema terrestre, bem como a necessidade da sua preserva\u00e7\u00e3o.<\/p>\n\n\n\n<div id=\"wp-block-themeisle-blocks-slider-cb5ebe2c\" class=\"wp-block-themeisle-blocks-slider glide\" data-per-view=\"1\" data-gap=\"0\" data-peek=\"0\" data-autoplay=\"true\" data-height=\"400px\" data-hide-arrows=\"false\"><div class=\"glide__track\" data-glide-el=\"track\"><div class=\"glide__slides\"><div class=\"wp-block-themeisle-blocks-slider-item-wrapper glide__slide\"><figure><img decoding=\"async\" class=\"wp-block-themeisle-blocks-slider-item\" src=\"https:\/\/escoladigital.madeira.gov.pt\/eb1pefrocha\/wp-content\/uploads\/sites\/63\/2025\/03\/1742566351052-scaled.jpg\" alt=\"\" title=\"\" data-id=\"815\" \/><\/figure><\/div><div class=\"wp-block-themeisle-blocks-slider-item-wrapper glide__slide\"><figure><img decoding=\"async\" class=\"wp-block-themeisle-blocks-slider-item\" src=\"https:\/\/escoladigital.madeira.gov.pt\/eb1pefrocha\/wp-content\/uploads\/sites\/63\/2025\/03\/1742566351049-scaled.jpg\" alt=\"\" title=\"\" data-id=\"819\" \/><\/figure><\/div><div class=\"wp-block-themeisle-blocks-slider-item-wrapper glide__slide\"><figure><img decoding=\"async\" class=\"wp-block-themeisle-blocks-slider-item\" src=\"https:\/\/escoladigital.madeira.gov.pt\/eb1pefrocha\/wp-content\/uploads\/sites\/63\/2025\/03\/1742566351055-scaled.jpg\" alt=\"\" title=\"\" data-id=\"816\" \/><\/figure><\/div><div class=\"wp-block-themeisle-blocks-slider-item-wrapper glide__slide\"><figure><img decoding=\"async\" class=\"wp-block-themeisle-blocks-slider-item\" src=\"https:\/\/escoladigital.madeira.gov.pt\/eb1pefrocha\/wp-content\/uploads\/sites\/63\/2025\/03\/1742566351062-scaled.jpg\" alt=\"\" title=\"\" data-id=\"820\" \/><\/figure><\/div><div class=\"wp-block-themeisle-blocks-slider-item-wrapper glide__slide\"><figure><img decoding=\"async\" class=\"wp-block-themeisle-blocks-slider-item\" src=\"https:\/\/escoladigital.madeira.gov.pt\/eb1pefrocha\/wp-content\/uploads\/sites\/63\/2025\/03\/1742566351065-scaled.jpg\" alt=\"\" title=\"\" data-id=\"817\" \/><\/figure><\/div><div class=\"wp-block-themeisle-blocks-slider-item-wrapper glide__slide\"><figure><img decoding=\"async\" class=\"wp-block-themeisle-blocks-slider-item\" src=\"https:\/\/escoladigital.madeira.gov.pt\/eb1pefrocha\/wp-content\/uploads\/sites\/63\/2025\/03\/1742566351077-scaled.jpg\" alt=\"\" title=\"\" data-id=\"818\" \/><\/figure><\/div><div class=\"wp-block-themeisle-blocks-slider-item-wrapper glide__slide\"><figure><img decoding=\"async\" class=\"wp-block-themeisle-blocks-slider-item\" src=\"https:\/\/escoladigital.madeira.gov.pt\/eb1pefrocha\/wp-content\/uploads\/sites\/63\/2025\/03\/1742566351083-scaled.jpg\" alt=\"\" title=\"\" data-id=\"826\" \/><\/figure><\/div><div class=\"wp-block-themeisle-blocks-slider-item-wrapper glide__slide\"><figure><img decoding=\"async\" class=\"wp-block-themeisle-blocks-slider-item\" src=\"https:\/\/escoladigital.madeira.gov.pt\/eb1pefrocha\/wp-content\/uploads\/sites\/63\/2025\/03\/1742566351087-scaled.jpg\" alt=\"\" title=\"\" data-id=\"823\" \/><\/figure><\/div><div class=\"wp-block-themeisle-blocks-slider-item-wrapper glide__slide\"><figure><img decoding=\"async\" class=\"wp-block-themeisle-blocks-slider-item\" src=\"https:\/\/escoladigital.madeira.gov.pt\/eb1pefrocha\/wp-content\/uploads\/sites\/63\/2025\/03\/1742566351092-scaled.jpg\" alt=\"\" title=\"\" data-id=\"821\" \/><\/figure><\/div><div class=\"wp-block-themeisle-blocks-slider-item-wrapper glide__slide\"><figure><img decoding=\"async\" class=\"wp-block-themeisle-blocks-slider-item\" src=\"https:\/\/escoladigital.madeira.gov.pt\/eb1pefrocha\/wp-content\/uploads\/sites\/63\/2025\/03\/1742566351104-scaled.jpg\" alt=\"\" title=\"\" data-id=\"822\" \/><\/figure><\/div><div class=\"wp-block-themeisle-blocks-slider-item-wrapper glide__slide\"><figure><img decoding=\"async\" class=\"wp-block-themeisle-blocks-slider-item\" src=\"https:\/\/escoladigital.madeira.gov.pt\/eb1pefrocha\/wp-content\/uploads\/sites\/63\/2025\/03\/1742566351109-scaled.jpg\" alt=\"\" title=\"\" data-id=\"824\" \/><\/figure><\/div><\/div><div class=\"glide__bullets\" data-glide-el=\"controls[nav]\"><button class=\"glide__bullet\" data-glide-dir=\"=0\"><\/button><button class=\"glide__bullet\" data-glide-dir=\"=1\"><\/button><button class=\"glide__bullet\" data-glide-dir=\"=2\"><\/button><button class=\"glide__bullet\" data-glide-dir=\"=3\"><\/button><button class=\"glide__bullet\" data-glide-dir=\"=4\"><\/button><button class=\"glide__bullet\" data-glide-dir=\"=5\"><\/button><button class=\"glide__bullet\" data-glide-dir=\"=6\"><\/button><button class=\"glide__bullet\" data-glide-dir=\"=7\"><\/button><button class=\"glide__bullet\" data-glide-dir=\"=8\"><\/button><button class=\"glide__bullet\" data-glide-dir=\"=9\"><\/button><button class=\"glide__bullet\" data-glide-dir=\"=10\"><\/button><\/div><\/div><\/div>\n\n\n\n<p><\/p>\n\n\n\n<p>No turno da tarde do mesmo dia, para comemorar o Dia da \u00c1gua, a sua relev\u00e2ncia para o planeta e todos os seus seres vivos, todas as turmas e grupos puderam ouvir a Doutora Marizela a falar-nos da \u00e1gua e a mostrar-nos v\u00e1rias experi\u00eancias envolvendo a mesma.<\/p>\n\n\n\n<figure class=\"wp-block-image size-large\"><img fetchpriority=\"high\" decoding=\"async\" width=\"1024\" height=\"575\" src=\"https:\/\/escoladigital.madeira.gov.pt\/eb1pefrocha\/wp-content\/uploads\/sites\/63\/2025\/03\/EXPERIENCIAS-COM-A-AGUA-1024x575.png\" alt=\"\" class=\"wp-image-827\" srcset=\"https:\/\/escoladigital.madeira.gov.pt\/eb1pefrocha\/wp-content\/uploads\/sites\/63\/2025\/03\/EXPERIENCIAS-COM-A-AGUA-1024x575.png 1024w, https:\/\/escoladigital.madeira.gov.pt\/eb1pefrocha\/wp-content\/uploads\/sites\/63\/2025\/03\/EXPERIENCIAS-COM-A-AGUA-300x168.png 300w, https:\/\/escoladigital.madeira.gov.pt\/eb1pefrocha\/wp-content\/uploads\/sites\/63\/2025\/03\/EXPERIENCIAS-COM-A-AGUA-768x431.png 768w, https:\/\/escoladigital.madeira.gov.pt\/eb1pefrocha\/wp-content\/uploads\/sites\/63\/2025\/03\/EXPERIENCIAS-COM-A-AGUA.png 1403w\" sizes=\"(max-width: 1024px) 100vw, 1024px\" \/><\/figure>\n","protected":false},"excerpt":{"rendered":"<p>No dia 21 de mar\u00e7o assinalou-se, na nossa escola, no turno da manh\u00e3, o Dia da \u00c1rvore e da Floresta [&hellip;]<\/p>\n","protected":false},"author":82,"featured_media":828,"comment_status":"closed","ping_status":"closed","sticky":false,"template":"","format":"standard","meta":{"site-sidebar-layout":"default","site-content-layout":"","ast-site-content-layout":"default","site-content-style":"default","site-sidebar-style":"default","ast-global-header-display":"","ast-banner-title-visibility":"","ast-main-header-display":"","ast-hfb-above-header-display":"","ast-hfb-below-header-display":"","ast-hfb-mobile-header-display":"","site-post-title":"","ast-breadcrumbs-content":"","ast-featured-img":"","footer-sml-layout":"","ast-disable-related-posts":"","theme-transparent-header-meta":"","adv-header-id-meta":"","stick-header-meta":"","header-above-stick-meta":"","header-main-stick-meta":"","header-below-stick-meta":"","astra-migrate-meta-layouts":"default","ast-page-background-enabled":"default","ast-page-background-meta":{"desktop":{"background-color":"var(--ast-global-color-5)","background-image":"","background-repeat":"repeat","background-position":"center center","background-size":"auto","background-attachment":"scroll","background-type":"","background-media":"","overlay-type":"","overlay-color":"","overlay-opacity":"","overlay-gradient":""},"tablet":{"background-color":"","background-image":"","background-repeat":"repeat","background-position":"center center","background-size":"auto","background-attachment":"scroll","background-type":"","background-media":"","overlay-type":"","overlay-color":"","overlay-opacity":"","overlay-gradient":""},"mobile":{"background-color":"","background-image":"","background-repeat":"repeat","background-position":"center center","background-size":"auto","background-attachment":"scroll","background-type":"","background-media":"","overlay-type":"","overlay-color":"","overlay-opacity":"","overlay-gradient":""}},"ast-content-background-meta":{"desktop":{"background-color":"var(--ast-global-color-4)","background-image":"","background-repeat":"repeat","background-position":"center center","background-size":"auto","background-attachment":"scroll","background-type":"","background-media":"","overlay-type":"","overlay-color":"","overlay-opacity":"","overlay-gradient":""},"tablet":{"background-color":"var(--ast-global-color-4)","background-image":"","background-repeat":"repeat","background-position":"center center","background-size":"auto","background-attachment":"scroll","background-type":"","background-media":"","overlay-type":"","overlay-color":"","overlay-opacity":"","overlay-gradient":""},"mobile":{"background-color":"var(--ast-global-color-4)","background-image":"","background-repeat":"repeat","background-position":"center center","background-size":"auto","background-attachment":"scroll","background-type":"","background-media":"","overlay-type":"","overlay-color":"","overlay-opacity":"","overlay-gradient":""}},"_themeisle_gutenberg_block_has_review":false,"footnotes":""},"categories":[15],"tags":[],"class_list":["post-812","post","type-post","status-publish","format-standard","has-post-thumbnail","hentry","category-eco-escolas-efr"],"_links":{"self":[{"href":"https:\/\/escoladigital.madeira.gov.pt\/eb1pefrocha\/wp-json\/wp\/v2\/posts\/812","targetHints":{"allow":["GET"]}}],"collection":[{"href":"https:\/\/escoladigital.madeira.gov.pt\/eb1pefrocha\/wp-json\/wp\/v2\/posts"}],"about":[{"href":"https:\/\/escoladigital.madeira.gov.pt\/eb1pefrocha\/wp-json\/wp\/v2\/types\/post"}],"author":[{"embeddable":true,"href":"https:\/\/escoladigital.madeira.gov.pt\/eb1pefrocha\/wp-json\/wp\/v2\/users\/82"}],"replies":[{"embeddable":true,"href":"https:\/\/escoladigital.madeira.gov.pt\/eb1pefrocha\/wp-json\/wp\/v2\/comments?post=812"}],"version-history":[{"count":2,"href":"https:\/\/escoladigital.madeira.gov.pt\/eb1pefrocha\/wp-json\/wp\/v2\/posts\/812\/revisions"}],"predecessor-version":[{"id":830,"href":"https:\/\/escoladigital.madeira.gov.pt\/eb1pefrocha\/wp-json\/wp\/v2\/posts\/812\/revisions\/830"}],"wp:featuredmedia":[{"embeddable":true,"href":"https:\/\/escoladigital.madeira.gov.pt\/eb1pefrocha\/wp-json\/wp\/v2\/media\/828"}],"wp:attachment":[{"href":"https:\/\/escoladigital.madeira.gov.pt\/eb1pefrocha\/wp-json\/wp\/v2\/media?parent=812"}],"wp:term":[{"taxonomy":"category","embeddable":true,"href":"https:\/\/escoladigital.madeira.gov.pt\/eb1pefrocha\/wp-json\/wp\/v2\/categories?post=812"},{"taxonomy":"post_tag","embeddable":true,"href":"https:\/\/escoladigital.madeira.gov.pt\/eb1pefrocha\/wp-json\/wp\/v2\/tags?post=812"}],"curies":[{"name":"wp","href":"https:\/\/api.w.org\/{rel}","templated":true}]}}