{"id":362,"date":"2025-07-15T21:41:14","date_gmt":"2025-07-15T21:41:14","guid":{"rendered":"https:\/\/escoladigital.madeira.gov.pt\/eb1peilheus\/?p=362"},"modified":"2025-07-15T21:41:14","modified_gmt":"2025-07-15T21:41:14","slug":"reuniao-geral-ano-letivo-2025-26","status":"publish","type":"post","link":"https:\/\/escoladigital.madeira.gov.pt\/eb1peilheus\/2025\/07\/15\/reuniao-geral-ano-letivo-2025-26\/","title":{"rendered":"Reuni\u00e3o Geral (ano letivo 2025\/26)"},"content":{"rendered":"\n<p>Informamos que no pr\u00f3ximo dia 5 de setembro, pelas 16h, ter\u00e1 lugar a Reuni\u00e3o Geral de Encarregados de Educa\u00e7\u00e3o de abertura do ano letivo, na cantina da escola.<\/p>\n\n\n\n<p>Solicita-se que apenas um Encarregado de Educa\u00e7\u00e3o por aluno esteja presente e que as crian\u00e7as n\u00e3o acompanhem os adultos, por se tratar de uma reuni\u00e3o informativa e orientadora que exige aten\u00e7\u00e3o e espa\u00e7o adequado.<\/p>\n\n\n\n<p>A vossa presen\u00e7a \u00e9 fundamental para o bom arranque do ano letivo.<br>Agradecemos, desde j\u00e1, a vossa compreens\u00e3o&nbsp;e&nbsp;colabora\u00e7\u00e3o.<\/p>\n\n\n\n<p><\/p>\n","protected":false},"excerpt":{"rendered":"<p>Informamos que no pr\u00f3ximo dia 5 de setembro, pelas 16h, ter\u00e1 lugar a Reuni\u00e3o Geral de Encarregados de Educa\u00e7\u00e3o de [&hellip;]<\/p>\n","protected":false},"author":80,"featured_media":0,"comment_status":"closed","ping_status":"closed","sticky":false,"template":"","format":"standard","meta":{"site-sidebar-layout":"default","site-content-layout":"","ast-site-content-layout":"default","site-content-style":"default","site-sidebar-style":"default","ast-global-header-display":"","ast-banner-title-visibility":"","ast-main-header-display":"","ast-hfb-above-header-display":"","ast-hfb-below-header-display":"","ast-hfb-mobile-header-display":"","site-post-title":"","ast-breadcrumbs-content":"","ast-featured-img":"","footer-sml-layout":"","ast-disable-related-posts":"","theme-transparent-header-meta":"","adv-header-id-meta":"","stick-header-meta":"","header-above-stick-meta":"","header-main-stick-meta":"","header-below-stick-meta":"","astra-migrate-meta-layouts":"default","ast-page-background-enabled":"default","ast-page-background-meta":{"desktop":{"background-color":"var(--ast-global-color-5)","background-image":"","background-repeat":"repeat","background-position":"center center","background-size":"auto","background-attachment":"scroll","background-type":"","background-media":"","overlay-type":"","overlay-color":"","overlay-opacity":"","overlay-gradient":""},"tablet":{"background-color":"","background-image":"","background-repeat":"repeat","background-position":"center center","background-size":"auto","background-attachment":"scroll","background-type":"","background-media":"","overlay-type":"","overlay-color":"","overlay-opacity":"","overlay-gradient":""},"mobile":{"background-color":"","background-image":"","background-repeat":"repeat","background-position":"center center","background-size":"auto","background-attachment":"scroll","background-type":"","background-media":"","overlay-type":"","overlay-color":"","overlay-opacity":"","overlay-gradient":""}},"ast-content-background-meta":{"desktop":{"background-color":"var(--ast-global-color-4)","background-image":"","background-repeat":"repeat","background-position":"center center","background-size":"auto","background-attachment":"scroll","background-type":"","background-media":"","overlay-type":"","overlay-color":"","overlay-opacity":"","overlay-gradient":""},"tablet":{"background-color":"var(--ast-global-color-4)","background-image":"","background-repeat":"repeat","background-position":"center center","background-size":"auto","background-attachment":"scroll","background-type":"","background-media":"","overlay-type":"","overlay-color":"","overlay-opacity":"","overlay-gradient":""},"mobile":{"background-color":"var(--ast-global-color-4)","background-image":"","background-repeat":"repeat","background-position":"center center","background-size":"auto","background-attachment":"scroll","background-type":"","background-media":"","overlay-type":"","overlay-color":"","overlay-opacity":"","overlay-gradient":""}},"_themeisle_gutenberg_block_has_review":false,"footnotes":""},"categories":[1],"tags":[],"class_list":["post-362","post","type-post","status-publish","format-standard","hentry","category-sem-categoria"],"_links":{"self":[{"href":"https:\/\/escoladigital.madeira.gov.pt\/eb1peilheus\/wp-json\/wp\/v2\/posts\/362","targetHints":{"allow":["GET"]}}],"collection":[{"href":"https:\/\/escoladigital.madeira.gov.pt\/eb1peilheus\/wp-json\/wp\/v2\/posts"}],"about":[{"href":"https:\/\/escoladigital.madeira.gov.pt\/eb1peilheus\/wp-json\/wp\/v2\/types\/post"}],"author":[{"embeddable":true,"href":"https:\/\/escoladigital.madeira.gov.pt\/eb1peilheus\/wp-json\/wp\/v2\/users\/80"}],"replies":[{"embeddable":true,"href":"https:\/\/escoladigital.madeira.gov.pt\/eb1peilheus\/wp-json\/wp\/v2\/comments?post=362"}],"version-history":[{"count":1,"href":"https:\/\/escoladigital.madeira.gov.pt\/eb1peilheus\/wp-json\/wp\/v2\/posts\/362\/revisions"}],"predecessor-version":[{"id":363,"href":"https:\/\/escoladigital.madeira.gov.pt\/eb1peilheus\/wp-json\/wp\/v2\/posts\/362\/revisions\/363"}],"wp:attachment":[{"href":"https:\/\/escoladigital.madeira.gov.pt\/eb1peilheus\/wp-json\/wp\/v2\/media?parent=362"}],"wp:term":[{"taxonomy":"category","embeddable":true,"href":"https:\/\/escoladigital.madeira.gov.pt\/eb1peilheus\/wp-json\/wp\/v2\/categories?post=362"},{"taxonomy":"post_tag","embeddable":true,"href":"https:\/\/escoladigital.madeira.gov.pt\/eb1peilheus\/wp-json\/wp\/v2\/tags?post=362"}],"curies":[{"name":"wp","href":"https:\/\/api.w.org\/{rel}","templated":true}]}}