{"id":850,"date":"2025-06-11T17:35:02","date_gmt":"2025-06-11T17:35:02","guid":{"rendered":"https:\/\/escoladigital.madeira.gov.pt\/eb1pelsjoaorb\/?p=850"},"modified":"2025-06-11T17:59:34","modified_gmt":"2025-06-11T17:59:34","slug":"acao-de-sensibilizacao-ambiental-o-valor-da-agua","status":"publish","type":"post","link":"https:\/\/escoladigital.madeira.gov.pt\/eb1pelsjoaorb\/2025\/06\/11\/acao-de-sensibilizacao-ambiental-o-valor-da-agua\/","title":{"rendered":"A\u00e7\u00e3o de sensibiliza\u00e7\u00e3o ambiental &#8220;O Valor da \u00c1gua&#8221;"},"content":{"rendered":"\n<p>No dia 11 de junho, a ARM \u2013 \u00c1guas e Res\u00edduos da Madeira dinamizou uma enriquecedora a\u00e7\u00e3o de sensibiliza\u00e7\u00e3o ambiental intitulada <strong>&#8220;O Valor da \u00c1gua&#8221;<\/strong>, dirigida \u00e0s turmas dos 3.<sup>\u00ba<\/sup> e 4.<sup>\u00ba<\/sup> anos de escolaridade.<\/p>\n\n\n\n<p>Esta iniciativa teve como principal objetivo promover a consciencializa\u00e7\u00e3o dos mais jovens para a import\u00e2ncia da \u00e1gua como recurso essencial e finito, incentivando atitudes respons\u00e1veis e sustent\u00e1veis no seu uso di\u00e1rio.<\/p>\n\n\n\n<p>Agradecemos, de forma especial, \u00e0 Encarregada de Educa\u00e7\u00e3o Marlene Pereira pela sugest\u00e3o desta atividade t\u00e3o pertinente, bem como \u00e0 T\u00e9cnica de Comunica\u00e7\u00e3o, Imagem e Educa\u00e7\u00e3o da ARM, Gorete Batista, pelo profissionalismo, dedica\u00e7\u00e3o e valioso contributo na concretiza\u00e7\u00e3o desta sess\u00e3o educativa.<\/p>\n\n\n\n<figure class=\"wp-block-video\"><video height=\"1080\" style=\"aspect-ratio: 1920 \/ 1080;\" width=\"1920\" controls src=\"https:\/\/escoladigital.madeira.gov.pt\/eb1pelsjoaorb\/wp-content\/uploads\/sites\/54\/2025\/06\/O-Valor-da-Agua.mp4\"><\/video><\/figure>\n\n\n\n<p><\/p>\n","protected":false},"excerpt":{"rendered":"<p>No dia 11 de junho, a ARM \u2013 \u00c1guas e Res\u00edduos da Madeira dinamizou uma enriquecedora a\u00e7\u00e3o de sensibiliza\u00e7\u00e3o ambiental intitulada &#8220;O Valor da \u00c1gua&#8221;, dirigida \u00e0s turmas dos 3.\u00ba e 4.\u00ba anos de escolaridade. Esta iniciativa teve como principal objetivo promover a consciencializa\u00e7\u00e3o dos mais jovens para a import\u00e2ncia da \u00e1gua como recurso essencial [&hellip;]<\/p>\n","protected":false},"author":70,"featured_media":853,"comment_status":"closed","ping_status":"closed","sticky":false,"template":"","format":"standard","meta":{"site-sidebar-layout":"default","site-content-layout":"","ast-site-content-layout":"default","site-content-style":"default","site-sidebar-style":"default","ast-global-header-display":"","ast-banner-title-visibility":"","ast-main-header-display":"","ast-hfb-above-header-display":"","ast-hfb-below-header-display":"","ast-hfb-mobile-header-display":"","site-post-title":"","ast-breadcrumbs-content":"","ast-featured-img":"","footer-sml-layout":"","ast-disable-related-posts":"","theme-transparent-header-meta":"","adv-header-id-meta":"","stick-header-meta":"","header-above-stick-meta":"","header-main-stick-meta":"","header-below-stick-meta":"","astra-migrate-meta-layouts":"default","ast-page-background-enabled":"default","ast-page-background-meta":{"desktop":{"background-color":"var(--ast-global-color-4)","background-image":"","background-repeat":"repeat","background-position":"center center","background-size":"auto","background-attachment":"scroll","background-type":"","background-media":"","overlay-type":"","overlay-color":"","overlay-opacity":"","overlay-gradient":""},"tablet":{"background-color":"","background-image":"","background-repeat":"repeat","background-position":"center center","background-size":"auto","background-attachment":"scroll","background-type":"","background-media":"","overlay-type":"","overlay-color":"","overlay-opacity":"","overlay-gradient":""},"mobile":{"background-color":"","background-image":"","background-repeat":"repeat","background-position":"center center","background-size":"auto","background-attachment":"scroll","background-type":"","background-media":"","overlay-type":"","overlay-color":"","overlay-opacity":"","overlay-gradient":""}},"ast-content-background-meta":{"desktop":{"background-color":"var(--ast-global-color-5)","background-image":"","background-repeat":"repeat","background-position":"center center","background-size":"auto","background-attachment":"scroll","background-type":"","background-media":"","overlay-type":"","overlay-color":"","overlay-opacity":"","overlay-gradient":""},"tablet":{"background-color":"var(--ast-global-color-5)","background-image":"","background-repeat":"repeat","background-position":"center center","background-size":"auto","background-attachment":"scroll","background-type":"","background-media":"","overlay-type":"","overlay-color":"","overlay-opacity":"","overlay-gradient":""},"mobile":{"background-color":"var(--ast-global-color-5)","background-image":"","background-repeat":"repeat","background-position":"center center","background-size":"auto","background-attachment":"scroll","background-type":"","background-media":"","overlay-type":"","overlay-color":"","overlay-opacity":"","overlay-gradient":""}},"_themeisle_gutenberg_block_has_review":false,"footnotes":""},"categories":[23,12],"tags":[29,30],"class_list":["post-850","post","type-post","status-publish","format-standard","has-post-thumbnail","hentry","category-acao-de-sensibilizacao","category-atividades","tag-acao-de-sensibilizacao","tag-agua"],"_links":{"self":[{"href":"https:\/\/escoladigital.madeira.gov.pt\/eb1pelsjoaorb\/wp-json\/wp\/v2\/posts\/850","targetHints":{"allow":["GET"]}}],"collection":[{"href":"https:\/\/escoladigital.madeira.gov.pt\/eb1pelsjoaorb\/wp-json\/wp\/v2\/posts"}],"about":[{"href":"https:\/\/escoladigital.madeira.gov.pt\/eb1pelsjoaorb\/wp-json\/wp\/v2\/types\/post"}],"author":[{"embeddable":true,"href":"https:\/\/escoladigital.madeira.gov.pt\/eb1pelsjoaorb\/wp-json\/wp\/v2\/users\/70"}],"replies":[{"embeddable":true,"href":"https:\/\/escoladigital.madeira.gov.pt\/eb1pelsjoaorb\/wp-json\/wp\/v2\/comments?post=850"}],"version-history":[{"count":2,"href":"https:\/\/escoladigital.madeira.gov.pt\/eb1pelsjoaorb\/wp-json\/wp\/v2\/posts\/850\/revisions"}],"predecessor-version":[{"id":858,"href":"https:\/\/escoladigital.madeira.gov.pt\/eb1pelsjoaorb\/wp-json\/wp\/v2\/posts\/850\/revisions\/858"}],"wp:featuredmedia":[{"embeddable":true,"href":"https:\/\/escoladigital.madeira.gov.pt\/eb1pelsjoaorb\/wp-json\/wp\/v2\/media\/853"}],"wp:attachment":[{"href":"https:\/\/escoladigital.madeira.gov.pt\/eb1pelsjoaorb\/wp-json\/wp\/v2\/media?parent=850"}],"wp:term":[{"taxonomy":"category","embeddable":true,"href":"https:\/\/escoladigital.madeira.gov.pt\/eb1pelsjoaorb\/wp-json\/wp\/v2\/categories?post=850"},{"taxonomy":"post_tag","embeddable":true,"href":"https:\/\/escoladigital.madeira.gov.pt\/eb1pelsjoaorb\/wp-json\/wp\/v2\/tags?post=850"}],"curies":[{"name":"wp","href":"https:\/\/api.w.org\/{rel}","templated":true}]}}