{"id":992,"date":"2026-04-15T14:17:22","date_gmt":"2026-04-15T14:17:22","guid":{"rendered":"https:\/\/escoladigital.madeira.gov.pt\/eb1pepsol\/?p=992"},"modified":"2026-04-23T08:05:11","modified_gmt":"2026-04-23T08:05:11","slug":"dia-mundia-da-conscientizacao-do-autismo","status":"publish","type":"post","link":"https:\/\/escoladigital.madeira.gov.pt\/eb1pepsol\/2026\/04\/15\/dia-mundia-da-conscientizacao-do-autismo\/","title":{"rendered":"DIA MUNDIAL DA CONSCIENTIZA\u00c7\u00c3O DO AUTISMO"},"content":{"rendered":"\n<p>No \u00e2mbito da celebra\u00e7\u00e3o do Dia Mundial da Consciencializa\u00e7\u00e3o do Autismo, as crian\u00e7as e os alunos da nossa escola prepararam uma exposi\u00e7\u00e3o, subordinada ao tema \u00abAcolher\u00bb, que decorrer\u00e1 de 20 a 24 de abril, no Centro Cultural John dos Passos.<\/p>\n\n\n\n<p>Al\u00e9m de sensibilizar, pretendemos tamb\u00e9m angariar fundos que reverter\u00e3o a favor da Associa\u00e7\u00e3o \u00abOs Grandes Azuis\u00bb.<\/p>\n\n\n\n<p>Agradecemos, desde j\u00e1, a vossa colabora\u00e7\u00e3o, bem como a divulga\u00e7\u00e3o e a participa\u00e7\u00e3o de todos.<\/p>\n\n\n\n<p>Juntos fazemos a diferen\u00e7a!<\/p>\n\n\n<figure class=\"wp-block-post-featured-image\"><img fetchpriority=\"high\" decoding=\"async\" width=\"1131\" height=\"1600\" src=\"https:\/\/escoladigital.madeira.gov.pt\/eb1pepsol\/wp-content\/uploads\/sites\/22\/2026\/04\/c62ae701-87ce-425f-b366-978fa12dfab4.jpg\" class=\"attachment-post-thumbnail size-post-thumbnail wp-post-image\" alt=\"\" style=\"object-fit:cover;\" srcset=\"https:\/\/escoladigital.madeira.gov.pt\/eb1pepsol\/wp-content\/uploads\/sites\/22\/2026\/04\/c62ae701-87ce-425f-b366-978fa12dfab4.jpg 1131w, https:\/\/escoladigital.madeira.gov.pt\/eb1pepsol\/wp-content\/uploads\/sites\/22\/2026\/04\/c62ae701-87ce-425f-b366-978fa12dfab4-212x300.jpg 212w, https:\/\/escoladigital.madeira.gov.pt\/eb1pepsol\/wp-content\/uploads\/sites\/22\/2026\/04\/c62ae701-87ce-425f-b366-978fa12dfab4-724x1024.jpg 724w\" sizes=\"100vw\" \/><\/figure>\n\n\n<figure class=\"wp-block-image size-large\"><img decoding=\"async\" width=\"724\" height=\"1024\" src=\"https:\/\/escoladigital.madeira.gov.pt\/eb1pepsol\/wp-content\/uploads\/sites\/22\/2026\/04\/c62ae701-87ce-425f-b366-978fa12dfab4-724x1024.jpg\" alt=\"\" class=\"wp-image-993\" srcset=\"https:\/\/escoladigital.madeira.gov.pt\/eb1pepsol\/wp-content\/uploads\/sites\/22\/2026\/04\/c62ae701-87ce-425f-b366-978fa12dfab4-724x1024.jpg 724w, https:\/\/escoladigital.madeira.gov.pt\/eb1pepsol\/wp-content\/uploads\/sites\/22\/2026\/04\/c62ae701-87ce-425f-b366-978fa12dfab4-212x300.jpg 212w, https:\/\/escoladigital.madeira.gov.pt\/eb1pepsol\/wp-content\/uploads\/sites\/22\/2026\/04\/c62ae701-87ce-425f-b366-978fa12dfab4.jpg 1131w\" sizes=\"(max-width: 724px) 100vw, 724px\" \/><\/figure>\n","protected":false},"excerpt":{"rendered":"<p>No \u00e2mbito da celebra\u00e7\u00e3o do Dia Mundial da Consciencializa\u00e7\u00e3o do Autismo, as crian\u00e7as e os alunos da nossa escola prepararam uma exposi\u00e7\u00e3o, subordinada ao tema \u00abAcolher\u00bb, que decorrer\u00e1 de 20 a 24 de abril, no Centro Cultural John dos Passos. Al\u00e9m de sensibilizar, pretendemos tamb\u00e9m angariar fundos que reverter\u00e3o a favor da Associa\u00e7\u00e3o \u00abOs Grandes &hellip; <\/p>\n<p class=\"link-more\"><a href=\"https:\/\/escoladigital.madeira.gov.pt\/eb1pepsol\/2026\/04\/15\/dia-mundia-da-conscientizacao-do-autismo\/\" class=\"more-link\">Read more<span class=\"screen-reader-text\"> &#8220;DIA MUNDIAL DA CONSCIENTIZA\u00c7\u00c3O DO AUTISMO&#8221;<\/span><\/a><\/p>\n","protected":false},"author":31,"featured_media":993,"comment_status":"closed","ping_status":"closed","sticky":false,"template":"","format":"standard","meta":{"_themeisle_gutenberg_block_has_review":false,"footnotes":""},"categories":[1],"tags":[],"class_list":["post-992","post","type-post","status-publish","format-standard","has-post-thumbnail","hentry","category-artigos"],"_links":{"self":[{"href":"https:\/\/escoladigital.madeira.gov.pt\/eb1pepsol\/wp-json\/wp\/v2\/posts\/992","targetHints":{"allow":["GET"]}}],"collection":[{"href":"https:\/\/escoladigital.madeira.gov.pt\/eb1pepsol\/wp-json\/wp\/v2\/posts"}],"about":[{"href":"https:\/\/escoladigital.madeira.gov.pt\/eb1pepsol\/wp-json\/wp\/v2\/types\/post"}],"author":[{"embeddable":true,"href":"https:\/\/escoladigital.madeira.gov.pt\/eb1pepsol\/wp-json\/wp\/v2\/users\/31"}],"replies":[{"embeddable":true,"href":"https:\/\/escoladigital.madeira.gov.pt\/eb1pepsol\/wp-json\/wp\/v2\/comments?post=992"}],"version-history":[{"count":2,"href":"https:\/\/escoladigital.madeira.gov.pt\/eb1pepsol\/wp-json\/wp\/v2\/posts\/992\/revisions"}],"predecessor-version":[{"id":1003,"href":"https:\/\/escoladigital.madeira.gov.pt\/eb1pepsol\/wp-json\/wp\/v2\/posts\/992\/revisions\/1003"}],"wp:featuredmedia":[{"embeddable":true,"href":"https:\/\/escoladigital.madeira.gov.pt\/eb1pepsol\/wp-json\/wp\/v2\/media\/993"}],"wp:attachment":[{"href":"https:\/\/escoladigital.madeira.gov.pt\/eb1pepsol\/wp-json\/wp\/v2\/media?parent=992"}],"wp:term":[{"taxonomy":"category","embeddable":true,"href":"https:\/\/escoladigital.madeira.gov.pt\/eb1pepsol\/wp-json\/wp\/v2\/categories?post=992"},{"taxonomy":"post_tag","embeddable":true,"href":"https:\/\/escoladigital.madeira.gov.pt\/eb1pepsol\/wp-json\/wp\/v2\/tags?post=992"}],"curies":[{"name":"wp","href":"https:\/\/api.w.org\/{rel}","templated":true}]}}