{"id":995,"date":"2026-04-20T09:45:46","date_gmt":"2026-04-20T09:45:46","guid":{"rendered":"https:\/\/escoladigital.madeira.gov.pt\/eb1pepsol\/?p=995"},"modified":"2026-04-20T09:45:47","modified_gmt":"2026-04-20T09:45:47","slug":"programa-eco-escolas","status":"publish","type":"post","link":"https:\/\/escoladigital.madeira.gov.pt\/eb1pepsol\/2026\/04\/20\/programa-eco-escolas\/","title":{"rendered":"Programa Eco-Escolas"},"content":{"rendered":"\n<p>Ol\u00e1 a todos! Aproveitamos esta espa\u00e7o para comunicar que a nossa escola continua a dar passos firmes rumo \u00e0 sustentabilidade.<br>Entre setembro 2025 e mar\u00e7o 2026, os tr\u00eas edif\u00edcios \u2014 &#8220;Madalena do Mar&#8221;, &#8220;Sede&#8221; e &#8220;O Sol&#8221; \u2014 registaram redu\u00e7\u00f5es significativas nos consumos de \u00e1gua e g\u00e1s, refor\u00e7ando o compromisso Eco\u2011Escolas.<br>Destacam\u2011se:<\/p>\n\n\n\n<ul class=\"wp-block-list\">\n<li>Redu\u00e7\u00e3o cont\u00ednua do g\u00e1s na &#8220;Madalena do Mar&#8221;;<\/li>\n\n\n\n<li>Queda superior a 50% no consumo de g\u00e1s na &#8220;Sede&#8221;;<\/li>\n\n\n\n<li>Redu\u00e7\u00e3o superior a 80% no consumo de \u00e1gua no edif\u00edcio &#8220;O Sol&#8221;.<br>Estes resultados mostram o impacto positivo das boas pr\u00e1ticas ambientais implementadas por toda a comunidade educativa.<br>\ud83c\udf31\ud83d\udca7\ud83d\udd25 Juntos constru\u00edmos uma escola mais sustent\u00e1vel.<br>Estamos no bom caminho!<br>[10:03, 4\/20\/2026] Educador JOS\u00c9 AUGUSTO: Bom dia. Quando puderes publica no s\u00edtio web da nossa escola. Abra\u00e7o!<\/li>\n<\/ul>\n\n\n\n<div data-wp-interactive=\"core\/file\" class=\"wp-block-file\"><object data-wp-bind--hidden=\"!state.hasPdfPreview\" hidden class=\"wp-block-file__embed\" data=\"https:\/\/escoladigital.madeira.gov.pt\/eb1pepsol\/wp-content\/uploads\/sites\/22\/2026\/04\/ESCOLA-DO-1.o-CICLO-DO-ENSINO-BASICO-COM-PRE-ESCOLAR-E-CRECHE-DA-PONTA-DO-SOL-N.o-de-Codigo-do-Estabelecimento-de-Ensino-3105109-Ano-Letivo-20252026.pdf\" type=\"application\/pdf\" style=\"width:100%;height:600px\" aria-label=\"Incorpora\u00e7\u00e3o de ESCOLA DO 1.\u00ba CICLO DO ENSINO B\u00c1SICO COM PR\u00c9-ESCOLAR E CRECHE DA PONTA DO SOL N.\u00ba de C\u00f3digo do Estabelecimento de Ensino 3105109 Ano Letivo 20252026.\"><\/object><a id=\"wp-block-file--media-98d3e8b9-7516-4456-82fc-9d8faaebc07a\" href=\"https:\/\/escoladigital.madeira.gov.pt\/eb1pepsol\/wp-content\/uploads\/sites\/22\/2026\/04\/ESCOLA-DO-1.o-CICLO-DO-ENSINO-BASICO-COM-PRE-ESCOLAR-E-CRECHE-DA-PONTA-DO-SOL-N.o-de-Codigo-do-Estabelecimento-de-Ensino-3105109-Ano-Letivo-20252026.pdf\">ESCOLA DO 1.\u00ba CICLO DO ENSINO B\u00c1SICO COM PR\u00c9-ESCOLAR E CRECHE DA PONTA DO SOL N.\u00ba de C\u00f3digo do Estabelecimento de Ensino 3105109 Ano Letivo 20252026<\/a><a href=\"https:\/\/escoladigital.madeira.gov.pt\/eb1pepsol\/wp-content\/uploads\/sites\/22\/2026\/04\/ESCOLA-DO-1.o-CICLO-DO-ENSINO-BASICO-COM-PRE-ESCOLAR-E-CRECHE-DA-PONTA-DO-SOL-N.o-de-Codigo-do-Estabelecimento-de-Ensino-3105109-Ano-Letivo-20252026.pdf\" class=\"wp-block-file__button wp-element-button\" download aria-describedby=\"wp-block-file--media-98d3e8b9-7516-4456-82fc-9d8faaebc07a\">Descarregar<\/a><\/div>\n\n\n<figure class=\"wp-block-post-featured-image\"><img fetchpriority=\"high\" decoding=\"async\" width=\"1168\" height=\"784\" src=\"https:\/\/escoladigital.madeira.gov.pt\/eb1pepsol\/wp-content\/uploads\/sites\/22\/2026\/04\/RKioZ.jpg\" class=\"attachment-post-thumbnail size-post-thumbnail wp-post-image\" alt=\"\" style=\"object-fit:cover;\" srcset=\"https:\/\/escoladigital.madeira.gov.pt\/eb1pepsol\/wp-content\/uploads\/sites\/22\/2026\/04\/RKioZ.jpg 1168w, https:\/\/escoladigital.madeira.gov.pt\/eb1pepsol\/wp-content\/uploads\/sites\/22\/2026\/04\/RKioZ-300x201.jpg 300w, https:\/\/escoladigital.madeira.gov.pt\/eb1pepsol\/wp-content\/uploads\/sites\/22\/2026\/04\/RKioZ-1024x687.jpg 1024w\" sizes=\"100vw\" \/><\/figure>","protected":false},"excerpt":{"rendered":"<p>Ol\u00e1 a todos! Aproveitamos esta espa\u00e7o para comunicar que a nossa escola continua a dar passos firmes rumo \u00e0 sustentabilidade.Entre setembro 2025 e mar\u00e7o 2026, os tr\u00eas edif\u00edcios \u2014 &#8220;Madalena do Mar&#8221;, &#8220;Sede&#8221; e &#8220;O Sol&#8221; \u2014 registaram redu\u00e7\u00f5es significativas nos consumos de \u00e1gua e g\u00e1s, refor\u00e7ando o compromisso Eco\u2011Escolas.Destacam\u2011se:<\/p>\n","protected":false},"author":31,"featured_media":997,"comment_status":"closed","ping_status":"closed","sticky":false,"template":"","format":"standard","meta":{"_themeisle_gutenberg_block_has_review":false,"footnotes":""},"categories":[1],"tags":[],"class_list":["post-995","post","type-post","status-publish","format-standard","has-post-thumbnail","hentry","category-artigos"],"_links":{"self":[{"href":"https:\/\/escoladigital.madeira.gov.pt\/eb1pepsol\/wp-json\/wp\/v2\/posts\/995","targetHints":{"allow":["GET"]}}],"collection":[{"href":"https:\/\/escoladigital.madeira.gov.pt\/eb1pepsol\/wp-json\/wp\/v2\/posts"}],"about":[{"href":"https:\/\/escoladigital.madeira.gov.pt\/eb1pepsol\/wp-json\/wp\/v2\/types\/post"}],"author":[{"embeddable":true,"href":"https:\/\/escoladigital.madeira.gov.pt\/eb1pepsol\/wp-json\/wp\/v2\/users\/31"}],"replies":[{"embeddable":true,"href":"https:\/\/escoladigital.madeira.gov.pt\/eb1pepsol\/wp-json\/wp\/v2\/comments?post=995"}],"version-history":[{"count":1,"href":"https:\/\/escoladigital.madeira.gov.pt\/eb1pepsol\/wp-json\/wp\/v2\/posts\/995\/revisions"}],"predecessor-version":[{"id":998,"href":"https:\/\/escoladigital.madeira.gov.pt\/eb1pepsol\/wp-json\/wp\/v2\/posts\/995\/revisions\/998"}],"wp:featuredmedia":[{"embeddable":true,"href":"https:\/\/escoladigital.madeira.gov.pt\/eb1pepsol\/wp-json\/wp\/v2\/media\/997"}],"wp:attachment":[{"href":"https:\/\/escoladigital.madeira.gov.pt\/eb1pepsol\/wp-json\/wp\/v2\/media?parent=995"}],"wp:term":[{"taxonomy":"category","embeddable":true,"href":"https:\/\/escoladigital.madeira.gov.pt\/eb1pepsol\/wp-json\/wp\/v2\/categories?post=995"},{"taxonomy":"post_tag","embeddable":true,"href":"https:\/\/escoladigital.madeira.gov.pt\/eb1pepsol\/wp-json\/wp\/v2\/tags?post=995"}],"curies":[{"name":"wp","href":"https:\/\/api.w.org\/{rel}","templated":true}]}}