{"id":1009,"date":"2026-02-20T14:49:50","date_gmt":"2026-02-20T14:49:50","guid":{"rendered":"https:\/\/escoladigital.madeira.gov.pt\/eb1percaldeira\/?p=1009"},"modified":"2026-02-20T14:49:50","modified_gmt":"2026-02-20T14:49:50","slug":"%f0%9f%8c%90%f0%9f%93%b1-1-o-ciclo-participa-no-desafio-bem-estar-digital-da-seguranet","status":"publish","type":"post","link":"https:\/\/escoladigital.madeira.gov.pt\/eb1percaldeira\/2026\/02\/20\/%f0%9f%8c%90%f0%9f%93%b1-1-o-ciclo-participa-no-desafio-bem-estar-digital-da-seguranet\/","title":{"rendered":"\ud83c\udf10\ud83d\udcf1 1.\u00ba Ciclo participa no desafio \u201cBem-Estar Digital\u201d da SeguraNet"},"content":{"rendered":"\n<p>Os alunos do 1.\u00ba Ciclo participaram com entusiasmo no desafio <strong>\u201cBem-Estar Digital\u201d<\/strong>, promovido pela <strong>SeguraNet<\/strong>, no \u00e2mbito da promo\u00e7\u00e3o de uma utiliza\u00e7\u00e3o mais segura e equilibrada das tecnologias digitais.<\/p>\n\n\n\n<p>Esta iniciativa tem como principal objetivo sensibilizar as crian\u00e7as para a import\u00e2ncia de manter h\u00e1bitos digitais saud\u00e1veis, incentivando o uso respons\u00e1vel da internet e dos dispositivos eletr\u00f3nicos. Partilhamos alguns registos das atividades realizadas.<\/p>\n\n\n\n<div class=\"wp-block-columns is-layout-flex wp-container-core-columns-is-layout-28f84493 wp-block-columns-is-layout-flex\">\n<div class=\"wp-block-column is-layout-flow wp-block-column-is-layout-flow\">\n<figure class=\"wp-block-image size-large\"><img fetchpriority=\"high\" decoding=\"async\" width=\"1024\" height=\"552\" src=\"https:\/\/escoladigital.madeira.gov.pt\/eb1percaldeira\/wp-content\/uploads\/sites\/51\/2026\/02\/a-1024x552.png\" alt=\"\" class=\"wp-image-1010\" srcset=\"https:\/\/escoladigital.madeira.gov.pt\/eb1percaldeira\/wp-content\/uploads\/sites\/51\/2026\/02\/a-1024x552.png 1024w, https:\/\/escoladigital.madeira.gov.pt\/eb1percaldeira\/wp-content\/uploads\/sites\/51\/2026\/02\/a-300x162.png 300w, https:\/\/escoladigital.madeira.gov.pt\/eb1percaldeira\/wp-content\/uploads\/sites\/51\/2026\/02\/a-768x414.png 768w, https:\/\/escoladigital.madeira.gov.pt\/eb1percaldeira\/wp-content\/uploads\/sites\/51\/2026\/02\/a.png 1088w\" sizes=\"(max-width: 1024px) 100vw, 1024px\" \/><\/figure>\n<\/div>\n\n\n\n<div class=\"wp-block-column is-layout-flow wp-block-column-is-layout-flow\">\n<figure class=\"wp-block-image size-large\"><img decoding=\"async\" width=\"1024\" height=\"577\" src=\"https:\/\/escoladigital.madeira.gov.pt\/eb1percaldeira\/wp-content\/uploads\/sites\/51\/2026\/02\/b-1024x577.png\" alt=\"\" class=\"wp-image-1011\" srcset=\"https:\/\/escoladigital.madeira.gov.pt\/eb1percaldeira\/wp-content\/uploads\/sites\/51\/2026\/02\/b-1024x577.png 1024w, https:\/\/escoladigital.madeira.gov.pt\/eb1percaldeira\/wp-content\/uploads\/sites\/51\/2026\/02\/b-300x169.png 300w, https:\/\/escoladigital.madeira.gov.pt\/eb1percaldeira\/wp-content\/uploads\/sites\/51\/2026\/02\/b-768x433.png 768w, https:\/\/escoladigital.madeira.gov.pt\/eb1percaldeira\/wp-content\/uploads\/sites\/51\/2026\/02\/b.png 1068w\" sizes=\"(max-width: 1024px) 100vw, 1024px\" \/><\/figure>\n<\/div>\n\n\n\n<div class=\"wp-block-column is-layout-flow wp-block-column-is-layout-flow\">\n<figure class=\"wp-block-image size-large\"><img decoding=\"async\" width=\"1024\" height=\"557\" src=\"https:\/\/escoladigital.madeira.gov.pt\/eb1percaldeira\/wp-content\/uploads\/sites\/51\/2026\/02\/c-1024x557.png\" alt=\"\" class=\"wp-image-1012\" srcset=\"https:\/\/escoladigital.madeira.gov.pt\/eb1percaldeira\/wp-content\/uploads\/sites\/51\/2026\/02\/c-1024x557.png 1024w, https:\/\/escoladigital.madeira.gov.pt\/eb1percaldeira\/wp-content\/uploads\/sites\/51\/2026\/02\/c-300x163.png 300w, https:\/\/escoladigital.madeira.gov.pt\/eb1percaldeira\/wp-content\/uploads\/sites\/51\/2026\/02\/c-768x418.png 768w, https:\/\/escoladigital.madeira.gov.pt\/eb1percaldeira\/wp-content\/uploads\/sites\/51\/2026\/02\/c.png 1057w\" sizes=\"(max-width: 1024px) 100vw, 1024px\" \/><\/figure>\n<\/div>\n<\/div>\n\n\n\n<p><\/p>\n\n\n\n<figure class=\"wp-block-image aligncenter size-large\"><img loading=\"lazy\" decoding=\"async\" width=\"1024\" height=\"546\" src=\"https:\/\/escoladigital.madeira.gov.pt\/eb1percaldeira\/wp-content\/uploads\/sites\/51\/2026\/02\/d-1024x546.png\" alt=\"\" class=\"wp-image-1013\" srcset=\"https:\/\/escoladigital.madeira.gov.pt\/eb1percaldeira\/wp-content\/uploads\/sites\/51\/2026\/02\/d-1024x546.png 1024w, https:\/\/escoladigital.madeira.gov.pt\/eb1percaldeira\/wp-content\/uploads\/sites\/51\/2026\/02\/d-300x160.png 300w, https:\/\/escoladigital.madeira.gov.pt\/eb1percaldeira\/wp-content\/uploads\/sites\/51\/2026\/02\/d-768x409.png 768w, https:\/\/escoladigital.madeira.gov.pt\/eb1percaldeira\/wp-content\/uploads\/sites\/51\/2026\/02\/d.png 1092w\" sizes=\"(max-width: 1024px) 100vw, 1024px\" \/><\/figure>\n\n\n\n<p><\/p>\n\n\n\n<p><\/p>\n","protected":false},"excerpt":{"rendered":"<p>Os alunos do 1.\u00ba Ciclo participaram com entusiasmo no desafio \u201cBem-Estar Digital\u201d, promovido pela SeguraNet, no \u00e2mbito da promo\u00e7\u00e3o de [&hellip;]<\/p>\n","protected":false},"author":67,"featured_media":0,"comment_status":"closed","ping_status":"closed","sticky":false,"template":"","format":"standard","meta":{"site-sidebar-layout":"default","site-content-layout":"","ast-site-content-layout":"default","site-content-style":"default","site-sidebar-style":"default","ast-global-header-display":"","ast-banner-title-visibility":"","ast-main-header-display":"","ast-hfb-above-header-display":"","ast-hfb-below-header-display":"","ast-hfb-mobile-header-display":"","site-post-title":"","ast-breadcrumbs-content":"","ast-featured-img":"","footer-sml-layout":"","ast-disable-related-posts":"","theme-transparent-header-meta":"","adv-header-id-meta":"","stick-header-meta":"","header-above-stick-meta":"","header-main-stick-meta":"","header-below-stick-meta":"","astra-migrate-meta-layouts":"default","ast-page-background-enabled":"default","ast-page-background-meta":{"desktop":{"background-color":"var(--ast-global-color-5)","background-image":"","background-repeat":"repeat","background-position":"center center","background-size":"auto","background-attachment":"scroll","background-type":"","background-media":"","overlay-type":"","overlay-color":"","overlay-opacity":"","overlay-gradient":""},"tablet":{"background-color":"","background-image":"","background-repeat":"repeat","background-position":"center center","background-size":"auto","background-attachment":"scroll","background-type":"","background-media":"","overlay-type":"","overlay-color":"","overlay-opacity":"","overlay-gradient":""},"mobile":{"background-color":"","background-image":"","background-repeat":"repeat","background-position":"center center","background-size":"auto","background-attachment":"scroll","background-type":"","background-media":"","overlay-type":"","overlay-color":"","overlay-opacity":"","overlay-gradient":""}},"ast-content-background-meta":{"desktop":{"background-color":"var(--ast-global-color-4)","background-image":"","background-repeat":"repeat","background-position":"center center","background-size":"auto","background-attachment":"scroll","background-type":"","background-media":"","overlay-type":"","overlay-color":"","overlay-opacity":"","overlay-gradient":""},"tablet":{"background-color":"var(--ast-global-color-4)","background-image":"","background-repeat":"repeat","background-position":"center center","background-size":"auto","background-attachment":"scroll","background-type":"","background-media":"","overlay-type":"","overlay-color":"","overlay-opacity":"","overlay-gradient":""},"mobile":{"background-color":"var(--ast-global-color-4)","background-image":"","background-repeat":"repeat","background-position":"center center","background-size":"auto","background-attachment":"scroll","background-type":"","background-media":"","overlay-type":"","overlay-color":"","overlay-opacity":"","overlay-gradient":""}},"_themeisle_gutenberg_block_has_review":false,"footnotes":""},"categories":[4,15],"tags":[9],"class_list":["post-1009","post","type-post","status-publish","format-standard","hentry","category-noticias","category-tic","tag-noticias"],"_links":{"self":[{"href":"https:\/\/escoladigital.madeira.gov.pt\/eb1percaldeira\/wp-json\/wp\/v2\/posts\/1009","targetHints":{"allow":["GET"]}}],"collection":[{"href":"https:\/\/escoladigital.madeira.gov.pt\/eb1percaldeira\/wp-json\/wp\/v2\/posts"}],"about":[{"href":"https:\/\/escoladigital.madeira.gov.pt\/eb1percaldeira\/wp-json\/wp\/v2\/types\/post"}],"author":[{"embeddable":true,"href":"https:\/\/escoladigital.madeira.gov.pt\/eb1percaldeira\/wp-json\/wp\/v2\/users\/67"}],"replies":[{"embeddable":true,"href":"https:\/\/escoladigital.madeira.gov.pt\/eb1percaldeira\/wp-json\/wp\/v2\/comments?post=1009"}],"version-history":[{"count":1,"href":"https:\/\/escoladigital.madeira.gov.pt\/eb1percaldeira\/wp-json\/wp\/v2\/posts\/1009\/revisions"}],"predecessor-version":[{"id":1014,"href":"https:\/\/escoladigital.madeira.gov.pt\/eb1percaldeira\/wp-json\/wp\/v2\/posts\/1009\/revisions\/1014"}],"wp:attachment":[{"href":"https:\/\/escoladigital.madeira.gov.pt\/eb1percaldeira\/wp-json\/wp\/v2\/media?parent=1009"}],"wp:term":[{"taxonomy":"category","embeddable":true,"href":"https:\/\/escoladigital.madeira.gov.pt\/eb1percaldeira\/wp-json\/wp\/v2\/categories?post=1009"},{"taxonomy":"post_tag","embeddable":true,"href":"https:\/\/escoladigital.madeira.gov.pt\/eb1percaldeira\/wp-json\/wp\/v2\/tags?post=1009"}],"curies":[{"name":"wp","href":"https:\/\/api.w.org\/{rel}","templated":true}]}}