{"id":997,"date":"2026-02-20T14:43:28","date_gmt":"2026-02-20T14:43:28","guid":{"rendered":"https:\/\/escoladigital.madeira.gov.pt\/eb1percaldeira\/?p=997"},"modified":"2026-02-20T14:44:55","modified_gmt":"2026-02-20T14:44:55","slug":"%f0%9f%92%bb%f0%9f%93%b1-fevereiro-mes-de-sensibilizacao-para-a-internet-segura","status":"publish","type":"post","link":"https:\/\/escoladigital.madeira.gov.pt\/eb1percaldeira\/2026\/02\/20\/%f0%9f%92%bb%f0%9f%93%b1-fevereiro-mes-de-sensibilizacao-para-a-internet-segura\/","title":{"rendered":"\ud83d\udcbb\ud83d\udcf1 Fevereiro: M\u00eas de Sensibiliza\u00e7\u00e3o para a Internet Segura"},"content":{"rendered":"\n<p>Ao longo de v\u00e1rias semanas do m\u00eas de fevereiro, a nossa escola desenvolveu diversas atividades no \u00e2mbito do <strong>Dia da Internet Segura (10 de fevereiro)<\/strong>, promovendo a reflex\u00e3o sobre a utiliza\u00e7\u00e3o respons\u00e1vel, \u00e9tica e segura da internet.<\/p>\n\n\n\n<p>Esta iniciativa est\u00e1 integrada no movimento internacional <strong>Safer Internet Day<\/strong>, que mobiliza escolas, fam\u00edlias e institui\u00e7\u00f5es em todo o mundo para a promo\u00e7\u00e3o de uma internet mais segura e positiva para todos.<\/p>\n\n\n\n<div class=\"wp-block-columns is-layout-flex wp-container-core-columns-is-layout-28f84493 wp-block-columns-is-layout-flex\">\n<div class=\"wp-block-column is-layout-flow wp-block-column-is-layout-flow\">\n<figure class=\"wp-block-image size-large\"><img fetchpriority=\"high\" decoding=\"async\" width=\"576\" height=\"1024\" src=\"https:\/\/escoladigital.madeira.gov.pt\/eb1percaldeira\/wp-content\/uploads\/sites\/51\/2026\/02\/IMG_5090-1-576x1024.jpeg\" alt=\"\" class=\"wp-image-1004\" srcset=\"https:\/\/escoladigital.madeira.gov.pt\/eb1percaldeira\/wp-content\/uploads\/sites\/51\/2026\/02\/IMG_5090-1-576x1024.jpeg 576w, https:\/\/escoladigital.madeira.gov.pt\/eb1percaldeira\/wp-content\/uploads\/sites\/51\/2026\/02\/IMG_5090-1-169x300.jpeg 169w, https:\/\/escoladigital.madeira.gov.pt\/eb1percaldeira\/wp-content\/uploads\/sites\/51\/2026\/02\/IMG_5090-1-768x1365.jpeg 768w, https:\/\/escoladigital.madeira.gov.pt\/eb1percaldeira\/wp-content\/uploads\/sites\/51\/2026\/02\/IMG_5090-1-864x1536.jpeg 864w, https:\/\/escoladigital.madeira.gov.pt\/eb1percaldeira\/wp-content\/uploads\/sites\/51\/2026\/02\/IMG_5090-1-1152x2048.jpeg 1152w, https:\/\/escoladigital.madeira.gov.pt\/eb1percaldeira\/wp-content\/uploads\/sites\/51\/2026\/02\/IMG_5090-1-scaled.jpeg 1440w\" sizes=\"(max-width: 576px) 100vw, 576px\" \/><\/figure>\n<\/div>\n\n\n\n<div class=\"wp-block-column is-layout-flow wp-block-column-is-layout-flow\">\n<figure class=\"wp-block-image size-large\"><img decoding=\"async\" width=\"576\" height=\"1024\" src=\"https:\/\/escoladigital.madeira.gov.pt\/eb1percaldeira\/wp-content\/uploads\/sites\/51\/2026\/02\/IMG_5085-1-576x1024.jpeg\" alt=\"\" class=\"wp-image-1005\" srcset=\"https:\/\/escoladigital.madeira.gov.pt\/eb1percaldeira\/wp-content\/uploads\/sites\/51\/2026\/02\/IMG_5085-1-576x1024.jpeg 576w, https:\/\/escoladigital.madeira.gov.pt\/eb1percaldeira\/wp-content\/uploads\/sites\/51\/2026\/02\/IMG_5085-1-169x300.jpeg 169w, https:\/\/escoladigital.madeira.gov.pt\/eb1percaldeira\/wp-content\/uploads\/sites\/51\/2026\/02\/IMG_5085-1-768x1365.jpeg 768w, https:\/\/escoladigital.madeira.gov.pt\/eb1percaldeira\/wp-content\/uploads\/sites\/51\/2026\/02\/IMG_5085-1-864x1536.jpeg 864w, https:\/\/escoladigital.madeira.gov.pt\/eb1percaldeira\/wp-content\/uploads\/sites\/51\/2026\/02\/IMG_5085-1-1152x2048.jpeg 1152w, https:\/\/escoladigital.madeira.gov.pt\/eb1percaldeira\/wp-content\/uploads\/sites\/51\/2026\/02\/IMG_5085-1-scaled.jpeg 1440w\" sizes=\"(max-width: 576px) 100vw, 576px\" \/><\/figure>\n<\/div>\n\n\n\n<div class=\"wp-block-column is-layout-flow wp-block-column-is-layout-flow\">\n<figure class=\"wp-block-image size-large\"><img decoding=\"async\" width=\"576\" height=\"1024\" src=\"https:\/\/escoladigital.madeira.gov.pt\/eb1percaldeira\/wp-content\/uploads\/sites\/51\/2026\/02\/IMG_5091-1-576x1024.jpeg\" alt=\"\" class=\"wp-image-1006\" srcset=\"https:\/\/escoladigital.madeira.gov.pt\/eb1percaldeira\/wp-content\/uploads\/sites\/51\/2026\/02\/IMG_5091-1-576x1024.jpeg 576w, https:\/\/escoladigital.madeira.gov.pt\/eb1percaldeira\/wp-content\/uploads\/sites\/51\/2026\/02\/IMG_5091-1-169x300.jpeg 169w, https:\/\/escoladigital.madeira.gov.pt\/eb1percaldeira\/wp-content\/uploads\/sites\/51\/2026\/02\/IMG_5091-1-768x1365.jpeg 768w, https:\/\/escoladigital.madeira.gov.pt\/eb1percaldeira\/wp-content\/uploads\/sites\/51\/2026\/02\/IMG_5091-1-864x1536.jpeg 864w, https:\/\/escoladigital.madeira.gov.pt\/eb1percaldeira\/wp-content\/uploads\/sites\/51\/2026\/02\/IMG_5091-1-1152x2048.jpeg 1152w, https:\/\/escoladigital.madeira.gov.pt\/eb1percaldeira\/wp-content\/uploads\/sites\/51\/2026\/02\/IMG_5091-1-scaled.jpeg 1440w\" sizes=\"(max-width: 576px) 100vw, 576px\" \/><\/figure>\n<\/div>\n<\/div>\n\n\n\n<h3 class=\"wp-block-heading\">\ud83c\udfaf O que foi trabalhado com os alunos?<\/h3>\n\n\n\n<p>Durante estas semanas, os alunos participaram em debates, pesquisas e trabalhos pr\u00e1ticos sobre temas fundamentais, tais como:<\/p>\n\n\n\n<ul class=\"wp-block-list\">\n<li>\ud83d\udd10 Seguran\u00e7a de palavras-passe e prote\u00e7\u00e3o de dados pessoais<\/li>\n\n\n\n<li>\ud83d\udcf1 Utiliza\u00e7\u00e3o consciente das redes sociais<\/li>\n\n\n\n<li>\ud83d\udeab Preven\u00e7\u00e3o do ciberbullying<\/li>\n\n\n\n<li>\ud83d\udcf0 Identifica\u00e7\u00e3o e combate \u00e0 desinforma\u00e7\u00e3o<\/li>\n\n\n\n<li>\ud83d\udcac Respeito e responsabilidade no ambiente digital<\/li>\n<\/ul>\n\n\n\n<p>Como resultado, foram elaborados cartazes digitais na plataforma <strong>Canva<\/strong>, bem como apresenta\u00e7\u00f5es, v\u00eddeos e textos informativos, que evidenciaram criatividade e, sobretudo, uma maior consciencializa\u00e7\u00e3o para os desafios do mundo digital.<\/p>\n\n\n\n<h3 class=\"wp-block-heading\">\ud83c\udf10 Porque \u00e9 t\u00e3o importante falar de Internet Segura?<\/h3>\n\n\n\n<p>A internet faz parte do quotidiano de crian\u00e7as e jovens, seja para estudar, comunicar ou lazer. Torna-se, por isso, essencial desenvolver compet\u00eancias que lhes permitam:<\/p>\n\n\n\n<p>\u2714 Proteger as suas informa\u00e7\u00f5es pessoais<br>\u2714 Refletir antes de publicar conte\u00fados<br>\u2714 Respeitar os outros no espa\u00e7o online<br>\u2714 Pedir ajuda sempre que necess\u00e1rio<\/p>\n\n\n\n<p>Felicitamos os nossos alunos e professores pelo empenho demonstrado ao longo destas semanas.<br>Juntos, continuamos a promover uma cultura digital mais segura, respons\u00e1vel e consciente.<\/p>\n\n\n\n<p>#InternetSegura #CidadaniaDigital #Educa\u00e7\u00e3o<\/p>\n\n\n\n<p><\/p>\n","protected":false},"excerpt":{"rendered":"<p>Ao longo de v\u00e1rias semanas do m\u00eas de fevereiro, a nossa escola desenvolveu diversas atividades no \u00e2mbito do Dia da [&hellip;]<\/p>\n","protected":false},"author":67,"featured_media":0,"comment_status":"closed","ping_status":"closed","sticky":false,"template":"","format":"standard","meta":{"site-sidebar-layout":"default","site-content-layout":"","ast-site-content-layout":"default","site-content-style":"default","site-sidebar-style":"default","ast-global-header-display":"","ast-banner-title-visibility":"","ast-main-header-display":"","ast-hfb-above-header-display":"","ast-hfb-below-header-display":"","ast-hfb-mobile-header-display":"","site-post-title":"","ast-breadcrumbs-content":"","ast-featured-img":"","footer-sml-layout":"","ast-disable-related-posts":"","theme-transparent-header-meta":"","adv-header-id-meta":"","stick-header-meta":"","header-above-stick-meta":"","header-main-stick-meta":"","header-below-stick-meta":"","astra-migrate-meta-layouts":"default","ast-page-background-enabled":"default","ast-page-background-meta":{"desktop":{"background-color":"var(--ast-global-color-5)","background-image":"","background-repeat":"repeat","background-position":"center center","background-size":"auto","background-attachment":"scroll","background-type":"","background-media":"","overlay-type":"","overlay-color":"","overlay-opacity":"","overlay-gradient":""},"tablet":{"background-color":"","background-image":"","background-repeat":"repeat","background-position":"center center","background-size":"auto","background-attachment":"scroll","background-type":"","background-media":"","overlay-type":"","overlay-color":"","overlay-opacity":"","overlay-gradient":""},"mobile":{"background-color":"","background-image":"","background-repeat":"repeat","background-position":"center center","background-size":"auto","background-attachment":"scroll","background-type":"","background-media":"","overlay-type":"","overlay-color":"","overlay-opacity":"","overlay-gradient":""}},"ast-content-background-meta":{"desktop":{"background-color":"var(--ast-global-color-4)","background-image":"","background-repeat":"repeat","background-position":"center center","background-size":"auto","background-attachment":"scroll","background-type":"","background-media":"","overlay-type":"","overlay-color":"","overlay-opacity":"","overlay-gradient":""},"tablet":{"background-color":"var(--ast-global-color-4)","background-image":"","background-repeat":"repeat","background-position":"center center","background-size":"auto","background-attachment":"scroll","background-type":"","background-media":"","overlay-type":"","overlay-color":"","overlay-opacity":"","overlay-gradient":""},"mobile":{"background-color":"var(--ast-global-color-4)","background-image":"","background-repeat":"repeat","background-position":"center center","background-size":"auto","background-attachment":"scroll","background-type":"","background-media":"","overlay-type":"","overlay-color":"","overlay-opacity":"","overlay-gradient":""}},"_themeisle_gutenberg_block_has_review":false,"footnotes":""},"categories":[4,15],"tags":[9],"class_list":["post-997","post","type-post","status-publish","format-standard","hentry","category-noticias","category-tic","tag-noticias"],"_links":{"self":[{"href":"https:\/\/escoladigital.madeira.gov.pt\/eb1percaldeira\/wp-json\/wp\/v2\/posts\/997","targetHints":{"allow":["GET"]}}],"collection":[{"href":"https:\/\/escoladigital.madeira.gov.pt\/eb1percaldeira\/wp-json\/wp\/v2\/posts"}],"about":[{"href":"https:\/\/escoladigital.madeira.gov.pt\/eb1percaldeira\/wp-json\/wp\/v2\/types\/post"}],"author":[{"embeddable":true,"href":"https:\/\/escoladigital.madeira.gov.pt\/eb1percaldeira\/wp-json\/wp\/v2\/users\/67"}],"replies":[{"embeddable":true,"href":"https:\/\/escoladigital.madeira.gov.pt\/eb1percaldeira\/wp-json\/wp\/v2\/comments?post=997"}],"version-history":[{"count":3,"href":"https:\/\/escoladigital.madeira.gov.pt\/eb1percaldeira\/wp-json\/wp\/v2\/posts\/997\/revisions"}],"predecessor-version":[{"id":1008,"href":"https:\/\/escoladigital.madeira.gov.pt\/eb1percaldeira\/wp-json\/wp\/v2\/posts\/997\/revisions\/1008"}],"wp:attachment":[{"href":"https:\/\/escoladigital.madeira.gov.pt\/eb1percaldeira\/wp-json\/wp\/v2\/media?parent=997"}],"wp:term":[{"taxonomy":"category","embeddable":true,"href":"https:\/\/escoladigital.madeira.gov.pt\/eb1percaldeira\/wp-json\/wp\/v2\/categories?post=997"},{"taxonomy":"post_tag","embeddable":true,"href":"https:\/\/escoladigital.madeira.gov.pt\/eb1percaldeira\/wp-json\/wp\/v2\/tags?post=997"}],"curies":[{"name":"wp","href":"https:\/\/api.w.org\/{rel}","templated":true}]}}