{"id":203,"date":"2025-02-05T15:44:24","date_gmt":"2025-02-05T15:44:24","guid":{"rendered":"https:\/\/escoladigital.madeira.gov.pt\/eb1perddias\/?p=203"},"modified":"2025-04-22T12:53:22","modified_gmt":"2025-04-22T12:53:22","slug":"desporto-escolar","status":"publish","type":"post","link":"https:\/\/escoladigital.madeira.gov.pt\/eb1perddias\/2025\/02\/05\/desporto-escolar\/","title":{"rendered":"Desporto escolar"},"content":{"rendered":"\n\n\n<iframe src=\"https:\/\/www.facebook.com\/plugins\/post.php?href=https%3A%2F%2Fwww.facebook.com%2Fpermalink.php%3Fstory_fbid%3Dpfbid02Xv1mcQUpbghjVPpsJY591rxdyEeoyPB87iHBYUwooivi1t9CiDxJhWPFkZsDadS7l%26id%3D100063512052376&amp;show_text=true&amp;width=500\" width=\"500\" height=\"640\" style=\"border:none;overflow:hidden\" scrolling=\"no\" frameborder=\"0\" allowfullscreen=\"true\" allow=\"autoplay; clipboard-write; encrypted-media; picture-in-picture; web-share\"><\/iframe>\n\n\n\n<figure class=\"wp-block-image size-full\"><img decoding=\"async\" width=\"16\" height=\"16\" src=\"https:\/\/escoladigital.madeira.gov.pt\/eb1perddias\/wp-content\/uploads\/sites\/21\/2025\/02\/image.png\" alt=\"\" class=\"wp-image-792\" \/><\/figure>\n\n\n\n<p>Final Concelhia de Preven\u00e7\u00e3o Rodovi\u00e1ria na escola dos Louros!<\/p>\n\n\n\n<p>Estamos ansiosos para ver os alunos finalistas do Funchal a demonstrarem todo o seu conhecimento sobre seguran\u00e7a no tr\u00e2nsito. \u00c9 um evento importante que promove a consciencializa\u00e7\u00e3o e a seguran\u00e7a nas nossas estradas!<\/p>\n\n\n\n<figure class=\"wp-block-image is-resized\"><img decoding=\"async\" src=\"https:\/\/static.xx.fbcdn.net\/images\/emoji.php\/v9\/t43\/1\/16\/1f6a6.png\" alt=\"\ud83d\udea6\" style=\"width:20px;height:auto\" \/><\/figure>\n\n\n\n<figure class=\"wp-block-image\"><img decoding=\"async\" src=\"https:\/\/static.xx.fbcdn.net\/images\/emoji.php\/v9\/tfc\/1\/16\/1f44d.png\" alt=\"\ud83d\udc4d\" \/><\/figure>\n\n\n\n<p><a href=\"https:\/\/www.facebook.com\/hashtag\/preven%C3%A7%C3%A3orodovi%C3%A1ria?__eep__=6&amp;__cft__[0]=AZVHdsE-hbdQIwhadn-LPOdXqcFlV1PUFRmxOfr3FLll6s6KwcBQK74ZKORpVF_34JDU6GBOdSvW7T8HVvVxkgeCd7X0zrILb7b5D3rSBRnnMBnb_qp1fqyYUfKH6HwtuUXVJUG5yeyOnj7wFOQ8B9M3aEA1fanrUJOV3oHeeJLc2w&amp;__tn__=*NK-R\">#Preven\u00e7\u00e3oRodovi\u00e1ria<\/a><\/p>\n\n\n\n<p><\/p>\n","protected":false},"excerpt":{"rendered":"<p>Final Concelhia de Preven\u00e7\u00e3o Rodovi\u00e1ria na escola dos Louros! Estamos ansiosos para ver os alunos finalistas do Funchal a demonstrarem todo o seu conhecimento sobre seguran\u00e7a no tr\u00e2nsito. \u00c9 um evento importante que promove a consciencializa\u00e7\u00e3o e a seguran\u00e7a nas nossas estradas! #Preven\u00e7\u00e3oRodovi\u00e1ria<\/p>\n","protected":false},"author":30,"featured_media":0,"comment_status":"closed","ping_status":"closed","sticky":false,"template":"","format":"standard","meta":{"site-sidebar-layout":"default","site-content-layout":"","ast-site-content-layout":"default","site-content-style":"default","site-sidebar-style":"default","ast-global-header-display":"","ast-banner-title-visibility":"","ast-main-header-display":"","ast-hfb-above-header-display":"","ast-hfb-below-header-display":"","ast-hfb-mobile-header-display":"","site-post-title":"","ast-breadcrumbs-content":"","ast-featured-img":"","footer-sml-layout":"","ast-disable-related-posts":"","theme-transparent-header-meta":"","adv-header-id-meta":"","stick-header-meta":"","header-above-stick-meta":"","header-main-stick-meta":"","header-below-stick-meta":"","astra-migrate-meta-layouts":"default","ast-page-background-enabled":"default","ast-page-background-meta":{"desktop":{"background-color":"var(--ast-global-color-5)","background-image":"","background-repeat":"repeat","background-position":"center center","background-size":"auto","background-attachment":"scroll","background-type":"","background-media":"","overlay-type":"","overlay-color":"","overlay-opacity":"","overlay-gradient":""},"tablet":{"background-color":"","background-image":"","background-repeat":"repeat","background-position":"center center","background-size":"auto","background-attachment":"scroll","background-type":"","background-media":"","overlay-type":"","overlay-color":"","overlay-opacity":"","overlay-gradient":""},"mobile":{"background-color":"","background-image":"","background-repeat":"repeat","background-position":"center center","background-size":"auto","background-attachment":"scroll","background-type":"","background-media":"","overlay-type":"","overlay-color":"","overlay-opacity":"","overlay-gradient":""}},"ast-content-background-meta":{"desktop":{"background-color":"var(--ast-global-color-4)","background-image":"","background-repeat":"repeat","background-position":"center center","background-size":"auto","background-attachment":"scroll","background-type":"","background-media":"","overlay-type":"","overlay-color":"","overlay-opacity":"","overlay-gradient":""},"tablet":{"background-color":"var(--ast-global-color-4)","background-image":"","background-repeat":"repeat","background-position":"center center","background-size":"auto","background-attachment":"scroll","background-type":"","background-media":"","overlay-type":"","overlay-color":"","overlay-opacity":"","overlay-gradient":""},"mobile":{"background-color":"var(--ast-global-color-4)","background-image":"","background-repeat":"repeat","background-position":"center center","background-size":"auto","background-attachment":"scroll","background-type":"","background-media":"","overlay-type":"","overlay-color":"","overlay-opacity":"","overlay-gradient":""}},"_themeisle_gutenberg_block_has_review":false,"footnotes":""},"categories":[1],"tags":[],"class_list":["post-203","post","type-post","status-publish","format-standard","hentry","category-educacao"],"_links":{"self":[{"href":"https:\/\/escoladigital.madeira.gov.pt\/eb1perddias\/wp-json\/wp\/v2\/posts\/203","targetHints":{"allow":["GET"]}}],"collection":[{"href":"https:\/\/escoladigital.madeira.gov.pt\/eb1perddias\/wp-json\/wp\/v2\/posts"}],"about":[{"href":"https:\/\/escoladigital.madeira.gov.pt\/eb1perddias\/wp-json\/wp\/v2\/types\/post"}],"author":[{"embeddable":true,"href":"https:\/\/escoladigital.madeira.gov.pt\/eb1perddias\/wp-json\/wp\/v2\/users\/30"}],"replies":[{"embeddable":true,"href":"https:\/\/escoladigital.madeira.gov.pt\/eb1perddias\/wp-json\/wp\/v2\/comments?post=203"}],"version-history":[{"count":2,"href":"https:\/\/escoladigital.madeira.gov.pt\/eb1perddias\/wp-json\/wp\/v2\/posts\/203\/revisions"}],"predecessor-version":[{"id":793,"href":"https:\/\/escoladigital.madeira.gov.pt\/eb1perddias\/wp-json\/wp\/v2\/posts\/203\/revisions\/793"}],"wp:attachment":[{"href":"https:\/\/escoladigital.madeira.gov.pt\/eb1perddias\/wp-json\/wp\/v2\/media?parent=203"}],"wp:term":[{"taxonomy":"category","embeddable":true,"href":"https:\/\/escoladigital.madeira.gov.pt\/eb1perddias\/wp-json\/wp\/v2\/categories?post=203"},{"taxonomy":"post_tag","embeddable":true,"href":"https:\/\/escoladigital.madeira.gov.pt\/eb1perddias\/wp-json\/wp\/v2\/tags?post=203"}],"curies":[{"name":"wp","href":"https:\/\/api.w.org\/{rel}","templated":true}]}}