{"id":502,"date":"2025-11-19T12:09:24","date_gmt":"2025-11-19T12:09:24","guid":{"rendered":"https:\/\/escoladigital.madeira.gov.pt\/eb1pesantana\/?p=502"},"modified":"2025-12-17T20:27:58","modified_gmt":"2025-12-17T20:27:58","slug":"vamos-decorar-o-canico-shoppingdando-a-mao-a-natureza","status":"publish","type":"post","link":"https:\/\/escoladigital.madeira.gov.pt\/eb1pesantana\/2025\/11\/19\/vamos-decorar-o-canico-shoppingdando-a-mao-a-natureza\/","title":{"rendered":"\u201cVamos decorar o Cani\u00e7o Shopping\u2026dando a m\u00e3o \u00e0 Natureza &#8220;"},"content":{"rendered":"\n<p>O Caminho Ch\u00e3o participou no passatempo de Natal \u201cVamos decorar o Cani\u00e7o Shopping\u2026dando a m\u00e3o \u00e0 Natureza&#8221; . Em outubro decorreu a reuni\u00e3o de apresenta\u00e7\u00e3o do passatempo e ao longo de novembro, crian\u00e7as e adultos idealizaram e concretizaram o nosso: Natal no fundo do mar!<br>No dia 19 de novembro foi a cerim\u00f3nia oficial de abertura e entrega de voucher aos participantes deste desafio! Gratos aos <a href=\"https:\/\/www.facebook.com\/IFCNIP?__cft__[0]=AZZWYgSD-Sw0HmPJf-1VYUfi7y5shjwyNLIDFUMgzw5mGoL1gVFW6EqgDotmrNbdSj8IMw68aF06r4I5Rc2aXadKhcl8m-e_ZbOnNmNuZDLAo1hlINkRBdazXisFKq68xtkwk47Ri1hZalzgMatjfqQZCdorYRRgHeyNnh2pB2m4CYN4Mb_mxXe_h3-zHMsRK60&amp;__tn__=-]K-R\">Instituto das Florestas e Conserva\u00e7\u00e3o da Natureza, RAM<\/a> pela iniciativa e pela aposta nas escolas e crian\u00e7as !<br>Obrigada \u00e0s crian\u00e7as e pais presentes, que estiveram em representa\u00e7\u00e3o de todos os participantes!<\/p>\n\n\n\n<div id=\"wp-block-themeisle-blocks-slider-d8678af1\" class=\"wp-block-themeisle-blocks-slider glide\" data-per-view=\"1\" data-gap=\"0\" data-peek=\"0\" data-autoplay=\"true\" data-height=\"400px\" data-hide-arrows=\"false\"><div class=\"glide__track\" data-glide-el=\"track\"><div class=\"glide__slides\"><div class=\"wp-block-themeisle-blocks-slider-item-wrapper glide__slide\"><figure><img decoding=\"async\" class=\"wp-block-themeisle-blocks-slider-item\" src=\"https:\/\/escoladigital.madeira.gov.pt\/eb1pesantana\/wp-content\/uploads\/sites\/56\/2025\/12\/florestas.jpeg\" alt=\"\" title=\"\" data-id=\"505\" \/><\/figure><\/div><div class=\"wp-block-themeisle-blocks-slider-item-wrapper glide__slide\"><figure><img decoding=\"async\" class=\"wp-block-themeisle-blocks-slider-item\" src=\"https:\/\/escoladigital.madeira.gov.pt\/eb1pesantana\/wp-content\/uploads\/sites\/56\/2025\/12\/florestas1.jpeg\" alt=\"\" title=\"\" data-id=\"503\" \/><\/figure><\/div><div class=\"wp-block-themeisle-blocks-slider-item-wrapper glide__slide\"><figure><img decoding=\"async\" class=\"wp-block-themeisle-blocks-slider-item\" src=\"https:\/\/escoladigital.madeira.gov.pt\/eb1pesantana\/wp-content\/uploads\/sites\/56\/2025\/12\/florestas2.jpeg\" alt=\"\" title=\"\" data-id=\"507\" \/><\/figure><\/div><div class=\"wp-block-themeisle-blocks-slider-item-wrapper glide__slide\"><figure><img decoding=\"async\" class=\"wp-block-themeisle-blocks-slider-item\" src=\"https:\/\/escoladigital.madeira.gov.pt\/eb1pesantana\/wp-content\/uploads\/sites\/56\/2025\/12\/florestas3.jpeg\" alt=\"\" title=\"\" data-id=\"506\" \/><\/figure><\/div><div class=\"wp-block-themeisle-blocks-slider-item-wrapper glide__slide\"><figure><img decoding=\"async\" class=\"wp-block-themeisle-blocks-slider-item\" src=\"https:\/\/escoladigital.madeira.gov.pt\/eb1pesantana\/wp-content\/uploads\/sites\/56\/2025\/12\/florestas4-e1766003136332.jpeg\" alt=\"\" title=\"\" data-id=\"512\" \/><\/figure><\/div><div class=\"wp-block-themeisle-blocks-slider-item-wrapper glide__slide\"><figure><img decoding=\"async\" class=\"wp-block-themeisle-blocks-slider-item\" src=\"https:\/\/escoladigital.madeira.gov.pt\/eb1pesantana\/wp-content\/uploads\/sites\/56\/2025\/12\/florestas5.jpeg\" alt=\"\" title=\"\" data-id=\"504\" \/><\/figure><\/div><div class=\"wp-block-themeisle-blocks-slider-item-wrapper glide__slide\"><figure><img decoding=\"async\" class=\"wp-block-themeisle-blocks-slider-item\" src=\"https:\/\/escoladigital.madeira.gov.pt\/eb1pesantana\/wp-content\/uploads\/sites\/56\/2025\/12\/florestas6.jpeg\" alt=\"\" title=\"\" data-id=\"508\" \/><\/figure><\/div><div class=\"wp-block-themeisle-blocks-slider-item-wrapper glide__slide\"><figure><img decoding=\"async\" class=\"wp-block-themeisle-blocks-slider-item\" src=\"https:\/\/escoladigital.madeira.gov.pt\/eb1pesantana\/wp-content\/uploads\/sites\/56\/2025\/12\/florestas7.jpeg\" alt=\"\" title=\"\" data-id=\"509\" \/><\/figure><\/div><div class=\"wp-block-themeisle-blocks-slider-item-wrapper glide__slide\"><figure><img decoding=\"async\" class=\"wp-block-themeisle-blocks-slider-item\" src=\"https:\/\/escoladigital.madeira.gov.pt\/eb1pesantana\/wp-content\/uploads\/sites\/56\/2025\/12\/florestas8.jpeg\" alt=\"\" title=\"\" data-id=\"511\" \/><\/figure><\/div><div class=\"wp-block-themeisle-blocks-slider-item-wrapper glide__slide\"><figure><img decoding=\"async\" class=\"wp-block-themeisle-blocks-slider-item\" src=\"https:\/\/escoladigital.madeira.gov.pt\/eb1pesantana\/wp-content\/uploads\/sites\/56\/2025\/12\/florestas9.jpeg\" alt=\"\" title=\"\" data-id=\"510\" \/><\/figure><\/div><\/div><div class=\"glide__bullets\" data-glide-el=\"controls[nav]\"><button class=\"glide__bullet\" data-glide-dir=\"=0\"><\/button><button class=\"glide__bullet\" data-glide-dir=\"=1\"><\/button><button class=\"glide__bullet\" data-glide-dir=\"=2\"><\/button><button class=\"glide__bullet\" data-glide-dir=\"=3\"><\/button><button class=\"glide__bullet\" data-glide-dir=\"=4\"><\/button><button class=\"glide__bullet\" data-glide-dir=\"=5\"><\/button><button class=\"glide__bullet\" data-glide-dir=\"=6\"><\/button><button class=\"glide__bullet\" data-glide-dir=\"=7\"><\/button><button class=\"glide__bullet\" data-glide-dir=\"=8\"><\/button><button class=\"glide__bullet\" data-glide-dir=\"=9\"><\/button><\/div><\/div><\/div>\n","protected":false},"excerpt":{"rendered":"<p>O Caminho Ch\u00e3o participou no passatempo de Natal \u201cVamos decorar o Cani\u00e7o Shopping\u2026dando a m\u00e3o \u00e0 Natureza&#8221; . Em outubro decorreu a reuni\u00e3o de apresenta\u00e7\u00e3o do passatempo e ao longo de novembro, crian\u00e7as e adultos idealizaram e concretizaram o nosso: Natal no fundo do mar!No dia 19 de novembro foi a cerim\u00f3nia oficial de abertura [&hellip;]<\/p>\n","protected":false},"author":72,"featured_media":503,"comment_status":"closed","ping_status":"closed","sticky":false,"template":"","format":"standard","meta":{"site-sidebar-layout":"default","site-content-layout":"","ast-site-content-layout":"default","site-content-style":"default","site-sidebar-style":"default","ast-global-header-display":"","ast-banner-title-visibility":"","ast-main-header-display":"","ast-hfb-above-header-display":"","ast-hfb-below-header-display":"","ast-hfb-mobile-header-display":"","site-post-title":"","ast-breadcrumbs-content":"","ast-featured-img":"","footer-sml-layout":"","ast-disable-related-posts":"","theme-transparent-header-meta":"","adv-header-id-meta":"","stick-header-meta":"","header-above-stick-meta":"","header-main-stick-meta":"","header-below-stick-meta":"","astra-migrate-meta-layouts":"default","ast-page-background-enabled":"default","ast-page-background-meta":{"desktop":{"background-color":"var(--ast-global-color-5)","background-image":"","background-repeat":"repeat","background-position":"center center","background-size":"auto","background-attachment":"scroll","background-type":"","background-media":"","overlay-type":"","overlay-color":"","overlay-opacity":"","overlay-gradient":""},"tablet":{"background-color":"","background-image":"","background-repeat":"repeat","background-position":"center center","background-size":"auto","background-attachment":"scroll","background-type":"","background-media":"","overlay-type":"","overlay-color":"","overlay-opacity":"","overlay-gradient":""},"mobile":{"background-color":"","background-image":"","background-repeat":"repeat","background-position":"center center","background-size":"auto","background-attachment":"scroll","background-type":"","background-media":"","overlay-type":"","overlay-color":"","overlay-opacity":"","overlay-gradient":""}},"ast-content-background-meta":{"desktop":{"background-color":"var(--ast-global-color-4)","background-image":"","background-repeat":"repeat","background-position":"center center","background-size":"auto","background-attachment":"scroll","background-type":"","background-media":"","overlay-type":"","overlay-color":"","overlay-opacity":"","overlay-gradient":""},"tablet":{"background-color":"var(--ast-global-color-4)","background-image":"","background-repeat":"repeat","background-position":"center center","background-size":"auto","background-attachment":"scroll","background-type":"","background-media":"","overlay-type":"","overlay-color":"","overlay-opacity":"","overlay-gradient":""},"mobile":{"background-color":"var(--ast-global-color-4)","background-image":"","background-repeat":"repeat","background-position":"center center","background-size":"auto","background-attachment":"scroll","background-type":"","background-media":"","overlay-type":"","overlay-color":"","overlay-opacity":"","overlay-gradient":""}},"_themeisle_gutenberg_block_has_review":false,"footnotes":""},"categories":[7,8],"tags":[],"class_list":["post-502","post","type-post","status-publish","format-standard","has-post-thumbnail","hentry","category-parcerias","category-pre-escolar"],"_links":{"self":[{"href":"https:\/\/escoladigital.madeira.gov.pt\/eb1pesantana\/wp-json\/wp\/v2\/posts\/502","targetHints":{"allow":["GET"]}}],"collection":[{"href":"https:\/\/escoladigital.madeira.gov.pt\/eb1pesantana\/wp-json\/wp\/v2\/posts"}],"about":[{"href":"https:\/\/escoladigital.madeira.gov.pt\/eb1pesantana\/wp-json\/wp\/v2\/types\/post"}],"author":[{"embeddable":true,"href":"https:\/\/escoladigital.madeira.gov.pt\/eb1pesantana\/wp-json\/wp\/v2\/users\/72"}],"replies":[{"embeddable":true,"href":"https:\/\/escoladigital.madeira.gov.pt\/eb1pesantana\/wp-json\/wp\/v2\/comments?post=502"}],"version-history":[{"count":7,"href":"https:\/\/escoladigital.madeira.gov.pt\/eb1pesantana\/wp-json\/wp\/v2\/posts\/502\/revisions"}],"predecessor-version":[{"id":550,"href":"https:\/\/escoladigital.madeira.gov.pt\/eb1pesantana\/wp-json\/wp\/v2\/posts\/502\/revisions\/550"}],"wp:featuredmedia":[{"embeddable":true,"href":"https:\/\/escoladigital.madeira.gov.pt\/eb1pesantana\/wp-json\/wp\/v2\/media\/503"}],"wp:attachment":[{"href":"https:\/\/escoladigital.madeira.gov.pt\/eb1pesantana\/wp-json\/wp\/v2\/media?parent=502"}],"wp:term":[{"taxonomy":"category","embeddable":true,"href":"https:\/\/escoladigital.madeira.gov.pt\/eb1pesantana\/wp-json\/wp\/v2\/categories?post=502"},{"taxonomy":"post_tag","embeddable":true,"href":"https:\/\/escoladigital.madeira.gov.pt\/eb1pesantana\/wp-json\/wp\/v2\/tags?post=502"}],"curies":[{"name":"wp","href":"https:\/\/api.w.org\/{rel}","templated":true}]}}