{"id":53,"date":"2025-11-26T16:59:19","date_gmt":"2025-11-26T16:59:19","guid":{"rendered":"https:\/\/escoladigital.madeira.gov.pt\/eb1pesjorge\/?p=53"},"modified":"2025-12-14T22:42:11","modified_gmt":"2025-12-14T22:42:11","slug":"grupo-coral-na-comemoracao-da-convencao-dos-direitos-das-criancas","status":"publish","type":"post","link":"https:\/\/escoladigital.madeira.gov.pt\/eb1pesjorge\/2025\/11\/26\/grupo-coral-na-comemoracao-da-convencao-dos-direitos-das-criancas\/","title":{"rendered":"Grupo Coral na comemora\u00e7\u00e3o da Conven\u00e7\u00e3o dos Direitos das Crian\u00e7as"},"content":{"rendered":"\n<div class=\"wp-block-group has-border-color has-ast-global-color-5-background-color has-background is-vertical is-layout-flex wp-container-core-group-is-layout-fe9cc265 wp-block-group-is-layout-flex\" style=\"border-color:var(--ast-global-color-1);border-top-left-radius:5px;border-top-right-radius:5px;border-bottom-left-radius:5px;border-bottom-right-radius:5px\">\n<p>No dia em que se comemora a Conven\u00e7\u00e3o dos Direitos das Crian\u00e7as, 20 de novembro, a Comiss\u00e3o de Prote\u00e7\u00e3o de Crian\u00e7as e Jovens de Santana apresentou, nos pa\u00e7os do concelho, \u00e0 comunidade local, a avalia\u00e7\u00e3o do Plano Local de Promo\u00e7\u00e3o e Prote\u00e7\u00e3o dos Direitos das Crian\u00e7as e Jovens de Santana 2022-2024 e procedeu tamb\u00e9m, a apresenta\u00e7\u00e3o p\u00fablica do Plano para 2025-2028.<\/p>\n\n\n\n<p>Na abertura da sess\u00e3o, esteve presente o grupo coral, do nosso Edif\u00edcio, que cantou e encantou, interpretando duas can\u00e7\u00f5es, que se alinham com os direitos das crian\u00e7as: Fam\u00edlia, o maior tesouro e Todos pintamos contra o bullying.<\/p>\n<\/div>\n\n\n\n<figure class=\"wp-block-image alignfull size-full\"><img fetchpriority=\"high\" decoding=\"async\" width=\"526\" height=\"526\" src=\"https:\/\/escoladigital.madeira.gov.pt\/eb1pesjorge\/wp-content\/uploads\/sites\/20\/2025\/11\/Convencao-dos-Direitos-da-Crianca.jpg\" alt=\"\" class=\"wp-image-54\" srcset=\"https:\/\/escoladigital.madeira.gov.pt\/eb1pesjorge\/wp-content\/uploads\/sites\/20\/2025\/11\/Convencao-dos-Direitos-da-Crianca.jpg 526w, https:\/\/escoladigital.madeira.gov.pt\/eb1pesjorge\/wp-content\/uploads\/sites\/20\/2025\/11\/Convencao-dos-Direitos-da-Crianca-300x300.jpg 300w, https:\/\/escoladigital.madeira.gov.pt\/eb1pesjorge\/wp-content\/uploads\/sites\/20\/2025\/11\/Convencao-dos-Direitos-da-Crianca-150x150.jpg 150w\" sizes=\"(max-width: 526px) 100vw, 526px\" \/><\/figure>\n\n\n\n<p><\/p>\n","protected":false},"excerpt":{"rendered":"<p>No dia em que se comemora a Conven\u00e7\u00e3o dos Direitos das Crian\u00e7as, 20 de novembro, a Comiss\u00e3o de Prote\u00e7\u00e3o de [&hellip;]<\/p>\n","protected":false},"author":29,"featured_media":207,"comment_status":"closed","ping_status":"closed","sticky":false,"template":"","format":"standard","meta":{"site-sidebar-layout":"default","site-content-layout":"","ast-site-content-layout":"default","site-content-style":"default","site-sidebar-style":"default","ast-global-header-display":"","ast-banner-title-visibility":"","ast-main-header-display":"","ast-hfb-above-header-display":"","ast-hfb-below-header-display":"","ast-hfb-mobile-header-display":"","site-post-title":"","ast-breadcrumbs-content":"","ast-featured-img":"","footer-sml-layout":"","ast-disable-related-posts":"","theme-transparent-header-meta":"","adv-header-id-meta":"","stick-header-meta":"","header-above-stick-meta":"","header-main-stick-meta":"","header-below-stick-meta":"","astra-migrate-meta-layouts":"default","ast-page-background-enabled":"default","ast-page-background-meta":{"desktop":{"background-color":"var(--ast-global-color-5)","background-image":"","background-repeat":"repeat","background-position":"center center","background-size":"auto","background-attachment":"scroll","background-type":"","background-media":"","overlay-type":"","overlay-color":"","overlay-opacity":"","overlay-gradient":""},"tablet":{"background-color":"","background-image":"","background-repeat":"repeat","background-position":"center center","background-size":"auto","background-attachment":"scroll","background-type":"","background-media":"","overlay-type":"","overlay-color":"","overlay-opacity":"","overlay-gradient":""},"mobile":{"background-color":"","background-image":"","background-repeat":"repeat","background-position":"center center","background-size":"auto","background-attachment":"scroll","background-type":"","background-media":"","overlay-type":"","overlay-color":"","overlay-opacity":"","overlay-gradient":""}},"ast-content-background-meta":{"desktop":{"background-color":"var(--ast-global-color-4)","background-image":"","background-repeat":"repeat","background-position":"center center","background-size":"auto","background-attachment":"scroll","background-type":"","background-media":"","overlay-type":"","overlay-color":"","overlay-opacity":"","overlay-gradient":""},"tablet":{"background-color":"var(--ast-global-color-4)","background-image":"","background-repeat":"repeat","background-position":"center center","background-size":"auto","background-attachment":"scroll","background-type":"","background-media":"","overlay-type":"","overlay-color":"","overlay-opacity":"","overlay-gradient":""},"mobile":{"background-color":"var(--ast-global-color-4)","background-image":"","background-repeat":"repeat","background-position":"center center","background-size":"auto","background-attachment":"scroll","background-type":"","background-media":"","overlay-type":"","overlay-color":"","overlay-opacity":"","overlay-gradient":""}},"_themeisle_gutenberg_block_has_review":false,"footnotes":""},"categories":[13],"tags":[15,14],"class_list":["post-53","post","type-post","status-publish","format-standard","has-post-thumbnail","hentry","category-grupo-coral","tag-cpcj-santana","tag-direitos-da-crianca"],"_links":{"self":[{"href":"https:\/\/escoladigital.madeira.gov.pt\/eb1pesjorge\/wp-json\/wp\/v2\/posts\/53","targetHints":{"allow":["GET"]}}],"collection":[{"href":"https:\/\/escoladigital.madeira.gov.pt\/eb1pesjorge\/wp-json\/wp\/v2\/posts"}],"about":[{"href":"https:\/\/escoladigital.madeira.gov.pt\/eb1pesjorge\/wp-json\/wp\/v2\/types\/post"}],"author":[{"embeddable":true,"href":"https:\/\/escoladigital.madeira.gov.pt\/eb1pesjorge\/wp-json\/wp\/v2\/users\/29"}],"replies":[{"embeddable":true,"href":"https:\/\/escoladigital.madeira.gov.pt\/eb1pesjorge\/wp-json\/wp\/v2\/comments?post=53"}],"version-history":[{"count":3,"href":"https:\/\/escoladigital.madeira.gov.pt\/eb1pesjorge\/wp-json\/wp\/v2\/posts\/53\/revisions"}],"predecessor-version":[{"id":1010,"href":"https:\/\/escoladigital.madeira.gov.pt\/eb1pesjorge\/wp-json\/wp\/v2\/posts\/53\/revisions\/1010"}],"wp:featuredmedia":[{"embeddable":true,"href":"https:\/\/escoladigital.madeira.gov.pt\/eb1pesjorge\/wp-json\/wp\/v2\/media\/207"}],"wp:attachment":[{"href":"https:\/\/escoladigital.madeira.gov.pt\/eb1pesjorge\/wp-json\/wp\/v2\/media?parent=53"}],"wp:term":[{"taxonomy":"category","embeddable":true,"href":"https:\/\/escoladigital.madeira.gov.pt\/eb1pesjorge\/wp-json\/wp\/v2\/categories?post=53"},{"taxonomy":"post_tag","embeddable":true,"href":"https:\/\/escoladigital.madeira.gov.pt\/eb1pesjorge\/wp-json\/wp\/v2\/tags?post=53"}],"curies":[{"name":"wp","href":"https:\/\/api.w.org\/{rel}","templated":true}]}}