{"id":3321,"date":"2025-05-22T09:00:54","date_gmt":"2025-05-22T09:00:54","guid":{"rendered":"https:\/\/escoladigital.madeira.gov.pt\/eb23louros\/?p=3321"},"modified":"2025-06-02T09:42:49","modified_gmt":"2025-06-02T09:42:49","slug":"jantar-a-la-francaise-comunidade-escolar-unida-em-angariacao-de-fundos-para-viagem-a-paris-8-o1","status":"publish","type":"post","link":"https:\/\/escoladigital.madeira.gov.pt\/eb23louros\/jantar-a-la-francaise-comunidade-escolar-unida-em-angariacao-de-fundos-para-viagem-a-paris-8-o1\/","title":{"rendered":"Jantar\u00a0\u00e0 la fran\u00e7aise: comunidade escolar unida em angaria\u00e7\u00e3o de fundos para viagem a Paris (8.\u00ba1)"},"content":{"rendered":"\n<p>No passado dia 16 de maio, realizou-se, com grande entusiasmo e esp\u00edrito de colabora\u00e7\u00e3o, um jantar&nbsp;<em>\u00e0 la fran\u00e7aise<\/em>, promovido no \u00e2mbito do projeto SELF (Sec\u00e7\u00e3o Europeia de L\u00edngua Francesa) &#8211; Ensino Bilingue (Franc\u00eas &#8211; Ci\u00eancias Naturais). Esta iniciativa teve como principal objetivo a angaria\u00e7\u00e3o de fundos para uma viagem cultural a Paris, prevista para o pr\u00f3ximo ano letivo.<\/p>\n\n\n\n<p>O jantar contou com um menu tipicamente franc\u00eas, composto por&nbsp;<em>ratatouille<\/em>&nbsp;e carne assada, acompanhados por uma sele\u00e7\u00e3o de entradas e sobremesas variadas, confecionadas com dedica\u00e7\u00e3o e muito sabor.<\/p>\n\n\n\n<p>Um dos pontos altos da noite foi a interpreta\u00e7\u00e3o de \u201cLa vie en rose\u201d e \u201cChamps \u00c9lys\u00e9es\u201d pela discente Mara Isabel que encantou os presentes. A anima\u00e7\u00e3o prosseguiu, protagonizada pelos alunos, que surpreenderam ao caracterizarem-se como personagens franc\u00f3fonas ou ligadas ao imagin\u00e1rio cultural franc\u00eas. Entre as fantasias destacaram-se Lupin, os irreverentes Minions e Gru, Mickey e Minnie da Eurodisney Paris, o emblem\u00e1tico Napole\u00e3o Bonaparte, bem como Linguini e Ratatouille, personagens do filme de anima\u00e7\u00e3o passado em Paris. Esta envolv\u00eancia tem\u00e1tica conferiu ainda mais cor, alegria e simbolismo ao evento, refor\u00e7ando a liga\u00e7\u00e3o dos alunos \u00e0 l\u00edngua e cultura francesas.<\/p>\n\n\n\n<div id=\"wp-block-themeisle-blocks-slider-abb796d0\" class=\"wp-block-themeisle-blocks-slider glide\" data-per-view=\"1\" data-gap=\"0\" data-peek=\"0\" data-autoplay=\"true\" data-height=\"400px\" data-hide-arrows=\"false\"><div class=\"glide__track\" data-glide-el=\"track\"><div class=\"glide__slides\"><div class=\"wp-block-themeisle-blocks-slider-item-wrapper glide__slide\"><figure><img decoding=\"async\" class=\"wp-block-themeisle-blocks-slider-item\" src=\"https:\/\/escoladigital.madeira.gov.pt\/eb23louros\/wp-content\/uploads\/sites\/34\/2025\/05\/17.png\" alt=\"\" title=\"\" data-id=\"3467\" \/><\/figure><\/div><div class=\"wp-block-themeisle-blocks-slider-item-wrapper glide__slide\"><figure><img decoding=\"async\" class=\"wp-block-themeisle-blocks-slider-item\" src=\"https:\/\/escoladigital.madeira.gov.pt\/eb23louros\/wp-content\/uploads\/sites\/34\/2025\/05\/16.png\" alt=\"\" title=\"\" data-id=\"3469\" \/><\/figure><\/div><div class=\"wp-block-themeisle-blocks-slider-item-wrapper glide__slide\"><figure><img decoding=\"async\" class=\"wp-block-themeisle-blocks-slider-item\" src=\"https:\/\/escoladigital.madeira.gov.pt\/eb23louros\/wp-content\/uploads\/sites\/34\/2025\/05\/15-1.png\" alt=\"\" title=\"\" data-id=\"3471\" \/><\/figure><\/div><div class=\"wp-block-themeisle-blocks-slider-item-wrapper glide__slide\"><figure><img decoding=\"async\" class=\"wp-block-themeisle-blocks-slider-item\" src=\"https:\/\/escoladigital.madeira.gov.pt\/eb23louros\/wp-content\/uploads\/sites\/34\/2025\/05\/14-1.png\" alt=\"\" title=\"\" data-id=\"3468\" \/><\/figure><\/div><div class=\"wp-block-themeisle-blocks-slider-item-wrapper glide__slide\"><figure><img decoding=\"async\" class=\"wp-block-themeisle-blocks-slider-item\" src=\"https:\/\/escoladigital.madeira.gov.pt\/eb23louros\/wp-content\/uploads\/sites\/34\/2025\/05\/13-1.png\" alt=\"\" title=\"\" data-id=\"3472\" \/><\/figure><\/div><div class=\"wp-block-themeisle-blocks-slider-item-wrapper glide__slide\"><figure><img decoding=\"async\" class=\"wp-block-themeisle-blocks-slider-item\" src=\"https:\/\/escoladigital.madeira.gov.pt\/eb23louros\/wp-content\/uploads\/sites\/34\/2025\/05\/12-1.png\" alt=\"\" title=\"\" data-id=\"3473\" \/><\/figure><\/div><div class=\"wp-block-themeisle-blocks-slider-item-wrapper glide__slide\"><figure><img decoding=\"async\" class=\"wp-block-themeisle-blocks-slider-item\" src=\"https:\/\/escoladigital.madeira.gov.pt\/eb23louros\/wp-content\/uploads\/sites\/34\/2025\/05\/11-1.png\" alt=\"\" title=\"\" data-id=\"3475\" \/><\/figure><\/div><div class=\"wp-block-themeisle-blocks-slider-item-wrapper glide__slide\"><figure><img decoding=\"async\" class=\"wp-block-themeisle-blocks-slider-item\" src=\"https:\/\/escoladigital.madeira.gov.pt\/eb23louros\/wp-content\/uploads\/sites\/34\/2025\/05\/10-2.png\" alt=\"\" title=\"\" data-id=\"3470\" \/><\/figure><\/div><div class=\"wp-block-themeisle-blocks-slider-item-wrapper glide__slide\"><figure><img decoding=\"async\" class=\"wp-block-themeisle-blocks-slider-item\" src=\"https:\/\/escoladigital.madeira.gov.pt\/eb23louros\/wp-content\/uploads\/sites\/34\/2025\/05\/09-3.png\" alt=\"\" title=\"\" data-id=\"3474\" \/><\/figure><\/div><div class=\"wp-block-themeisle-blocks-slider-item-wrapper glide__slide\"><figure><img decoding=\"async\" class=\"wp-block-themeisle-blocks-slider-item\" src=\"https:\/\/escoladigital.madeira.gov.pt\/eb23louros\/wp-content\/uploads\/sites\/34\/2025\/05\/08-3.png\" alt=\"\" title=\"\" data-id=\"3476\" \/><\/figure><\/div><div class=\"wp-block-themeisle-blocks-slider-item-wrapper glide__slide\"><figure><img decoding=\"async\" class=\"wp-block-themeisle-blocks-slider-item\" src=\"https:\/\/escoladigital.madeira.gov.pt\/eb23louros\/wp-content\/uploads\/sites\/34\/2025\/05\/07-7.png\" alt=\"\" title=\"\" data-id=\"3479\" \/><\/figure><\/div><div class=\"wp-block-themeisle-blocks-slider-item-wrapper glide__slide\"><figure><img decoding=\"async\" class=\"wp-block-themeisle-blocks-slider-item\" src=\"https:\/\/escoladigital.madeira.gov.pt\/eb23louros\/wp-content\/uploads\/sites\/34\/2025\/05\/06-11.png\" alt=\"\" title=\"\" data-id=\"3484\" \/><\/figure><\/div><div class=\"wp-block-themeisle-blocks-slider-item-wrapper glide__slide\"><figure><img decoding=\"async\" class=\"wp-block-themeisle-blocks-slider-item\" src=\"https:\/\/escoladigital.madeira.gov.pt\/eb23louros\/wp-content\/uploads\/sites\/34\/2025\/05\/05-13.png\" alt=\"\" title=\"\" data-id=\"3482\" \/><\/figure><\/div><div class=\"wp-block-themeisle-blocks-slider-item-wrapper glide__slide\"><figure><img decoding=\"async\" class=\"wp-block-themeisle-blocks-slider-item\" src=\"https:\/\/escoladigital.madeira.gov.pt\/eb23louros\/wp-content\/uploads\/sites\/34\/2025\/05\/04-18.png\" alt=\"\" title=\"\" data-id=\"3483\" \/><\/figure><\/div><div class=\"wp-block-themeisle-blocks-slider-item-wrapper glide__slide\"><figure><img decoding=\"async\" class=\"wp-block-themeisle-blocks-slider-item\" src=\"https:\/\/escoladigital.madeira.gov.pt\/eb23louros\/wp-content\/uploads\/sites\/34\/2025\/05\/03-19.png\" alt=\"\" title=\"\" data-id=\"3481\" \/><\/figure><\/div><div class=\"wp-block-themeisle-blocks-slider-item-wrapper glide__slide\"><figure><img decoding=\"async\" class=\"wp-block-themeisle-blocks-slider-item\" src=\"https:\/\/escoladigital.madeira.gov.pt\/eb23louros\/wp-content\/uploads\/sites\/34\/2025\/05\/02-21.png\" alt=\"\" title=\"\" data-id=\"3480\" \/><\/figure><\/div><div class=\"wp-block-themeisle-blocks-slider-item-wrapper glide__slide\"><figure><img decoding=\"async\" class=\"wp-block-themeisle-blocks-slider-item\" src=\"https:\/\/escoladigital.madeira.gov.pt\/eb23louros\/wp-content\/uploads\/sites\/34\/2025\/05\/01-21.png\" alt=\"\" title=\"\" data-id=\"3478\" \/><\/figure><\/div><\/div><div class=\"glide__bullets\" data-glide-el=\"controls[nav]\"><button class=\"glide__bullet\" data-glide-dir=\"=0\"><\/button><button class=\"glide__bullet\" data-glide-dir=\"=1\"><\/button><button class=\"glide__bullet\" data-glide-dir=\"=2\"><\/button><button class=\"glide__bullet\" data-glide-dir=\"=3\"><\/button><button class=\"glide__bullet\" data-glide-dir=\"=4\"><\/button><button class=\"glide__bullet\" data-glide-dir=\"=5\"><\/button><button class=\"glide__bullet\" data-glide-dir=\"=6\"><\/button><button class=\"glide__bullet\" data-glide-dir=\"=7\"><\/button><button class=\"glide__bullet\" data-glide-dir=\"=8\"><\/button><button class=\"glide__bullet\" data-glide-dir=\"=9\"><\/button><button class=\"glide__bullet\" data-glide-dir=\"=10\"><\/button><button class=\"glide__bullet\" data-glide-dir=\"=11\"><\/button><button class=\"glide__bullet\" data-glide-dir=\"=12\"><\/button><button class=\"glide__bullet\" data-glide-dir=\"=13\"><\/button><button class=\"glide__bullet\" data-glide-dir=\"=14\"><\/button><button class=\"glide__bullet\" data-glide-dir=\"=15\"><\/button><button class=\"glide__bullet\" data-glide-dir=\"=16\"><\/button><\/div><\/div><\/div>\n\n\n\n<p>A realiza\u00e7\u00e3o deste jantar s\u00f3 foi poss\u00edvel gra\u00e7as ao empenho conjunto da comunidade educativa.<\/p>\n\n\n\n<p>A organiza\u00e7\u00e3o endere\u00e7a um agradecimento muito especial \u00e0 escola, ao professor Jos\u00e9 Jo\u00e3o pela bel\u00edssima decora\u00e7\u00e3o floral, aos encarregados de educa\u00e7\u00e3o, aos professores, ao Conselho de Turma, \u00e0s assistentes operacionais e \u00e0s cozinheiras, cujo trabalho incans\u00e1vel e dedica\u00e7\u00e3o foram determinantes para o sucesso da iniciativa. O nosso agradecimento tamb\u00e9m \u00e0 pastelaria Novos Sabores pela&nbsp;<em>p\u00e2tisserie fran\u00e7aise<\/em>.<\/p>\n\n\n\n<p>Mais do que uma simples angaria\u00e7\u00e3o de fundos, este jantar demonstrou o valor da uni\u00e3o, do esp\u00edrito de entreajuda e da educa\u00e7\u00e3o pela cultura.<br>A todos os que tornaram esta noite memor\u00e1vel, merci beaucoup!<\/p>\n","protected":false},"excerpt":{"rendered":"<p>No passado dia 16 de maio, realizou-se, com grande entusiasmo e esp\u00edrito de colabora\u00e7\u00e3o, um jantar&nbsp;\u00e0 la fran\u00e7aise, promovido no \u00e2mbito do projeto SELF (Sec\u00e7\u00e3o Europeia de L\u00edngua Francesa) &#8211; Ensino Bilingue (Franc\u00eas &#8211; Ci\u00eancias Naturais). Esta iniciativa teve como principal objetivo a angaria\u00e7\u00e3o de fundos para uma viagem cultural a Paris, prevista para o [&hellip;]<\/p>\n","protected":false},"author":46,"featured_media":0,"comment_status":"closed","ping_status":"closed","sticky":false,"template":"","format":"standard","meta":{"_themeisle_gutenberg_block_has_review":false,"footnotes":""},"categories":[5,12],"tags":[],"class_list":["post-3321","post","type-post","status-publish","format-standard","hentry","category-noticias","category-self"],"_links":{"self":[{"href":"https:\/\/escoladigital.madeira.gov.pt\/eb23louros\/wp-json\/wp\/v2\/posts\/3321","targetHints":{"allow":["GET"]}}],"collection":[{"href":"https:\/\/escoladigital.madeira.gov.pt\/eb23louros\/wp-json\/wp\/v2\/posts"}],"about":[{"href":"https:\/\/escoladigital.madeira.gov.pt\/eb23louros\/wp-json\/wp\/v2\/types\/post"}],"author":[{"embeddable":true,"href":"https:\/\/escoladigital.madeira.gov.pt\/eb23louros\/wp-json\/wp\/v2\/users\/46"}],"replies":[{"embeddable":true,"href":"https:\/\/escoladigital.madeira.gov.pt\/eb23louros\/wp-json\/wp\/v2\/comments?post=3321"}],"version-history":[{"count":3,"href":"https:\/\/escoladigital.madeira.gov.pt\/eb23louros\/wp-json\/wp\/v2\/posts\/3321\/revisions"}],"predecessor-version":[{"id":3485,"href":"https:\/\/escoladigital.madeira.gov.pt\/eb23louros\/wp-json\/wp\/v2\/posts\/3321\/revisions\/3485"}],"wp:attachment":[{"href":"https:\/\/escoladigital.madeira.gov.pt\/eb23louros\/wp-json\/wp\/v2\/media?parent=3321"}],"wp:term":[{"taxonomy":"category","embeddable":true,"href":"https:\/\/escoladigital.madeira.gov.pt\/eb23louros\/wp-json\/wp\/v2\/categories?post=3321"},{"taxonomy":"post_tag","embeddable":true,"href":"https:\/\/escoladigital.madeira.gov.pt\/eb23louros\/wp-json\/wp\/v2\/tags?post=3321"}],"curies":[{"name":"wp","href":"https:\/\/api.w.org\/{rel}","templated":true}]}}