{"id":3371,"date":"2025-05-26T09:51:20","date_gmt":"2025-05-26T09:51:20","guid":{"rendered":"https:\/\/escoladigital.madeira.gov.pt\/eb23louros\/?p=3371"},"modified":"2025-05-26T09:51:22","modified_gmt":"2025-05-26T09:51:22","slug":"alunos-do-6-o1-visitam-o-jardim-botanico-no-ambito-do-dia-mundial-da-terra","status":"publish","type":"post","link":"https:\/\/escoladigital.madeira.gov.pt\/eb23louros\/alunos-do-6-o1-visitam-o-jardim-botanico-no-ambito-do-dia-mundial-da-terra\/","title":{"rendered":"Alunos do 6.\u00ba1 visitam o Jardim Bot\u00e2nico no \u00e2mbito do Dia Mundial da Terra"},"content":{"rendered":"\n<p>No passado dia 22 de maio, os alunos do 6.\u00ba1 realizaram uma visita de estudo ao Jardim Bot\u00e2nico, no \u00e2mbito da comemora\u00e7\u00e3o do Dia Mundial da Terra e do seu projeto de Autonomia e Flexibilidade Curricular.<\/p>\n\n\n\n<p>Acompanhados pelas professoras de Ci\u00eancias Naturais, os alunos tiveram a oportunidade de explorar uma vasta diversidade de esp\u00e9cies vegetais, tanto de v\u00e1rias regi\u00f5es do mundo como da pr\u00f3pria ilha da Madeira. A visita foi orientada com momentos de reflex\u00e3o e liga\u00e7\u00e3o aos conte\u00fados lecionados em sala de aula, sendo a professora Gra\u00e7a respons\u00e1vel por relembrar diversos temas estudados sobre as plantas.<\/p>\n\n\n\n<p>Um dos momentos que despertou o interesse dos alunos foi a observa\u00e7\u00e3o dos cagados num pequeno lago do jardim.<\/p>\n\n\n\n<p>Para al\u00e9m da componente educativa, a visita incluiu tamb\u00e9m um lanche conv\u00edvio, promovendo o esp\u00edrito de grupo e a partilha entre os participantes. N\u00e3o faltaram os registos fotogr\u00e1ficos que eternizaram os v\u00e1rios momentos desta experi\u00eancia.<\/p>\n\n\n\n<p>Foi, sem d\u00favida, uma atividade muito enriquecedora, que permitiu consolidar aprendizagens, fomentar o respeito pela natureza e celebrar o Dia Mundial da Terra de forma significativa e envolvente.<\/p>\n\n\n\n<div id=\"wp-block-themeisle-blocks-slider-1a09a454\" class=\"wp-block-themeisle-blocks-slider glide\" data-per-view=\"1\" data-gap=\"0\" data-peek=\"0\" data-autoplay=\"true\" data-height=\"400px\" data-hide-arrows=\"false\"><div class=\"glide__track\" data-glide-el=\"track\"><div class=\"glide__slides\"><div class=\"wp-block-themeisle-blocks-slider-item-wrapper glide__slide\"><figure><img decoding=\"async\" class=\"wp-block-themeisle-blocks-slider-item\" src=\"https:\/\/escoladigital.madeira.gov.pt\/7fdb12f1-ff86-4212-83a6-0678e165a651\" \/><\/figure><\/div><div class=\"wp-block-themeisle-blocks-slider-item-wrapper glide__slide\"><figure><img decoding=\"async\" class=\"wp-block-themeisle-blocks-slider-item\" src=\"https:\/\/escoladigital.madeira.gov.pt\/eb23louros\/wp-content\/uploads\/sites\/34\/2025\/05\/05-10.png\" alt=\"\" title=\"\" data-id=\"3372\" \/><\/figure><\/div><div class=\"wp-block-themeisle-blocks-slider-item-wrapper glide__slide\"><figure><img decoding=\"async\" class=\"wp-block-themeisle-blocks-slider-item\" src=\"https:\/\/escoladigital.madeira.gov.pt\/eb23louros\/wp-content\/uploads\/sites\/34\/2025\/05\/04-14.png\" alt=\"\" title=\"\" data-id=\"3373\" \/><\/figure><\/div><div class=\"wp-block-themeisle-blocks-slider-item-wrapper glide__slide\"><figure><img decoding=\"async\" class=\"wp-block-themeisle-blocks-slider-item\" src=\"https:\/\/escoladigital.madeira.gov.pt\/fa97bbef-ddf3-4a20-9d92-e672ac8b0a76\" \/><\/figure><\/div><div class=\"wp-block-themeisle-blocks-slider-item-wrapper glide__slide\"><figure><img decoding=\"async\" class=\"wp-block-themeisle-blocks-slider-item\" src=\"https:\/\/escoladigital.madeira.gov.pt\/9c1aad8e-20e5-4696-bf53-8a0ae2629969\" \/><\/figure><\/div><div class=\"wp-block-themeisle-blocks-slider-item-wrapper glide__slide\"><figure><img decoding=\"async\" class=\"wp-block-themeisle-blocks-slider-item\" src=\"https:\/\/escoladigital.madeira.gov.pt\/3d34d3fe-860b-4beb-9a0b-2bd01b61d6e3\" \/><\/figure><\/div><\/div><div class=\"glide__bullets\" data-glide-el=\"controls[nav]\"><button class=\"glide__bullet\" data-glide-dir=\"=0\"><\/button><button class=\"glide__bullet\" data-glide-dir=\"=1\"><\/button><button class=\"glide__bullet\" data-glide-dir=\"=2\"><\/button><button class=\"glide__bullet\" data-glide-dir=\"=3\"><\/button><button class=\"glide__bullet\" data-glide-dir=\"=4\"><\/button><button class=\"glide__bullet\" data-glide-dir=\"=5\"><\/button><\/div><\/div><\/div>\n","protected":false},"excerpt":{"rendered":"<p>No passado dia 22 de maio, os alunos do 6.\u00ba1 realizaram uma visita de estudo ao Jardim Bot\u00e2nico, no \u00e2mbito da comemora\u00e7\u00e3o do Dia Mundial da Terra e do seu projeto de Autonomia e Flexibilidade Curricular. Acompanhados pelas professoras de Ci\u00eancias Naturais, os alunos tiveram a oportunidade de explorar uma vasta diversidade de esp\u00e9cies vegetais, [&hellip;]<\/p>\n","protected":false},"author":46,"featured_media":0,"comment_status":"closed","ping_status":"closed","sticky":false,"template":"","format":"standard","meta":{"_themeisle_gutenberg_block_has_review":false,"footnotes":""},"categories":[8,5],"tags":[],"class_list":["post-3371","post","type-post","status-publish","format-standard","hentry","category-ecoescolas","category-noticias"],"_links":{"self":[{"href":"https:\/\/escoladigital.madeira.gov.pt\/eb23louros\/wp-json\/wp\/v2\/posts\/3371","targetHints":{"allow":["GET"]}}],"collection":[{"href":"https:\/\/escoladigital.madeira.gov.pt\/eb23louros\/wp-json\/wp\/v2\/posts"}],"about":[{"href":"https:\/\/escoladigital.madeira.gov.pt\/eb23louros\/wp-json\/wp\/v2\/types\/post"}],"author":[{"embeddable":true,"href":"https:\/\/escoladigital.madeira.gov.pt\/eb23louros\/wp-json\/wp\/v2\/users\/46"}],"replies":[{"embeddable":true,"href":"https:\/\/escoladigital.madeira.gov.pt\/eb23louros\/wp-json\/wp\/v2\/comments?post=3371"}],"version-history":[{"count":1,"href":"https:\/\/escoladigital.madeira.gov.pt\/eb23louros\/wp-json\/wp\/v2\/posts\/3371\/revisions"}],"predecessor-version":[{"id":3375,"href":"https:\/\/escoladigital.madeira.gov.pt\/eb23louros\/wp-json\/wp\/v2\/posts\/3371\/revisions\/3375"}],"wp:attachment":[{"href":"https:\/\/escoladigital.madeira.gov.pt\/eb23louros\/wp-json\/wp\/v2\/media?parent=3371"}],"wp:term":[{"taxonomy":"category","embeddable":true,"href":"https:\/\/escoladigital.madeira.gov.pt\/eb23louros\/wp-json\/wp\/v2\/categories?post=3371"},{"taxonomy":"post_tag","embeddable":true,"href":"https:\/\/escoladigital.madeira.gov.pt\/eb23louros\/wp-json\/wp\/v2\/tags?post=3371"}],"curies":[{"name":"wp","href":"https:\/\/api.w.org\/{rel}","templated":true}]}}