{"id":4197,"date":"2025-10-29T14:38:05","date_gmt":"2025-10-29T14:38:05","guid":{"rendered":"https:\/\/escoladigital.madeira.gov.pt\/eb23louros\/?p=4197"},"modified":"2025-10-29T14:39:59","modified_gmt":"2025-10-29T14:39:59","slug":"no-jardim","status":"publish","type":"post","link":"https:\/\/escoladigital.madeira.gov.pt\/eb23louros\/no-jardim\/","title":{"rendered":"No jardim&#8230;"},"content":{"rendered":"\n<p>Vivemos um momento fant\u00e1stico no nosso jardim! A turma do 2\u00b0 AF plantou os c\u00e9lebres &#8221; l\u00edrios do campo&#8221;.<\/p>\n\n\n\n<p>Vamos esperar pela primavera, para v\u00ea-los florescer.<\/p>\n\n\n\n<div id=\"wp-block-themeisle-blocks-slider-5eb42a85\" class=\"wp-block-themeisle-blocks-slider glide\" data-per-view=\"1\" data-gap=\"0\" data-peek=\"0\" data-autoplay=\"true\" data-height=\"700px\" data-hide-arrows=\"false\"><div class=\"glide__track\" data-glide-el=\"track\"><div class=\"glide__slides\"><div class=\"wp-block-themeisle-blocks-slider-item-wrapper glide__slide\"><figure><img decoding=\"async\" class=\"wp-block-themeisle-blocks-slider-item\" src=\"https:\/\/escoladigital.madeira.gov.pt\/eb23louros\/wp-content\/uploads\/sites\/34\/2025\/10\/1000072378.jpg\" alt=\"\" title=\"\" data-id=\"4204\" \/><\/figure><\/div><div class=\"wp-block-themeisle-blocks-slider-item-wrapper glide__slide\"><figure><img decoding=\"async\" class=\"wp-block-themeisle-blocks-slider-item\" src=\"https:\/\/escoladigital.madeira.gov.pt\/eb23louros\/wp-content\/uploads\/sites\/34\/2025\/10\/1000072379.jpg\" alt=\"\" title=\"\" data-id=\"4202\" \/><\/figure><\/div><div class=\"wp-block-themeisle-blocks-slider-item-wrapper glide__slide\"><figure><img decoding=\"async\" class=\"wp-block-themeisle-blocks-slider-item\" src=\"https:\/\/escoladigital.madeira.gov.pt\/eb23louros\/wp-content\/uploads\/sites\/34\/2025\/10\/1000072380.jpg\" alt=\"\" title=\"\" data-id=\"4203\" \/><\/figure><\/div><div class=\"wp-block-themeisle-blocks-slider-item-wrapper glide__slide\"><figure><img decoding=\"async\" class=\"wp-block-themeisle-blocks-slider-item\" src=\"https:\/\/escoladigital.madeira.gov.pt\/eb23louros\/wp-content\/uploads\/sites\/34\/2025\/10\/1000072381.jpg\" alt=\"\" title=\"\" data-id=\"4200\" \/><\/figure><\/div><div class=\"wp-block-themeisle-blocks-slider-item-wrapper glide__slide\"><figure><img decoding=\"async\" class=\"wp-block-themeisle-blocks-slider-item\" src=\"https:\/\/escoladigital.madeira.gov.pt\/eb23louros\/wp-content\/uploads\/sites\/34\/2025\/10\/1000072382.jpg\" alt=\"\" title=\"\" data-id=\"4201\" \/><\/figure><\/div><\/div><div class=\"glide__bullets\" data-glide-el=\"controls[nav]\"><button class=\"glide__bullet\" data-glide-dir=\"=0\"><\/button><button class=\"glide__bullet\" data-glide-dir=\"=1\"><\/button><button class=\"glide__bullet\" data-glide-dir=\"=2\"><\/button><button class=\"glide__bullet\" data-glide-dir=\"=3\"><\/button><button class=\"glide__bullet\" data-glide-dir=\"=4\"><\/button><\/div><\/div><\/div>\n","protected":false},"excerpt":{"rendered":"<p>Vivemos um momento fant\u00e1stico no nosso jardim! A turma do 2\u00b0 AF plantou os c\u00e9lebres &#8221; l\u00edrios do campo&#8221;. Vamos esperar pela primavera, para v\u00ea-los florescer.<\/p>\n","protected":false},"author":46,"featured_media":0,"comment_status":"closed","ping_status":"closed","sticky":false,"template":"","format":"standard","meta":{"_themeisle_gutenberg_block_has_review":false,"footnotes":""},"categories":[5],"tags":[],"class_list":["post-4197","post","type-post","status-publish","format-standard","hentry","category-noticias"],"_links":{"self":[{"href":"https:\/\/escoladigital.madeira.gov.pt\/eb23louros\/wp-json\/wp\/v2\/posts\/4197","targetHints":{"allow":["GET"]}}],"collection":[{"href":"https:\/\/escoladigital.madeira.gov.pt\/eb23louros\/wp-json\/wp\/v2\/posts"}],"about":[{"href":"https:\/\/escoladigital.madeira.gov.pt\/eb23louros\/wp-json\/wp\/v2\/types\/post"}],"author":[{"embeddable":true,"href":"https:\/\/escoladigital.madeira.gov.pt\/eb23louros\/wp-json\/wp\/v2\/users\/46"}],"replies":[{"embeddable":true,"href":"https:\/\/escoladigital.madeira.gov.pt\/eb23louros\/wp-json\/wp\/v2\/comments?post=4197"}],"version-history":[{"count":2,"href":"https:\/\/escoladigital.madeira.gov.pt\/eb23louros\/wp-json\/wp\/v2\/posts\/4197\/revisions"}],"predecessor-version":[{"id":4205,"href":"https:\/\/escoladigital.madeira.gov.pt\/eb23louros\/wp-json\/wp\/v2\/posts\/4197\/revisions\/4205"}],"wp:attachment":[{"href":"https:\/\/escoladigital.madeira.gov.pt\/eb23louros\/wp-json\/wp\/v2\/media?parent=4197"}],"wp:term":[{"taxonomy":"category","embeddable":true,"href":"https:\/\/escoladigital.madeira.gov.pt\/eb23louros\/wp-json\/wp\/v2\/categories?post=4197"},{"taxonomy":"post_tag","embeddable":true,"href":"https:\/\/escoladigital.madeira.gov.pt\/eb23louros\/wp-json\/wp\/v2\/tags?post=4197"}],"curies":[{"name":"wp","href":"https:\/\/api.w.org\/{rel}","templated":true}]}}