{"id":1167,"date":"2026-04-24T16:18:41","date_gmt":"2026-04-24T16:18:41","guid":{"rendered":"https:\/\/escoladigital.madeira.gov.pt\/eb23torre\/?p=1167"},"modified":"2026-04-24T16:18:41","modified_gmt":"2026-04-24T16:18:41","slug":"escola-da-torre-no-nucleo-historico-da-torre-do-capitao","status":"publish","type":"post","link":"https:\/\/escoladigital.madeira.gov.pt\/eb23torre\/2026\/04\/24\/escola-da-torre-no-nucleo-historico-da-torre-do-capitao\/","title":{"rendered":"Escola da Torre no N\u00facleo Hist\u00f3rico da Torre do Capit\u00e3o"},"content":{"rendered":"\n<p>\u2002      No dia 24 de mar\u00e7o, os alunos do 5.\u00baC e os alunos do Clube de Ioga participaram numa enriquecedora visita de estudo \u00e0 hist\u00f3rica Torre do Capit\u00e3o, em Santo Amaro.<\/p>\n\n\n\n<p>\u2002\u2002\u2002\u2002A atividade proporcionou uma viagem no tempo, permitindo que o grupo conhecesse de perto uma das constru\u00e7\u00f5es mais antigas e emblem\u00e1ticas da ilha, mergulhando na fascinante hist\u00f3ria da Madeira e dos seus primeiros capit\u00e3es-donat\u00e1rios.<\/p>\n\n\n\n<p>\u2002\u2002\u2002\u2002Para al\u00e9m da vertente hist\u00f3rica, o contacto com a natureza foi um dos pontos altos do dia. Nos espa\u00e7os verdes que rodeiam o monumento, os alunos puderam brincar livremente e desfrutar de momentos de descontra\u00e7\u00e3o ao ar livre.<\/p>\n\n\n\n<p>         Aproveitando a serenidade do local, o Clube de Ioga dinamizou uma sess\u00e3o especial onde todos praticaram exerc\u00edcios de postura e t\u00e9cnicas de respira\u00e7\u00e3o consciente. Foi um momento de grande foco e tranquilidade, essencial para o bem-estar dos alunos.<\/p>\n\n\n\n<p>         \u00c9 de salientar o excelente comportamento demonstrado por todos os participantes, que revelaram curiosidade, respeito pelo patrim\u00f3nio e um esp\u00edrito de grupo exemplar durante toda a jornada.<\/p>\n\n\n\n<p>\u2002\u2002\u2002\u2002\ud83e\uddd8 Equil\u00edbrio entre corpo e mente num cen\u00e1rio hist\u00f3rico.<\/p>\n\n\n\n<p>            Como se pode observar na fotografia que acompanha esta not\u00edcia, o sorriso e o empenho dos alunos refletem o sucesso de um dia onde a aprendizagem e o bem-estar andaram de m\u00e3os dadas.<\/p>\n\n\n\n<figure class=\"wp-block-image size-large is-resized\"><img fetchpriority=\"high\" decoding=\"async\" width=\"771\" height=\"1024\" src=\"https:\/\/escoladigital.madeira.gov.pt\/eb23torre\/wp-content\/uploads\/sites\/14\/2026\/04\/3ae9a278-f14c-471c-b2d0-b61ca03f2fee-1-771x1024.jpg\" alt=\"\" class=\"wp-image-1173\" style=\"aspect-ratio:0.7529411764705882;width:453px;height:auto\" srcset=\"https:\/\/escoladigital.madeira.gov.pt\/eb23torre\/wp-content\/uploads\/sites\/14\/2026\/04\/3ae9a278-f14c-471c-b2d0-b61ca03f2fee-1-771x1024.jpg 771w, https:\/\/escoladigital.madeira.gov.pt\/eb23torre\/wp-content\/uploads\/sites\/14\/2026\/04\/3ae9a278-f14c-471c-b2d0-b61ca03f2fee-1-226x300.jpg 226w, https:\/\/escoladigital.madeira.gov.pt\/eb23torre\/wp-content\/uploads\/sites\/14\/2026\/04\/3ae9a278-f14c-471c-b2d0-b61ca03f2fee-1-768x1020.jpg 768w, https:\/\/escoladigital.madeira.gov.pt\/eb23torre\/wp-content\/uploads\/sites\/14\/2026\/04\/3ae9a278-f14c-471c-b2d0-b61ca03f2fee-1.jpg 1080w\" sizes=\"(max-width: 771px) 100vw, 771px\" \/><\/figure>\n\n\n\n<figure class=\"wp-block-image size-large is-resized\"><img decoding=\"async\" width=\"581\" height=\"1024\" src=\"https:\/\/escoladigital.madeira.gov.pt\/eb23torre\/wp-content\/uploads\/sites\/14\/2026\/04\/c2a5a88b-7805-4d91-bd22-e16372492ff7-3-581x1024.jpg\" alt=\"\" class=\"wp-image-1176\" style=\"aspect-ratio:0.5673889515739057;width:457px;height:auto\" srcset=\"https:\/\/escoladigital.madeira.gov.pt\/eb23torre\/wp-content\/uploads\/sites\/14\/2026\/04\/c2a5a88b-7805-4d91-bd22-e16372492ff7-3-581x1024.jpg 581w, https:\/\/escoladigital.madeira.gov.pt\/eb23torre\/wp-content\/uploads\/sites\/14\/2026\/04\/c2a5a88b-7805-4d91-bd22-e16372492ff7-3-170x300.jpg 170w, https:\/\/escoladigital.madeira.gov.pt\/eb23torre\/wp-content\/uploads\/sites\/14\/2026\/04\/c2a5a88b-7805-4d91-bd22-e16372492ff7-3-768x1354.jpg 768w, https:\/\/escoladigital.madeira.gov.pt\/eb23torre\/wp-content\/uploads\/sites\/14\/2026\/04\/c2a5a88b-7805-4d91-bd22-e16372492ff7-3-871x1536.jpg 871w, https:\/\/escoladigital.madeira.gov.pt\/eb23torre\/wp-content\/uploads\/sites\/14\/2026\/04\/c2a5a88b-7805-4d91-bd22-e16372492ff7-3.jpg 1080w\" sizes=\"(max-width: 581px) 100vw, 581px\" \/><\/figure>\n","protected":false},"excerpt":{"rendered":"<p>\u2002 No dia 24 de mar\u00e7o, os alunos do 5.\u00baC e os alunos do Clube de Ioga participaram numa enriquecedora visita de estudo \u00e0 hist\u00f3rica Torre do Capit\u00e3o, em Santo Amaro. \u2002\u2002\u2002\u2002A atividade proporcionou uma viagem no tempo, permitindo que o grupo conhecesse de perto uma das constru\u00e7\u00f5es mais antigas e emblem\u00e1ticas da ilha, mergulhando [&hellip;]<\/p>\n","protected":false},"author":112,"featured_media":0,"comment_status":"closed","ping_status":"closed","sticky":false,"template":"","format":"standard","meta":{"site-sidebar-layout":"default","site-content-layout":"","ast-site-content-layout":"default","site-content-style":"default","site-sidebar-style":"default","ast-global-header-display":"","ast-banner-title-visibility":"","ast-main-header-display":"","ast-hfb-above-header-display":"","ast-hfb-below-header-display":"","ast-hfb-mobile-header-display":"","site-post-title":"","ast-breadcrumbs-content":"","ast-featured-img":"","footer-sml-layout":"","ast-disable-related-posts":"","theme-transparent-header-meta":"","adv-header-id-meta":"","stick-header-meta":"","header-above-stick-meta":"","header-main-stick-meta":"","header-below-stick-meta":"","astra-migrate-meta-layouts":"default","ast-page-background-enabled":"default","ast-page-background-meta":{"desktop":{"background-color":"var(--ast-global-color-5)","background-image":"","background-repeat":"repeat","background-position":"center center","background-size":"auto","background-attachment":"scroll","background-type":"","background-media":"","overlay-type":"","overlay-color":"","overlay-opacity":"","overlay-gradient":""},"tablet":{"background-color":"","background-image":"","background-repeat":"repeat","background-position":"center center","background-size":"auto","background-attachment":"scroll","background-type":"","background-media":"","overlay-type":"","overlay-color":"","overlay-opacity":"","overlay-gradient":""},"mobile":{"background-color":"","background-image":"","background-repeat":"repeat","background-position":"center center","background-size":"auto","background-attachment":"scroll","background-type":"","background-media":"","overlay-type":"","overlay-color":"","overlay-opacity":"","overlay-gradient":""}},"ast-content-background-meta":{"desktop":{"background-color":"var(--ast-global-color-4)","background-image":"","background-repeat":"repeat","background-position":"center center","background-size":"auto","background-attachment":"scroll","background-type":"","background-media":"","overlay-type":"","overlay-color":"","overlay-opacity":"","overlay-gradient":""},"tablet":{"background-color":"var(--ast-global-color-4)","background-image":"","background-repeat":"repeat","background-position":"center center","background-size":"auto","background-attachment":"scroll","background-type":"","background-media":"","overlay-type":"","overlay-color":"","overlay-opacity":"","overlay-gradient":""},"mobile":{"background-color":"var(--ast-global-color-4)","background-image":"","background-repeat":"repeat","background-position":"center center","background-size":"auto","background-attachment":"scroll","background-type":"","background-media":"","overlay-type":"","overlay-color":"","overlay-opacity":"","overlay-gradient":""}},"_themeisle_gutenberg_block_has_review":false,"footnotes":""},"categories":[3],"tags":[],"class_list":["post-1167","post","type-post","status-publish","format-standard","hentry","category-geral-noticias"],"_links":{"self":[{"href":"https:\/\/escoladigital.madeira.gov.pt\/eb23torre\/wp-json\/wp\/v2\/posts\/1167","targetHints":{"allow":["GET"]}}],"collection":[{"href":"https:\/\/escoladigital.madeira.gov.pt\/eb23torre\/wp-json\/wp\/v2\/posts"}],"about":[{"href":"https:\/\/escoladigital.madeira.gov.pt\/eb23torre\/wp-json\/wp\/v2\/types\/post"}],"author":[{"embeddable":true,"href":"https:\/\/escoladigital.madeira.gov.pt\/eb23torre\/wp-json\/wp\/v2\/users\/112"}],"replies":[{"embeddable":true,"href":"https:\/\/escoladigital.madeira.gov.pt\/eb23torre\/wp-json\/wp\/v2\/comments?post=1167"}],"version-history":[{"count":1,"href":"https:\/\/escoladigital.madeira.gov.pt\/eb23torre\/wp-json\/wp\/v2\/posts\/1167\/revisions"}],"predecessor-version":[{"id":1177,"href":"https:\/\/escoladigital.madeira.gov.pt\/eb23torre\/wp-json\/wp\/v2\/posts\/1167\/revisions\/1177"}],"wp:attachment":[{"href":"https:\/\/escoladigital.madeira.gov.pt\/eb23torre\/wp-json\/wp\/v2\/media?parent=1167"}],"wp:term":[{"taxonomy":"category","embeddable":true,"href":"https:\/\/escoladigital.madeira.gov.pt\/eb23torre\/wp-json\/wp\/v2\/categories?post=1167"},{"taxonomy":"post_tag","embeddable":true,"href":"https:\/\/escoladigital.madeira.gov.pt\/eb23torre\/wp-json\/wp\/v2\/tags?post=1167"}],"curies":[{"name":"wp","href":"https:\/\/api.w.org\/{rel}","templated":true}]}}