{"id":755,"date":"2026-02-20T17:48:12","date_gmt":"2026-02-20T17:48:12","guid":{"rendered":"https:\/\/escoladigital.madeira.gov.pt\/eb23torre\/?p=755"},"modified":"2026-02-20T17:48:12","modified_gmt":"2026-02-20T17:48:12","slug":"ebtorre-reforca-dimensao-europeia-com-mobilidades-erasmus-adultos-e-ida-de-aprendentes-a-italia","status":"publish","type":"post","link":"https:\/\/escoladigital.madeira.gov.pt\/eb23torre\/2026\/02\/20\/ebtorre-reforca-dimensao-europeia-com-mobilidades-erasmus-adultos-e-ida-de-aprendentes-a-italia\/","title":{"rendered":"EBTorre refor\u00e7a dimens\u00e3o europeia com mobilidades Erasmus+ ADULTOS e ida de aprendentes a It\u00e1lia"},"content":{"rendered":"\n<p>A Escola B\u00e1sica dos 2.\u00ba e 3.\u00ba Ciclos da Torre iniciou o ano com uma forte din\u00e2mica europeia no \u00e2mbito da sua Acredita\u00e7\u00e3o Erasmus+ KA121 \u2013 Educa\u00e7\u00e3o de Adultos (ADU), bem como dos projetos Rede de Escolas Associadas UNESCO e Rede de Escolas de Educa\u00e7\u00e3o Intercultural, desenvolvendo iniciativas centradas na promo\u00e7\u00e3o da interculturalidade, na valoriza\u00e7\u00e3o do patrim\u00f3nio cultural e na educa\u00e7\u00e3o para a cidadania global. Este enquadramento tem permitido consolidar parcerias internacionais e envolver ativamente aprendentes adultos em experi\u00eancias de mobilidade.<\/p>\n\n\n\n<p>Ap\u00f3s ter acolhido quinze docentes europeus de cinco pa\u00edses diferentes, em regime de jobshadowing&nbsp;em outubro, a EBTorre voltou a afirmar a sua dimens\u00e3o internacional com a rece\u00e7\u00e3o de 12 aprendentes adultos e 3 professores do CEA de Yecla (Espanha), dando continuidade a uma coopera\u00e7\u00e3o iniciada em outubro. A mobilidade incluiu atividades pedag\u00f3gicas conjuntas, momentos interculturais e visitas culturais que promoveram a partilha de experi\u00eancias e o refor\u00e7o dos la\u00e7os entre Madeira e Espanha.<\/p>\n\n\n\n<p>A EBTorre recebeu igualmente um docente do CEPA de Parla (Espanha), em Miss\u00e3o de Ensino, durante um m\u00eas, que dinamizou um Curso Intensivo de Ingl\u00eas aberto \u00e0 comunidade e cursos de L\u00edngua e Cultura Espanhola dirigidos aos formandos dos cursos EFA, refor\u00e7ando compet\u00eancias lingu\u00edsticas e interculturais.<\/p>\n\n\n\n<p>O pr\u00f3ximo grande momento ser\u00e1 a Mobilidade de Grupo de Aprendentes Adultos, agendada para mar\u00e7o de 2026, no CIPIA&nbsp;(Centro Provinciale per l\u2019Istruzione degli Adulti), em It\u00e1lia. Esta experi\u00eancia permitir\u00e1 aos formandos viver uma imers\u00e3o europeia real, desenvolvendo compet\u00eancias pessoais, sociais e profissionais num contexto internacional, representando uma oportunidade transformadora no percurso educativo destes adultos.<\/p>\n\n\n\n<p>No plano da dissemina\u00e7\u00e3o regional, destacam-se ainda a celebra\u00e7\u00e3o dos ErasmusDays, a futura a\u00e7\u00e3o de forma\u00e7\u00e3o sobre Educa\u00e7\u00e3o Intercultural e Aprendizagem Inclusiva na Educa\u00e7\u00e3o de Adultos e a mesa redonda internacional Learning, Belonging and Integration: Education, Community and Interculturality in Europe.<\/p>\n\n\n\n<p>Em breve, formadores da EBTorre participar\u00e3o tamb\u00e9m em atividades de jobshadowing na Noruega (Elverum), em Espanha (Sevilha) e na Guiana Francesa, ampliando a rede europeia da escola.<\/p>\n\n\n\n<p>Com docentes, aprendentes adultos e comunidade envolvidos, a EBTorre continua a afirmar-se como uma escola aberta ao mundo, onde o Erasmus+ \u00e9 vivido como experi\u00eancia de crescimento, inclus\u00e3o, valoriza\u00e7\u00e3o da diversidade cultural, promo\u00e7\u00e3o da interculturalidade e exerc\u00edcio de uma cidadania europeia ativa e respons\u00e1vel.<\/p>\n\n\n\n<div id=\"wp-block-themeisle-blocks-slider-092f2ccf\" class=\"wp-block-themeisle-blocks-slider glide\" data-per-view=\"1\" data-gap=\"0\" data-peek=\"0\" data-autoplay=\"true\" data-height=\"400px\" data-hide-arrows=\"false\"><div class=\"glide__track\" data-glide-el=\"track\"><div class=\"glide__slides\"><div class=\"wp-block-themeisle-blocks-slider-item-wrapper glide__slide\"><figure><img decoding=\"async\" class=\"wp-block-themeisle-blocks-slider-item\" src=\"https:\/\/escoladigital.madeira.gov.pt\/eb23torre\/wp-content\/uploads\/sites\/14\/2026\/02\/5-Final-do-Curso-Intensivo-de-Ingles-scaled.jpeg\" alt=\"\" title=\"\" data-id=\"757\" \/><\/figure><\/div><div class=\"wp-block-themeisle-blocks-slider-item-wrapper glide__slide\"><figure><img decoding=\"async\" class=\"wp-block-themeisle-blocks-slider-item\" src=\"https:\/\/escoladigital.madeira.gov.pt\/eb23torre\/wp-content\/uploads\/sites\/14\/2026\/02\/Foto-3-Cerimonia-de-entrega-de-certificados-ao-grupo-de-Yecla--scaled.jpeg\" alt=\"\" title=\"\" data-id=\"758\" \/><\/figure><\/div><div class=\"wp-block-themeisle-blocks-slider-item-wrapper glide__slide\"><figure><img decoding=\"async\" class=\"wp-block-themeisle-blocks-slider-item\" src=\"https:\/\/escoladigital.madeira.gov.pt\/eb23torre\/wp-content\/uploads\/sites\/14\/2026\/02\/Foto-1-Rececao-do-grupo-de-Yecla-na-CMCL.jpeg\" alt=\"\" title=\"\" data-id=\"756\" \/><\/figure><\/div><\/div><div class=\"glide__bullets\" data-glide-el=\"controls[nav]\"><button class=\"glide__bullet\" data-glide-dir=\"=0\"><\/button><button class=\"glide__bullet\" data-glide-dir=\"=1\"><\/button><button class=\"glide__bullet\" data-glide-dir=\"=2\"><\/button><\/div><\/div><\/div>\n","protected":false},"excerpt":{"rendered":"<p>A Escola B\u00e1sica dos 2.\u00ba e 3.\u00ba Ciclos da Torre iniciou o ano com uma forte din\u00e2mica europeia no \u00e2mbito da sua Acredita\u00e7\u00e3o Erasmus+ KA121 \u2013 Educa\u00e7\u00e3o de Adultos (ADU), bem como dos projetos Rede de Escolas Associadas UNESCO e Rede de Escolas de Educa\u00e7\u00e3o Intercultural, desenvolvendo iniciativas centradas na promo\u00e7\u00e3o da interculturalidade, na valoriza\u00e7\u00e3o [&hellip;]<\/p>\n","protected":false},"author":112,"featured_media":0,"comment_status":"closed","ping_status":"closed","sticky":false,"template":"","format":"standard","meta":{"site-sidebar-layout":"default","site-content-layout":"","ast-site-content-layout":"default","site-content-style":"default","site-sidebar-style":"default","ast-global-header-display":"","ast-banner-title-visibility":"","ast-main-header-display":"","ast-hfb-above-header-display":"","ast-hfb-below-header-display":"","ast-hfb-mobile-header-display":"","site-post-title":"","ast-breadcrumbs-content":"","ast-featured-img":"","footer-sml-layout":"","ast-disable-related-posts":"","theme-transparent-header-meta":"","adv-header-id-meta":"","stick-header-meta":"","header-above-stick-meta":"","header-main-stick-meta":"","header-below-stick-meta":"","astra-migrate-meta-layouts":"default","ast-page-background-enabled":"default","ast-page-background-meta":{"desktop":{"background-color":"var(--ast-global-color-5)","background-image":"","background-repeat":"repeat","background-position":"center center","background-size":"auto","background-attachment":"scroll","background-type":"","background-media":"","overlay-type":"","overlay-color":"","overlay-opacity":"","overlay-gradient":""},"tablet":{"background-color":"","background-image":"","background-repeat":"repeat","background-position":"center center","background-size":"auto","background-attachment":"scroll","background-type":"","background-media":"","overlay-type":"","overlay-color":"","overlay-opacity":"","overlay-gradient":""},"mobile":{"background-color":"","background-image":"","background-repeat":"repeat","background-position":"center center","background-size":"auto","background-attachment":"scroll","background-type":"","background-media":"","overlay-type":"","overlay-color":"","overlay-opacity":"","overlay-gradient":""}},"ast-content-background-meta":{"desktop":{"background-color":"var(--ast-global-color-4)","background-image":"","background-repeat":"repeat","background-position":"center center","background-size":"auto","background-attachment":"scroll","background-type":"","background-media":"","overlay-type":"","overlay-color":"","overlay-opacity":"","overlay-gradient":""},"tablet":{"background-color":"var(--ast-global-color-4)","background-image":"","background-repeat":"repeat","background-position":"center center","background-size":"auto","background-attachment":"scroll","background-type":"","background-media":"","overlay-type":"","overlay-color":"","overlay-opacity":"","overlay-gradient":""},"mobile":{"background-color":"var(--ast-global-color-4)","background-image":"","background-repeat":"repeat","background-position":"center center","background-size":"auto","background-attachment":"scroll","background-type":"","background-media":"","overlay-type":"","overlay-color":"","overlay-opacity":"","overlay-gradient":""}},"_themeisle_gutenberg_block_has_review":false,"footnotes":""},"categories":[1],"tags":[],"class_list":["post-755","post","type-post","status-publish","format-standard","hentry","category-sem-categoria"],"_links":{"self":[{"href":"https:\/\/escoladigital.madeira.gov.pt\/eb23torre\/wp-json\/wp\/v2\/posts\/755","targetHints":{"allow":["GET"]}}],"collection":[{"href":"https:\/\/escoladigital.madeira.gov.pt\/eb23torre\/wp-json\/wp\/v2\/posts"}],"about":[{"href":"https:\/\/escoladigital.madeira.gov.pt\/eb23torre\/wp-json\/wp\/v2\/types\/post"}],"author":[{"embeddable":true,"href":"https:\/\/escoladigital.madeira.gov.pt\/eb23torre\/wp-json\/wp\/v2\/users\/112"}],"replies":[{"embeddable":true,"href":"https:\/\/escoladigital.madeira.gov.pt\/eb23torre\/wp-json\/wp\/v2\/comments?post=755"}],"version-history":[{"count":1,"href":"https:\/\/escoladigital.madeira.gov.pt\/eb23torre\/wp-json\/wp\/v2\/posts\/755\/revisions"}],"predecessor-version":[{"id":759,"href":"https:\/\/escoladigital.madeira.gov.pt\/eb23torre\/wp-json\/wp\/v2\/posts\/755\/revisions\/759"}],"wp:attachment":[{"href":"https:\/\/escoladigital.madeira.gov.pt\/eb23torre\/wp-json\/wp\/v2\/media?parent=755"}],"wp:term":[{"taxonomy":"category","embeddable":true,"href":"https:\/\/escoladigital.madeira.gov.pt\/eb23torre\/wp-json\/wp\/v2\/categories?post=755"},{"taxonomy":"post_tag","embeddable":true,"href":"https:\/\/escoladigital.madeira.gov.pt\/eb23torre\/wp-json\/wp\/v2\/tags?post=755"}],"curies":[{"name":"wp","href":"https:\/\/api.w.org\/{rel}","templated":true}]}}