{"id":768,"date":"2026-02-25T16:17:22","date_gmt":"2026-02-25T16:17:22","guid":{"rendered":"https:\/\/escoladigital.madeira.gov.pt\/eb23torre\/?p=768"},"modified":"2026-02-25T16:17:22","modified_gmt":"2026-02-25T16:17:22","slug":"palestra-sobre-qualidade-da-agua-nas-ribeiras-uma-visao-ambiental","status":"publish","type":"post","link":"https:\/\/escoladigital.madeira.gov.pt\/eb23torre\/2026\/02\/25\/palestra-sobre-qualidade-da-agua-nas-ribeiras-uma-visao-ambiental\/","title":{"rendered":"Palestra sobre\u00a0\u201cQualidade da \u00e1gua nas ribeiras \u2013 uma vis\u00e3o ambiental\u201d"},"content":{"rendered":"\n<p>Os formandos dos cursos EFA (N\u00edvel B\u00e1sico e Secund\u00e1rio) participaram numa palestra sobre&nbsp;<strong>\u201cQualidade da \u00e1gua nas ribeiras \u2013 uma vis\u00e3o ambiental\u201d<\/strong>.<\/p>\n\n\n\n<p>A sess\u00e3o foi dinamizada por&nbsp;<strong>Arecelis Rajnauth<\/strong>, da ARDITI.<\/p>\n\n\n\n<p>A atividade decorreu em contexto de sala, com momentos de exposi\u00e7\u00e3o e reflex\u00e3o conjunta.<\/p>\n\n\n\n<p>Foram abordados:<br>\u2022 A monitoriza\u00e7\u00e3o da qualidade da \u00e1gua;<br>\u2022 O impacto da a\u00e7\u00e3o humana nas ribeiras;<br>\u2022 A import\u00e2ncia da preserva\u00e7\u00e3o ambiental.<\/p>\n\n\n\n<p>A iniciativa foi organizada pelo Projeto de Literacia Digital, no \u00e2mbito de Cidadania e Desenvolvimento.<\/p>\n\n\n\n<p>Integra tamb\u00e9m os projetos Escola Azul e Rede de Escolas UNESCO.<\/p>\n\n\n\n<p>A coordena\u00e7\u00e3o dos Cursos EFA da EBTorre agradece \u00e0 ARDITI e \u00e0 oradora pela disponibilidade e colabora\u00e7\u00e3o.<\/p>\n\n\n\n<p>Educar para a sustentabilidade \u00e9 formar cidad\u00e3os mais conscientes e participativos.<\/p>\n\n\n\n<div id=\"wp-block-themeisle-blocks-slider-8249cee2\" class=\"wp-block-themeisle-blocks-slider glide\" data-per-view=\"1\" data-gap=\"0\" data-peek=\"0\" data-autoplay=\"true\" data-height=\"400px\" data-hide-arrows=\"false\"><div class=\"glide__track\" data-glide-el=\"track\"><div class=\"glide__slides\"><div class=\"wp-block-themeisle-blocks-slider-item-wrapper glide__slide\"><figure><img decoding=\"async\" class=\"wp-block-themeisle-blocks-slider-item\" src=\"https:\/\/escoladigital.madeira.gov.pt\/eb23torre\/wp-content\/uploads\/sites\/14\/2026\/02\/Foto-4-2.jpeg\" alt=\"\" title=\"\" data-id=\"773\" \/><\/figure><\/div><div class=\"wp-block-themeisle-blocks-slider-item-wrapper glide__slide\"><figure><img decoding=\"async\" class=\"wp-block-themeisle-blocks-slider-item\" src=\"https:\/\/escoladigital.madeira.gov.pt\/eb23torre\/wp-content\/uploads\/sites\/14\/2026\/02\/Foto-1-1-1.jpeg\" alt=\"\" title=\"\" data-id=\"772\" \/><\/figure><\/div><\/div><div class=\"glide__bullets\" data-glide-el=\"controls[nav]\"><button class=\"glide__bullet\" data-glide-dir=\"=0\"><\/button><button class=\"glide__bullet\" data-glide-dir=\"=1\"><\/button><\/div><\/div><\/div>\n\n\n\n<p><\/p>\n","protected":false},"excerpt":{"rendered":"<p>Os formandos dos cursos EFA (N\u00edvel B\u00e1sico e Secund\u00e1rio) participaram numa palestra sobre&nbsp;\u201cQualidade da \u00e1gua nas ribeiras \u2013 uma vis\u00e3o ambiental\u201d. A sess\u00e3o foi dinamizada por&nbsp;Arecelis Rajnauth, da ARDITI. A atividade decorreu em contexto de sala, com momentos de exposi\u00e7\u00e3o e reflex\u00e3o conjunta. Foram abordados:\u2022 A monitoriza\u00e7\u00e3o da qualidade da \u00e1gua;\u2022 O impacto da a\u00e7\u00e3o [&hellip;]<\/p>\n","protected":false},"author":112,"featured_media":0,"comment_status":"closed","ping_status":"closed","sticky":false,"template":"","format":"standard","meta":{"site-sidebar-layout":"default","site-content-layout":"","ast-site-content-layout":"default","site-content-style":"default","site-sidebar-style":"default","ast-global-header-display":"","ast-banner-title-visibility":"","ast-main-header-display":"","ast-hfb-above-header-display":"","ast-hfb-below-header-display":"","ast-hfb-mobile-header-display":"","site-post-title":"","ast-breadcrumbs-content":"","ast-featured-img":"","footer-sml-layout":"","ast-disable-related-posts":"","theme-transparent-header-meta":"","adv-header-id-meta":"","stick-header-meta":"","header-above-stick-meta":"","header-main-stick-meta":"","header-below-stick-meta":"","astra-migrate-meta-layouts":"default","ast-page-background-enabled":"default","ast-page-background-meta":{"desktop":{"background-color":"var(--ast-global-color-5)","background-image":"","background-repeat":"repeat","background-position":"center center","background-size":"auto","background-attachment":"scroll","background-type":"","background-media":"","overlay-type":"","overlay-color":"","overlay-opacity":"","overlay-gradient":""},"tablet":{"background-color":"","background-image":"","background-repeat":"repeat","background-position":"center center","background-size":"auto","background-attachment":"scroll","background-type":"","background-media":"","overlay-type":"","overlay-color":"","overlay-opacity":"","overlay-gradient":""},"mobile":{"background-color":"","background-image":"","background-repeat":"repeat","background-position":"center center","background-size":"auto","background-attachment":"scroll","background-type":"","background-media":"","overlay-type":"","overlay-color":"","overlay-opacity":"","overlay-gradient":""}},"ast-content-background-meta":{"desktop":{"background-color":"var(--ast-global-color-4)","background-image":"","background-repeat":"repeat","background-position":"center center","background-size":"auto","background-attachment":"scroll","background-type":"","background-media":"","overlay-type":"","overlay-color":"","overlay-opacity":"","overlay-gradient":""},"tablet":{"background-color":"var(--ast-global-color-4)","background-image":"","background-repeat":"repeat","background-position":"center center","background-size":"auto","background-attachment":"scroll","background-type":"","background-media":"","overlay-type":"","overlay-color":"","overlay-opacity":"","overlay-gradient":""},"mobile":{"background-color":"var(--ast-global-color-4)","background-image":"","background-repeat":"repeat","background-position":"center center","background-size":"auto","background-attachment":"scroll","background-type":"","background-media":"","overlay-type":"","overlay-color":"","overlay-opacity":"","overlay-gradient":""}},"_themeisle_gutenberg_block_has_review":false,"footnotes":""},"categories":[4],"tags":[],"class_list":["post-768","post","type-post","status-publish","format-standard","hentry","category-efa"],"_links":{"self":[{"href":"https:\/\/escoladigital.madeira.gov.pt\/eb23torre\/wp-json\/wp\/v2\/posts\/768","targetHints":{"allow":["GET"]}}],"collection":[{"href":"https:\/\/escoladigital.madeira.gov.pt\/eb23torre\/wp-json\/wp\/v2\/posts"}],"about":[{"href":"https:\/\/escoladigital.madeira.gov.pt\/eb23torre\/wp-json\/wp\/v2\/types\/post"}],"author":[{"embeddable":true,"href":"https:\/\/escoladigital.madeira.gov.pt\/eb23torre\/wp-json\/wp\/v2\/users\/112"}],"replies":[{"embeddable":true,"href":"https:\/\/escoladigital.madeira.gov.pt\/eb23torre\/wp-json\/wp\/v2\/comments?post=768"}],"version-history":[{"count":1,"href":"https:\/\/escoladigital.madeira.gov.pt\/eb23torre\/wp-json\/wp\/v2\/posts\/768\/revisions"}],"predecessor-version":[{"id":774,"href":"https:\/\/escoladigital.madeira.gov.pt\/eb23torre\/wp-json\/wp\/v2\/posts\/768\/revisions\/774"}],"wp:attachment":[{"href":"https:\/\/escoladigital.madeira.gov.pt\/eb23torre\/wp-json\/wp\/v2\/media?parent=768"}],"wp:term":[{"taxonomy":"category","embeddable":true,"href":"https:\/\/escoladigital.madeira.gov.pt\/eb23torre\/wp-json\/wp\/v2\/categories?post=768"},{"taxonomy":"post_tag","embeddable":true,"href":"https:\/\/escoladigital.madeira.gov.pt\/eb23torre\/wp-json\/wp\/v2\/tags?post=768"}],"curies":[{"name":"wp","href":"https:\/\/api.w.org\/{rel}","templated":true}]}}