{"id":775,"date":"2026-02-25T16:21:29","date_gmt":"2026-02-25T16:21:29","guid":{"rendered":"https:\/\/escoladigital.madeira.gov.pt\/eb23torre\/?p=775"},"modified":"2026-02-25T16:21:29","modified_gmt":"2026-02-25T16:21:29","slug":"job-shadowing-elverum-noruega-erasmus-ka121-adu","status":"publish","type":"post","link":"https:\/\/escoladigital.madeira.gov.pt\/eb23torre\/2026\/02\/25\/job-shadowing-elverum-noruega-erasmus-ka121-adu\/","title":{"rendered":"Job Shadowing\u00a0| Elverum, Noruega &#8211; ERASMUS+ KA121 ADU"},"content":{"rendered":"\n<p><\/p>\n\n\n\n<p>\u2002\u2002\u2002\u2002Participa\u00e7\u00e3o numa atividade de&nbsp;<em>Job Shadowing&nbsp;<\/em>no&nbsp;Elverum L\u00e6ringssenter, no \u00e2mbito do&nbsp;Programa Erasmus+.<\/p>\n\n\n\n<p>\u2002\u2002\u2002\u2002Foram observadas pr\u00e1ticas de Educa\u00e7\u00e3o de Adultos, com destaque para a aprendizagem da l\u00edngua norueguesa e os programas de integra\u00e7\u00e3o de migrantes e refugiados.<\/p>\n\n\n\n<p>\u2002\u2002\u2002\u2002Evidenciou-se uma forte aposta na interculturalidade, na inclus\u00e3o e na valoriza\u00e7\u00e3o das experi\u00eancias de vida dos formandos.<\/p>\n\n\n\n<p>\u2002\u2002\u2002\u2002A mobilidade permitiu conhecer o modelo noruegu\u00eas de integra\u00e7\u00e3o, assente na aprendizagem lingu\u00edstica, qualifica\u00e7\u00e3o profissional e inser\u00e7\u00e3o no mercado de trabalho.<\/p>\n\n\n\n<p>\u2002\u2002\u2002\u2002Esta experi\u00eancia refor\u00e7a a dimens\u00e3o europeia da educa\u00e7\u00e3o de adultos e a partilha de boas pr\u00e1ticas.<\/p>\n\n\n\n<p>\u2002\u2002\u2002\u2002Um agradecimento especial a Ellen Caspersen e a toda a equipa do Elverum L\u00e6ringssenter pelo acolhimento.<\/p>\n\n\n\n<div id=\"wp-block-themeisle-blocks-slider-c0696059\" class=\"wp-block-themeisle-blocks-slider glide\" data-per-view=\"1\" data-gap=\"0\" data-peek=\"0\" data-autoplay=\"true\" data-height=\"400px\" data-hide-arrows=\"false\"><div class=\"glide__track\" data-glide-el=\"track\"><div class=\"glide__slides\"><div class=\"wp-block-themeisle-blocks-slider-item-wrapper glide__slide\"><figure><img decoding=\"async\" class=\"wp-block-themeisle-blocks-slider-item\" src=\"https:\/\/escoladigital.madeira.gov.pt\/eb23torre\/wp-content\/uploads\/sites\/14\/2026\/02\/IMG_7500-scaled.jpeg\" alt=\"\" title=\"\" data-id=\"778\" \/><\/figure><\/div><div class=\"wp-block-themeisle-blocks-slider-item-wrapper glide__slide\"><figure><img decoding=\"async\" class=\"wp-block-themeisle-blocks-slider-item\" src=\"https:\/\/escoladigital.madeira.gov.pt\/eb23torre\/wp-content\/uploads\/sites\/14\/2026\/02\/IMG_8064-scaled.jpeg\" alt=\"\" title=\"\" data-id=\"777\" \/><\/figure><\/div><div class=\"wp-block-themeisle-blocks-slider-item-wrapper glide__slide\"><figure><img decoding=\"async\" class=\"wp-block-themeisle-blocks-slider-item\" src=\"https:\/\/escoladigital.madeira.gov.pt\/eb23torre\/wp-content\/uploads\/sites\/14\/2026\/02\/2040ed4c-ce9d-4f97-8741-4df7fd82a7ba.jpeg\" alt=\"\" title=\"\" data-id=\"776\" \/><\/figure><\/div><\/div><div class=\"glide__bullets\" data-glide-el=\"controls[nav]\"><button class=\"glide__bullet\" data-glide-dir=\"=0\"><\/button><button class=\"glide__bullet\" data-glide-dir=\"=1\"><\/button><button class=\"glide__bullet\" data-glide-dir=\"=2\"><\/button><\/div><\/div><\/div>\n","protected":false},"excerpt":{"rendered":"<p>\u2002\u2002\u2002\u2002Participa\u00e7\u00e3o numa atividade de&nbsp;Job Shadowing&nbsp;no&nbsp;Elverum L\u00e6ringssenter, no \u00e2mbito do&nbsp;Programa Erasmus+. \u2002\u2002\u2002\u2002Foram observadas pr\u00e1ticas de Educa\u00e7\u00e3o de Adultos, com destaque para a aprendizagem da l\u00edngua norueguesa e os programas de integra\u00e7\u00e3o de migrantes e refugiados. \u2002\u2002\u2002\u2002Evidenciou-se uma forte aposta na interculturalidade, na inclus\u00e3o e na valoriza\u00e7\u00e3o das experi\u00eancias de vida dos formandos. \u2002\u2002\u2002\u2002A mobilidade permitiu conhecer [&hellip;]<\/p>\n","protected":false},"author":112,"featured_media":0,"comment_status":"closed","ping_status":"closed","sticky":false,"template":"","format":"standard","meta":{"site-sidebar-layout":"default","site-content-layout":"","ast-site-content-layout":"default","site-content-style":"default","site-sidebar-style":"default","ast-global-header-display":"","ast-banner-title-visibility":"","ast-main-header-display":"","ast-hfb-above-header-display":"","ast-hfb-below-header-display":"","ast-hfb-mobile-header-display":"","site-post-title":"","ast-breadcrumbs-content":"","ast-featured-img":"","footer-sml-layout":"","ast-disable-related-posts":"","theme-transparent-header-meta":"","adv-header-id-meta":"","stick-header-meta":"","header-above-stick-meta":"","header-main-stick-meta":"","header-below-stick-meta":"","astra-migrate-meta-layouts":"default","ast-page-background-enabled":"default","ast-page-background-meta":{"desktop":{"background-color":"var(--ast-global-color-5)","background-image":"","background-repeat":"repeat","background-position":"center center","background-size":"auto","background-attachment":"scroll","background-type":"","background-media":"","overlay-type":"","overlay-color":"","overlay-opacity":"","overlay-gradient":""},"tablet":{"background-color":"","background-image":"","background-repeat":"repeat","background-position":"center center","background-size":"auto","background-attachment":"scroll","background-type":"","background-media":"","overlay-type":"","overlay-color":"","overlay-opacity":"","overlay-gradient":""},"mobile":{"background-color":"","background-image":"","background-repeat":"repeat","background-position":"center center","background-size":"auto","background-attachment":"scroll","background-type":"","background-media":"","overlay-type":"","overlay-color":"","overlay-opacity":"","overlay-gradient":""}},"ast-content-background-meta":{"desktop":{"background-color":"var(--ast-global-color-4)","background-image":"","background-repeat":"repeat","background-position":"center center","background-size":"auto","background-attachment":"scroll","background-type":"","background-media":"","overlay-type":"","overlay-color":"","overlay-opacity":"","overlay-gradient":""},"tablet":{"background-color":"var(--ast-global-color-4)","background-image":"","background-repeat":"repeat","background-position":"center center","background-size":"auto","background-attachment":"scroll","background-type":"","background-media":"","overlay-type":"","overlay-color":"","overlay-opacity":"","overlay-gradient":""},"mobile":{"background-color":"var(--ast-global-color-4)","background-image":"","background-repeat":"repeat","background-position":"center center","background-size":"auto","background-attachment":"scroll","background-type":"","background-media":"","overlay-type":"","overlay-color":"","overlay-opacity":"","overlay-gradient":""}},"_themeisle_gutenberg_block_has_review":false,"footnotes":""},"categories":[4],"tags":[],"class_list":["post-775","post","type-post","status-publish","format-standard","hentry","category-efa"],"_links":{"self":[{"href":"https:\/\/escoladigital.madeira.gov.pt\/eb23torre\/wp-json\/wp\/v2\/posts\/775","targetHints":{"allow":["GET"]}}],"collection":[{"href":"https:\/\/escoladigital.madeira.gov.pt\/eb23torre\/wp-json\/wp\/v2\/posts"}],"about":[{"href":"https:\/\/escoladigital.madeira.gov.pt\/eb23torre\/wp-json\/wp\/v2\/types\/post"}],"author":[{"embeddable":true,"href":"https:\/\/escoladigital.madeira.gov.pt\/eb23torre\/wp-json\/wp\/v2\/users\/112"}],"replies":[{"embeddable":true,"href":"https:\/\/escoladigital.madeira.gov.pt\/eb23torre\/wp-json\/wp\/v2\/comments?post=775"}],"version-history":[{"count":1,"href":"https:\/\/escoladigital.madeira.gov.pt\/eb23torre\/wp-json\/wp\/v2\/posts\/775\/revisions"}],"predecessor-version":[{"id":779,"href":"https:\/\/escoladigital.madeira.gov.pt\/eb23torre\/wp-json\/wp\/v2\/posts\/775\/revisions\/779"}],"wp:attachment":[{"href":"https:\/\/escoladigital.madeira.gov.pt\/eb23torre\/wp-json\/wp\/v2\/media?parent=775"}],"wp:term":[{"taxonomy":"category","embeddable":true,"href":"https:\/\/escoladigital.madeira.gov.pt\/eb23torre\/wp-json\/wp\/v2\/categories?post=775"},{"taxonomy":"post_tag","embeddable":true,"href":"https:\/\/escoladigital.madeira.gov.pt\/eb23torre\/wp-json\/wp\/v2\/tags?post=775"}],"curies":[{"name":"wp","href":"https:\/\/api.w.org\/{rel}","templated":true}]}}