{"id":786,"date":"2026-03-04T12:03:15","date_gmt":"2026-03-04T12:03:15","guid":{"rendered":"https:\/\/escoladigital.madeira.gov.pt\/eb23torre\/?p=786"},"modified":"2026-03-04T12:03:15","modified_gmt":"2026-03-04T12:03:15","slug":"escola-da-torre-no-10-o-campeonato-regional-de-jogos-matematicos","status":"publish","type":"post","link":"https:\/\/escoladigital.madeira.gov.pt\/eb23torre\/2026\/03\/04\/escola-da-torre-no-10-o-campeonato-regional-de-jogos-matematicos\/","title":{"rendered":"Escola da Torre no 10.\u00ba Campeonato Regional de Jogos Matem\u00e1ticos"},"content":{"rendered":"\n<p>A Escola da Torre marcou presen\u00e7a no 10.\u00ba Campeonato Regional de Jogos Matem\u00e1ticos (10CRJM), ap\u00f3s realizar os apuramentos internos, nos dias 15 e 22 de janeiro, que envolveram 37 alunos dos 2.\u00ba e 3.\u00ba ciclos. Deste grupo, foram selecionados seis finalistas para representar o estabelecimento de ensino na final regional, que decorreu a 6 de fevereiro, no Pavilh\u00e3o Gimnodesportivo Lu\u00eds Mendes, na Ribeira Brava.<\/p>\n\n\n\n<p>A cerim\u00f3nia contou com a presen\u00e7a da Secret\u00e1ria Regional de Educa\u00e7\u00e3o, Ci\u00eancia e Tecnologia, Elsa Fernandes, que elogiou o esfor\u00e7o e o empenho dos participantes, destacando o impacto positivo dos jogos matem\u00e1ticos na aprendizagem. \u00abAcredito que todos gostam de Matem\u00e1tica, ou n\u00e3o estariam nestes Jogos, que ajudam a estruturar o pensamento, a serem criativos e a dominarem estrat\u00e9gias; isso serve para muito mais do que a competi\u00e7\u00e3o, acompanha\u2011vos em todas as tarefas da Escola e da vida\u00bb, afirmou.<\/p>\n\n\n\n<p>O evento reuniu 289 alunos da Regi\u00e3o Aut\u00f3noma da Madeira, desde o 1.\u00ba ciclo ao ensino secund\u00e1rio, acompanhados por cerca de 100 professores. Durante a final, foram apurados os representantes para o 19.\u00ba Campeonato Nacional de Jogos Matem\u00e1ticos, marcado para 13 de mar\u00e7o, em Aveiro.<\/p>\n\n\n\n<p>No 2.\u00ba ciclo, os alunos da escola competiram nos jogos Produto, Quelhas e Domin\u00f3rio.<br>No 3.\u00ba ciclo, participaram nos jogos Produto, Quelhas e Atari Go, destacando\u2011se um aluno que alcan\u00e7ou um excelente 4.\u00ba lugar no Atari Go.<\/p>\n\n\n\n<p>Os professores do Conselho de Disciplina de Matem\u00e1tica e os dinamizadores do Clube de Matem\u00e1tica agradeceram a participa\u00e7\u00e3o de todos e elogiaram o empenho, o desportivismo e o comportamento exemplar dos seis finalistas.&#8221;<\/p>\n\n\n\n<div id=\"wp-block-themeisle-blocks-slider-b6898603\" class=\"wp-block-themeisle-blocks-slider glide\" data-per-view=\"1\" data-gap=\"0\" data-peek=\"0\" data-autoplay=\"true\" data-height=\"400px\" data-hide-arrows=\"false\"><div class=\"glide__track\" data-glide-el=\"track\"><div class=\"glide__slides\"><div class=\"wp-block-themeisle-blocks-slider-item-wrapper glide__slide\"><figure><img decoding=\"async\" class=\"wp-block-themeisle-blocks-slider-item\" src=\"https:\/\/escoladigital.madeira.gov.pt\/eb23torre\/wp-content\/uploads\/sites\/14\/2026\/03\/Foto2_noticia_10CRJM_6fev2026.jpeg\" alt=\"\" title=\"\" data-id=\"788\" \/><\/figure><\/div><div class=\"wp-block-themeisle-blocks-slider-item-wrapper glide__slide\"><figure><img decoding=\"async\" class=\"wp-block-themeisle-blocks-slider-item\" src=\"https:\/\/escoladigital.madeira.gov.pt\/eb23torre\/wp-content\/uploads\/sites\/14\/2026\/03\/Foto1_noticia_10CRJM_6fev2026.jpeg\" alt=\"\" title=\"\" data-id=\"787\" \/><\/figure><\/div><\/div><div class=\"glide__bullets\" data-glide-el=\"controls[nav]\"><button class=\"glide__bullet\" data-glide-dir=\"=0\"><\/button><button class=\"glide__bullet\" data-glide-dir=\"=1\"><\/button><\/div><\/div><\/div>\n","protected":false},"excerpt":{"rendered":"<p>A Escola da Torre marcou presen\u00e7a no 10.\u00ba Campeonato Regional de Jogos Matem\u00e1ticos (10CRJM), ap\u00f3s realizar os apuramentos internos, nos dias 15 e 22 de janeiro, que envolveram 37 alunos dos 2.\u00ba e 3.\u00ba ciclos. Deste grupo, foram selecionados seis finalistas para representar o estabelecimento de ensino na final regional, que decorreu a 6 de [&hellip;]<\/p>\n","protected":false},"author":112,"featured_media":0,"comment_status":"closed","ping_status":"closed","sticky":false,"template":"","format":"standard","meta":{"site-sidebar-layout":"default","site-content-layout":"","ast-site-content-layout":"default","site-content-style":"default","site-sidebar-style":"default","ast-global-header-display":"","ast-banner-title-visibility":"","ast-main-header-display":"","ast-hfb-above-header-display":"","ast-hfb-below-header-display":"","ast-hfb-mobile-header-display":"","site-post-title":"","ast-breadcrumbs-content":"","ast-featured-img":"","footer-sml-layout":"","ast-disable-related-posts":"","theme-transparent-header-meta":"","adv-header-id-meta":"","stick-header-meta":"","header-above-stick-meta":"","header-main-stick-meta":"","header-below-stick-meta":"","astra-migrate-meta-layouts":"default","ast-page-background-enabled":"default","ast-page-background-meta":{"desktop":{"background-color":"var(--ast-global-color-5)","background-image":"","background-repeat":"repeat","background-position":"center center","background-size":"auto","background-attachment":"scroll","background-type":"","background-media":"","overlay-type":"","overlay-color":"","overlay-opacity":"","overlay-gradient":""},"tablet":{"background-color":"","background-image":"","background-repeat":"repeat","background-position":"center center","background-size":"auto","background-attachment":"scroll","background-type":"","background-media":"","overlay-type":"","overlay-color":"","overlay-opacity":"","overlay-gradient":""},"mobile":{"background-color":"","background-image":"","background-repeat":"repeat","background-position":"center center","background-size":"auto","background-attachment":"scroll","background-type":"","background-media":"","overlay-type":"","overlay-color":"","overlay-opacity":"","overlay-gradient":""}},"ast-content-background-meta":{"desktop":{"background-color":"var(--ast-global-color-4)","background-image":"","background-repeat":"repeat","background-position":"center center","background-size":"auto","background-attachment":"scroll","background-type":"","background-media":"","overlay-type":"","overlay-color":"","overlay-opacity":"","overlay-gradient":""},"tablet":{"background-color":"var(--ast-global-color-4)","background-image":"","background-repeat":"repeat","background-position":"center center","background-size":"auto","background-attachment":"scroll","background-type":"","background-media":"","overlay-type":"","overlay-color":"","overlay-opacity":"","overlay-gradient":""},"mobile":{"background-color":"var(--ast-global-color-4)","background-image":"","background-repeat":"repeat","background-position":"center center","background-size":"auto","background-attachment":"scroll","background-type":"","background-media":"","overlay-type":"","overlay-color":"","overlay-opacity":"","overlay-gradient":""}},"_themeisle_gutenberg_block_has_review":false,"footnotes":""},"categories":[3],"tags":[],"class_list":["post-786","post","type-post","status-publish","format-standard","hentry","category-geral-noticias"],"_links":{"self":[{"href":"https:\/\/escoladigital.madeira.gov.pt\/eb23torre\/wp-json\/wp\/v2\/posts\/786","targetHints":{"allow":["GET"]}}],"collection":[{"href":"https:\/\/escoladigital.madeira.gov.pt\/eb23torre\/wp-json\/wp\/v2\/posts"}],"about":[{"href":"https:\/\/escoladigital.madeira.gov.pt\/eb23torre\/wp-json\/wp\/v2\/types\/post"}],"author":[{"embeddable":true,"href":"https:\/\/escoladigital.madeira.gov.pt\/eb23torre\/wp-json\/wp\/v2\/users\/112"}],"replies":[{"embeddable":true,"href":"https:\/\/escoladigital.madeira.gov.pt\/eb23torre\/wp-json\/wp\/v2\/comments?post=786"}],"version-history":[{"count":1,"href":"https:\/\/escoladigital.madeira.gov.pt\/eb23torre\/wp-json\/wp\/v2\/posts\/786\/revisions"}],"predecessor-version":[{"id":789,"href":"https:\/\/escoladigital.madeira.gov.pt\/eb23torre\/wp-json\/wp\/v2\/posts\/786\/revisions\/789"}],"wp:attachment":[{"href":"https:\/\/escoladigital.madeira.gov.pt\/eb23torre\/wp-json\/wp\/v2\/media?parent=786"}],"wp:term":[{"taxonomy":"category","embeddable":true,"href":"https:\/\/escoladigital.madeira.gov.pt\/eb23torre\/wp-json\/wp\/v2\/categories?post=786"},{"taxonomy":"post_tag","embeddable":true,"href":"https:\/\/escoladigital.madeira.gov.pt\/eb23torre\/wp-json\/wp\/v2\/tags?post=786"}],"curies":[{"name":"wp","href":"https:\/\/api.w.org\/{rel}","templated":true}]}}