{"id":1859,"date":"2025-10-31T15:41:38","date_gmt":"2025-10-31T15:41:38","guid":{"rendered":"https:\/\/escoladigital.madeira.gov.pt\/ebpcruz\/?p=1859"},"modified":"2025-10-31T15:45:53","modified_gmt":"2025-10-31T15:45:53","slug":"alunos-do-2-o-ciclo-em-aventura-com-camoes","status":"publish","type":"post","link":"https:\/\/escoladigital.madeira.gov.pt\/ebpcruz\/2025\/10\/31\/alunos-do-2-o-ciclo-em-aventura-com-camoes\/","title":{"rendered":"Alunos do 2.\u00ba Ciclo em &#8220;Aventura&#8221; com Cam\u00f5es"},"content":{"rendered":"\n<p>No \u00e2mbito das comemora\u00e7\u00f5es do V Centen\u00e1rio do Nascimento de Lu\u00eds de Cam\u00f5es, o Grupo Disciplinar de Portugu\u00eas inscreveu os alunos do 2.\u00ba Ciclo do Ensino B\u00e1sico num webinar, dedicado ao maior poeta da l\u00edngua portuguesa, dinamizado pelas aclamadas escritoras Isabel Al\u00e7ada e Ana Maria Magalh\u00e3es. <\/p>\n\n\n\n<p>O evento online, intitulado &#8220;Lu\u00eds Vaz de Cam\u00f5es: Um Poeta Genial&#8221;, decorreu num dia especial para a comunidade escolar \u2014 o Dia Internacional da Biblioteca Escolar (celebrado anualmente na \u00faltima segunda-feira de outubro) \u2014, e foi promovido pela Rede de Bibliotecas Escolares (RBE). <\/p>\n\n\n\n<p>As autoras, conhecidas sobretudo pela popular cole\u00e7\u00e3o infanto-juvenil Uma Aventura\u2026, conduziram os jovens estudantes numa verdadeira &#8220;Aventura&#8221; pelo universo de Cam\u00f5es. <\/p>\n\n\n\n<p>Tema central: O encontro centrou-se na vida, obra e nos mist\u00e9rios que envolvem Lu\u00eds Vaz de Cam\u00f5es, o homem cuja data da morte (10 de junho) inspira a celebra\u00e7\u00e3o do Dia de Portugal e das Comunidades Portuguesas. <\/p>\n\n\n\n<p>Obra em destaque: A conversa virtual teve como mote o livro das autoras, tamb\u00e9m intitulado Lu\u00eds Vaz de Cam\u00f5es: Um Poeta Genial (editado pela INCM), uma biografia ilustrada que torna a figura do poeta acess\u00edvel e apelativa para os leitores mais novos. <\/p>\n\n\n\n<p>Interatividade e Curiosidade: Foram comentadas imagens e partilhadas curiosidades hist\u00f3ricas que ajudaram os participantes a desvendar aspetos menos conhecidos da vida errante e apaixonada do poeta.<\/p>\n\n\n\n<p>O webinar cumpriu o objetivo de aproximar os alunos das figuras centrais da cultura portuguesa, tornando a efem\u00e9ride do V Centen\u00e1rio uma oportunidade de aprendizagem enriquecedora e l\u00fadica.<\/p>\n\n\n\n<figure class=\"wp-block-gallery has-nested-images columns-default is-cropped wp-block-gallery-1 is-layout-flex wp-block-gallery-is-layout-flex\">\n<figure class=\"wp-block-image size-large\"><img fetchpriority=\"high\" decoding=\"async\" width=\"800\" height=\"369\" data-id=\"1862\" src=\"https:\/\/escoladigital.madeira.gov.pt\/ebpcruz\/wp-content\/uploads\/sites\/10\/2025\/10\/2025-10-31_Camoes02.jpg\" alt=\"\" class=\"wp-image-1862\" srcset=\"https:\/\/escoladigital.madeira.gov.pt\/ebpcruz\/wp-content\/uploads\/sites\/10\/2025\/10\/2025-10-31_Camoes02.jpg 800w, https:\/\/escoladigital.madeira.gov.pt\/ebpcruz\/wp-content\/uploads\/sites\/10\/2025\/10\/2025-10-31_Camoes02-300x138.jpg 300w, https:\/\/escoladigital.madeira.gov.pt\/ebpcruz\/wp-content\/uploads\/sites\/10\/2025\/10\/2025-10-31_Camoes02-768x354.jpg 768w\" sizes=\"(max-width: 800px) 100vw, 800px\" \/><\/figure>\n\n\n\n<figure class=\"wp-block-image size-large\"><img decoding=\"async\" width=\"800\" height=\"369\" data-id=\"1861\" src=\"https:\/\/escoladigital.madeira.gov.pt\/ebpcruz\/wp-content\/uploads\/sites\/10\/2025\/10\/2025-10-31_Camoes01.jpg\" alt=\"\" class=\"wp-image-1861\" srcset=\"https:\/\/escoladigital.madeira.gov.pt\/ebpcruz\/wp-content\/uploads\/sites\/10\/2025\/10\/2025-10-31_Camoes01.jpg 800w, https:\/\/escoladigital.madeira.gov.pt\/ebpcruz\/wp-content\/uploads\/sites\/10\/2025\/10\/2025-10-31_Camoes01-300x138.jpg 300w, https:\/\/escoladigital.madeira.gov.pt\/ebpcruz\/wp-content\/uploads\/sites\/10\/2025\/10\/2025-10-31_Camoes01-768x354.jpg 768w\" sizes=\"(max-width: 800px) 100vw, 800px\" \/><\/figure>\n<\/figure>\n","protected":false},"excerpt":{"rendered":"<p>No \u00e2mbito das comemora\u00e7\u00f5es do V Centen\u00e1rio do Nascimento de Lu\u00eds de Cam\u00f5es, o Grupo Disciplinar de Portugu\u00eas inscreveu os [&hellip;]<\/p>\n","protected":false},"author":15,"featured_media":1863,"comment_status":"closed","ping_status":"closed","sticky":false,"template":"","format":"standard","meta":{"site-sidebar-layout":"default","site-content-layout":"","ast-site-content-layout":"default","site-content-style":"default","site-sidebar-style":"default","ast-global-header-display":"","ast-banner-title-visibility":"","ast-main-header-display":"","ast-hfb-above-header-display":"","ast-hfb-below-header-display":"","ast-hfb-mobile-header-display":"","site-post-title":"","ast-breadcrumbs-content":"","ast-featured-img":"","footer-sml-layout":"","ast-disable-related-posts":"","theme-transparent-header-meta":"","adv-header-id-meta":"","stick-header-meta":"","header-above-stick-meta":"","header-main-stick-meta":"","header-below-stick-meta":"","astra-migrate-meta-layouts":"default","ast-page-background-enabled":"default","ast-page-background-meta":{"desktop":{"background-color":"var(--ast-global-color-4)","background-image":"","background-repeat":"repeat","background-position":"center center","background-size":"auto","background-attachment":"scroll","background-type":"","background-media":"","overlay-type":"","overlay-color":"","overlay-opacity":"","overlay-gradient":""},"tablet":{"background-color":"","background-image":"","background-repeat":"repeat","background-position":"center center","background-size":"auto","background-attachment":"scroll","background-type":"","background-media":"","overlay-type":"","overlay-color":"","overlay-opacity":"","overlay-gradient":""},"mobile":{"background-color":"","background-image":"","background-repeat":"repeat","background-position":"center center","background-size":"auto","background-attachment":"scroll","background-type":"","background-media":"","overlay-type":"","overlay-color":"","overlay-opacity":"","overlay-gradient":""}},"ast-content-background-meta":{"desktop":{"background-color":"var(--ast-global-color-5)","background-image":"","background-repeat":"repeat","background-position":"center center","background-size":"auto","background-attachment":"scroll","background-type":"","background-media":"","overlay-type":"","overlay-color":"","overlay-opacity":"","overlay-gradient":""},"tablet":{"background-color":"var(--ast-global-color-5)","background-image":"","background-repeat":"repeat","background-position":"center center","background-size":"auto","background-attachment":"scroll","background-type":"","background-media":"","overlay-type":"","overlay-color":"","overlay-opacity":"","overlay-gradient":""},"mobile":{"background-color":"var(--ast-global-color-5)","background-image":"","background-repeat":"repeat","background-position":"center center","background-size":"auto","background-attachment":"scroll","background-type":"","background-media":"","overlay-type":"","overlay-color":"","overlay-opacity":"","overlay-gradient":""}},"_themeisle_gutenberg_block_has_review":false,"footnotes":""},"categories":[39],"tags":[],"class_list":["post-1859","post","type-post","status-publish","format-standard","has-post-thumbnail","hentry","category-gdportugues"],"_links":{"self":[{"href":"https:\/\/escoladigital.madeira.gov.pt\/ebpcruz\/wp-json\/wp\/v2\/posts\/1859","targetHints":{"allow":["GET"]}}],"collection":[{"href":"https:\/\/escoladigital.madeira.gov.pt\/ebpcruz\/wp-json\/wp\/v2\/posts"}],"about":[{"href":"https:\/\/escoladigital.madeira.gov.pt\/ebpcruz\/wp-json\/wp\/v2\/types\/post"}],"author":[{"embeddable":true,"href":"https:\/\/escoladigital.madeira.gov.pt\/ebpcruz\/wp-json\/wp\/v2\/users\/15"}],"replies":[{"embeddable":true,"href":"https:\/\/escoladigital.madeira.gov.pt\/ebpcruz\/wp-json\/wp\/v2\/comments?post=1859"}],"version-history":[{"count":2,"href":"https:\/\/escoladigital.madeira.gov.pt\/ebpcruz\/wp-json\/wp\/v2\/posts\/1859\/revisions"}],"predecessor-version":[{"id":1864,"href":"https:\/\/escoladigital.madeira.gov.pt\/ebpcruz\/wp-json\/wp\/v2\/posts\/1859\/revisions\/1864"}],"wp:featuredmedia":[{"embeddable":true,"href":"https:\/\/escoladigital.madeira.gov.pt\/ebpcruz\/wp-json\/wp\/v2\/media\/1863"}],"wp:attachment":[{"href":"https:\/\/escoladigital.madeira.gov.pt\/ebpcruz\/wp-json\/wp\/v2\/media?parent=1859"}],"wp:term":[{"taxonomy":"category","embeddable":true,"href":"https:\/\/escoladigital.madeira.gov.pt\/ebpcruz\/wp-json\/wp\/v2\/categories?post=1859"},{"taxonomy":"post_tag","embeddable":true,"href":"https:\/\/escoladigital.madeira.gov.pt\/ebpcruz\/wp-json\/wp\/v2\/tags?post=1859"}],"curies":[{"name":"wp","href":"https:\/\/api.w.org\/{rel}","templated":true}]}}