{"id":2099,"date":"2026-04-23T12:55:26","date_gmt":"2026-04-23T12:55:26","guid":{"rendered":"https:\/\/escoladigital.madeira.gov.pt\/ebpcruz\/?p=2099"},"modified":"2026-04-23T12:58:22","modified_gmt":"2026-04-23T12:58:22","slug":"hastear-da-bandeira-verde","status":"publish","type":"post","link":"https:\/\/escoladigital.madeira.gov.pt\/ebpcruz\/2026\/04\/23\/hastear-da-bandeira-verde\/","title":{"rendered":"Hastear da Bandeira Verde"},"content":{"rendered":"\n<p>  No \u00e2mbito do Programa Eco-Escolas, realizou-se, no dia 27 de mar\u00e7o de 2026, a cerim\u00f3nia do Hastear da Bandeira Verde de boas pr\u00e1ticas ambientais da nossa escola, pelo 15.\u00ba ano consecutivo, na presen\u00e7a da Dr.\u00aa Nadina Mota (Diretora de Servi\u00e7os de Educa\u00e7\u00e3o Pr\u00e9-Escolar e Ensino B\u00e1sico e Secund\u00e1rio), do Engenheiro Lu\u00eds Filipe Ferreira, em representa\u00e7\u00e3o da Dr.\u00aa Sofia Silva, Coordenadora Regional do Programa Eco-Escolas, do Dr. Alberto Manuel Olim (Vice-Presidente da C\u00e2mara Municipal de Machico, com o pelouro do Ambiente), do Engenheiro Cl\u00e1udio N\u00f3brega (Chefe da Divis\u00e3o de Ambiente e Sustentabilidade), do Professor Manuel Lu\u00eds Andrade (Presidente do Conselho Executivo da nossa escola), bem como de professores, funcion\u00e1rios, alunos e encarregados de educa\u00e7\u00e3o. Este momento foi enaltecido com uma interven\u00e7\u00e3o musical, apresentada pelos alunos do 1.\u00ba Ciclo, que interpretaram a can\u00e7\u00e3o \u201cEco-Escola do Porto da Cruz\u201d, especialmente preparada para esta ocasi\u00e3o, sob a orienta\u00e7\u00e3o do professor S\u00e9rgio Guimar\u00e3es. <\/p>\n\n\n\n<p> Esta cerim\u00f3nia integrou as atividades de encerramento do segundo per\u00edodo de aulas.<\/p>\n\n\n\n<figure class=\"wp-block-gallery has-nested-images columns-2 is-cropped wp-block-gallery-1 is-layout-flex wp-block-gallery-is-layout-flex\">\n<figure class=\"wp-block-image size-large\"><img fetchpriority=\"high\" decoding=\"async\" width=\"1024\" height=\"683\" data-id=\"2104\" src=\"https:\/\/escoladigital.madeira.gov.pt\/ebpcruz\/wp-content\/uploads\/sites\/10\/2026\/04\/20260327HBandeiraVerde04-1024x683.jpg\" alt=\"\" class=\"wp-image-2104\" srcset=\"https:\/\/escoladigital.madeira.gov.pt\/ebpcruz\/wp-content\/uploads\/sites\/10\/2026\/04\/20260327HBandeiraVerde04-1024x683.jpg 1024w, https:\/\/escoladigital.madeira.gov.pt\/ebpcruz\/wp-content\/uploads\/sites\/10\/2026\/04\/20260327HBandeiraVerde04-300x200.jpg 300w, https:\/\/escoladigital.madeira.gov.pt\/ebpcruz\/wp-content\/uploads\/sites\/10\/2026\/04\/20260327HBandeiraVerde04-768x512.jpg 768w, https:\/\/escoladigital.madeira.gov.pt\/ebpcruz\/wp-content\/uploads\/sites\/10\/2026\/04\/20260327HBandeiraVerde04.jpg 1200w\" sizes=\"(max-width: 1024px) 100vw, 1024px\" \/><\/figure>\n\n\n\n<figure class=\"wp-block-image size-large\"><img decoding=\"async\" width=\"1024\" height=\"683\" data-id=\"2103\" src=\"https:\/\/escoladigital.madeira.gov.pt\/ebpcruz\/wp-content\/uploads\/sites\/10\/2026\/04\/20260327HBandeiraVerde03-1024x683.jpg\" alt=\"\" class=\"wp-image-2103\" srcset=\"https:\/\/escoladigital.madeira.gov.pt\/ebpcruz\/wp-content\/uploads\/sites\/10\/2026\/04\/20260327HBandeiraVerde03-1024x683.jpg 1024w, https:\/\/escoladigital.madeira.gov.pt\/ebpcruz\/wp-content\/uploads\/sites\/10\/2026\/04\/20260327HBandeiraVerde03-300x200.jpg 300w, https:\/\/escoladigital.madeira.gov.pt\/ebpcruz\/wp-content\/uploads\/sites\/10\/2026\/04\/20260327HBandeiraVerde03-768x512.jpg 768w, https:\/\/escoladigital.madeira.gov.pt\/ebpcruz\/wp-content\/uploads\/sites\/10\/2026\/04\/20260327HBandeiraVerde03.jpg 1200w\" sizes=\"(max-width: 1024px) 100vw, 1024px\" \/><\/figure>\n\n\n\n<figure class=\"wp-block-image size-large\"><img decoding=\"async\" width=\"1024\" height=\"768\" data-id=\"2102\" src=\"https:\/\/escoladigital.madeira.gov.pt\/ebpcruz\/wp-content\/uploads\/sites\/10\/2026\/04\/20260327HBandeiraVerde02-1024x768.jpg\" alt=\"\" class=\"wp-image-2102\" srcset=\"https:\/\/escoladigital.madeira.gov.pt\/ebpcruz\/wp-content\/uploads\/sites\/10\/2026\/04\/20260327HBandeiraVerde02-1024x768.jpg 1024w, https:\/\/escoladigital.madeira.gov.pt\/ebpcruz\/wp-content\/uploads\/sites\/10\/2026\/04\/20260327HBandeiraVerde02-300x225.jpg 300w, https:\/\/escoladigital.madeira.gov.pt\/ebpcruz\/wp-content\/uploads\/sites\/10\/2026\/04\/20260327HBandeiraVerde02-768x576.jpg 768w, https:\/\/escoladigital.madeira.gov.pt\/ebpcruz\/wp-content\/uploads\/sites\/10\/2026\/04\/20260327HBandeiraVerde02.jpg 1200w\" sizes=\"(max-width: 1024px) 100vw, 1024px\" \/><\/figure>\n\n\n\n<figure class=\"wp-block-image size-large\"><img loading=\"lazy\" decoding=\"async\" width=\"1024\" height=\"683\" data-id=\"2101\" src=\"https:\/\/escoladigital.madeira.gov.pt\/ebpcruz\/wp-content\/uploads\/sites\/10\/2026\/04\/20260327HBandeiraVerde01-1024x683.jpg\" alt=\"\" class=\"wp-image-2101\" srcset=\"https:\/\/escoladigital.madeira.gov.pt\/ebpcruz\/wp-content\/uploads\/sites\/10\/2026\/04\/20260327HBandeiraVerde01-1024x683.jpg 1024w, https:\/\/escoladigital.madeira.gov.pt\/ebpcruz\/wp-content\/uploads\/sites\/10\/2026\/04\/20260327HBandeiraVerde01-300x200.jpg 300w, https:\/\/escoladigital.madeira.gov.pt\/ebpcruz\/wp-content\/uploads\/sites\/10\/2026\/04\/20260327HBandeiraVerde01-768x512.jpg 768w, https:\/\/escoladigital.madeira.gov.pt\/ebpcruz\/wp-content\/uploads\/sites\/10\/2026\/04\/20260327HBandeiraVerde01.jpg 1200w\" sizes=\"(max-width: 1024px) 100vw, 1024px\" \/><\/figure>\n<\/figure>\n","protected":false},"excerpt":{"rendered":"<p>No \u00e2mbito do Programa Eco-Escolas, realizou-se, no dia 27 de mar\u00e7o de 2026, a cerim\u00f3nia do Hastear da Bandeira Verde [&hellip;]<\/p>\n","protected":false},"author":15,"featured_media":964,"comment_status":"closed","ping_status":"closed","sticky":false,"template":"","format":"standard","meta":{"site-sidebar-layout":"default","site-content-layout":"","ast-site-content-layout":"default","site-content-style":"default","site-sidebar-style":"default","ast-global-header-display":"","ast-banner-title-visibility":"","ast-main-header-display":"","ast-hfb-above-header-display":"","ast-hfb-below-header-display":"","ast-hfb-mobile-header-display":"","site-post-title":"","ast-breadcrumbs-content":"","ast-featured-img":"","footer-sml-layout":"","ast-disable-related-posts":"","theme-transparent-header-meta":"","adv-header-id-meta":"","stick-header-meta":"","header-above-stick-meta":"","header-main-stick-meta":"","header-below-stick-meta":"","astra-migrate-meta-layouts":"default","ast-page-background-enabled":"default","ast-page-background-meta":{"desktop":{"background-color":"var(--ast-global-color-4)","background-image":"","background-repeat":"repeat","background-position":"center center","background-size":"auto","background-attachment":"scroll","background-type":"","background-media":"","overlay-type":"","overlay-color":"","overlay-opacity":"","overlay-gradient":""},"tablet":{"background-color":"","background-image":"","background-repeat":"repeat","background-position":"center center","background-size":"auto","background-attachment":"scroll","background-type":"","background-media":"","overlay-type":"","overlay-color":"","overlay-opacity":"","overlay-gradient":""},"mobile":{"background-color":"","background-image":"","background-repeat":"repeat","background-position":"center center","background-size":"auto","background-attachment":"scroll","background-type":"","background-media":"","overlay-type":"","overlay-color":"","overlay-opacity":"","overlay-gradient":""}},"ast-content-background-meta":{"desktop":{"background-color":"var(--ast-global-color-5)","background-image":"","background-repeat":"repeat","background-position":"center center","background-size":"auto","background-attachment":"scroll","background-type":"","background-media":"","overlay-type":"","overlay-color":"","overlay-opacity":"","overlay-gradient":""},"tablet":{"background-color":"var(--ast-global-color-5)","background-image":"","background-repeat":"repeat","background-position":"center center","background-size":"auto","background-attachment":"scroll","background-type":"","background-media":"","overlay-type":"","overlay-color":"","overlay-opacity":"","overlay-gradient":""},"mobile":{"background-color":"var(--ast-global-color-5)","background-image":"","background-repeat":"repeat","background-position":"center center","background-size":"auto","background-attachment":"scroll","background-type":"","background-media":"","overlay-type":"","overlay-color":"","overlay-opacity":"","overlay-gradient":""}},"_themeisle_gutenberg_block_has_review":false,"footnotes":""},"categories":[31],"tags":[],"class_list":["post-2099","post","type-post","status-publish","format-standard","has-post-thumbnail","hentry","category-eco-escolas"],"_links":{"self":[{"href":"https:\/\/escoladigital.madeira.gov.pt\/ebpcruz\/wp-json\/wp\/v2\/posts\/2099","targetHints":{"allow":["GET"]}}],"collection":[{"href":"https:\/\/escoladigital.madeira.gov.pt\/ebpcruz\/wp-json\/wp\/v2\/posts"}],"about":[{"href":"https:\/\/escoladigital.madeira.gov.pt\/ebpcruz\/wp-json\/wp\/v2\/types\/post"}],"author":[{"embeddable":true,"href":"https:\/\/escoladigital.madeira.gov.pt\/ebpcruz\/wp-json\/wp\/v2\/users\/15"}],"replies":[{"embeddable":true,"href":"https:\/\/escoladigital.madeira.gov.pt\/ebpcruz\/wp-json\/wp\/v2\/comments?post=2099"}],"version-history":[{"count":3,"href":"https:\/\/escoladigital.madeira.gov.pt\/ebpcruz\/wp-json\/wp\/v2\/posts\/2099\/revisions"}],"predecessor-version":[{"id":2106,"href":"https:\/\/escoladigital.madeira.gov.pt\/ebpcruz\/wp-json\/wp\/v2\/posts\/2099\/revisions\/2106"}],"wp:featuredmedia":[{"embeddable":true,"href":"https:\/\/escoladigital.madeira.gov.pt\/ebpcruz\/wp-json\/wp\/v2\/media\/964"}],"wp:attachment":[{"href":"https:\/\/escoladigital.madeira.gov.pt\/ebpcruz\/wp-json\/wp\/v2\/media?parent=2099"}],"wp:term":[{"taxonomy":"category","embeddable":true,"href":"https:\/\/escoladigital.madeira.gov.pt\/ebpcruz\/wp-json\/wp\/v2\/categories?post=2099"},{"taxonomy":"post_tag","embeddable":true,"href":"https:\/\/escoladigital.madeira.gov.pt\/ebpcruz\/wp-json\/wp\/v2\/tags?post=2099"}],"curies":[{"name":"wp","href":"https:\/\/api.w.org\/{rel}","templated":true}]}}