{"id":5596,"date":"2026-02-25T14:23:30","date_gmt":"2026-02-25T14:23:30","guid":{"rendered":"https:\/\/escoladigital.madeira.gov.pt\/ebspecalheta\/?p=5596"},"modified":"2026-02-25T14:25:56","modified_gmt":"2026-02-25T14:25:56","slug":"taca-escolar-de-educacao-rodoviaria-fase-escola","status":"publish","type":"post","link":"https:\/\/escoladigital.madeira.gov.pt\/ebspecalheta\/2026\/02\/25\/taca-escolar-de-educacao-rodoviaria-fase-escola\/","title":{"rendered":"Ta\u00e7a Escolar de Educa\u00e7\u00e3o Rodovi\u00e1ria \u2013 Fase Escola"},"content":{"rendered":"\t\t<div data-elementor-type=\"wp-post\" data-elementor-id=\"5596\" class=\"elementor elementor-5596\">\n\t\t\t\t<div class=\"elementor-element elementor-element-64fc4aae e-flex e-con-boxed e-con e-parent\" data-id=\"64fc4aae\" data-element_type=\"container\" data-e-type=\"container\">\n\t\t\t\t\t<div class=\"e-con-inner\">\n\t\t\t\t<div class=\"elementor-element elementor-element-26dd7c68 elementor-widget elementor-widget-text-editor\" data-id=\"26dd7c68\" data-element_type=\"widget\" data-e-type=\"widget\" data-widget_type=\"text-editor.default\">\n\t\t\t\t<div class=\"elementor-widget-container\">\n\t\t\t\t\t\t\t\t\t\n<p>No \u00e2mbito do Projeto de Preven\u00e7\u00e3o Rodovi\u00e1ria, teve lugar, no polo da Faj\u00e3 da Ovelha, a Prova da Ta\u00e7a Escolar de Educa\u00e7\u00e3o Rodovi\u00e1ria \u2013 XIX Edi\u00e7\u00e3o \u2013 Fase Escola, desenvolvida em articula\u00e7\u00e3o com a disciplina de Educa\u00e7\u00e3o F\u00edsica. A iniciativa incluiu a realiza\u00e7\u00e3o de um teste escrito para avalia\u00e7\u00e3o de conhecimentos e uma prova pr\u00e1tica de maneabilidade. Atrav\u00e9s desta atividade, os alunos tiveram a oportunidade de, de forma l\u00fadica, associar a pr\u00e1tica de exerc\u00edcio f\u00edsico ao refor\u00e7o e consolida\u00e7\u00e3o de conte\u00fados de Educa\u00e7\u00e3o Rodovi\u00e1ria. A professora dinamizadora do projeto, Sandra Meneses, agradece ao docente Nelson Mangana e ao aluno Bernardo, do 11.\u00ba ano, pela colabora\u00e7\u00e3o e apoio na concretiza\u00e7\u00e3o da atividade. Seguem-se alguns registos fotogr\u00e1ficos da atividade!<\/p>\n\t\t\t\t\t\t\t\t<\/div>\n\t\t\t\t<\/div>\n\t\t\t\t<div class=\"elementor-element elementor-element-7eaf55d elementor-widget elementor-widget-image-gallery\" data-id=\"7eaf55d\" data-element_type=\"widget\" data-e-type=\"widget\" data-widget_type=\"image-gallery.default\">\n\t\t\t\t<div class=\"elementor-widget-container\">\n\t\t\t\t\t\t\t<div class=\"elementor-image-gallery\">\n\t\t\t<div id='gallery-1' class='gallery galleryid-5596 gallery-columns-3 gallery-size-large'><figure class='gallery-item'>\n\t\t\t<div class='gallery-icon landscape'>\n\t\t\t\t<a data-elementor-open-lightbox=\"yes\" data-elementor-lightbox-slideshow=\"7eaf55d\" data-elementor-lightbox-title=\"rd3\" data-e-action-hash=\"#elementor-action%3Aaction%3Dlightbox%26settings%3DeyJpZCI6NTU5OSwidXJsIjoiaHR0cHM6XC9cL2VzY29sYWRpZ2l0YWwubWFkZWlyYS5nb3YucHRcL2Vic3BlY2FsaGV0YVwvd3AtY29udGVudFwvdXBsb2Fkc1wvc2l0ZXNcLzNcLzIwMjZcLzAyXC9yZDMuanBnIiwic2xpZGVzaG93IjoiN2VhZjU1ZCJ9\" href='https:\/\/escoladigital.madeira.gov.pt\/ebspecalheta\/wp-content\/uploads\/sites\/3\/2026\/02\/rd3.jpg'><img fetchpriority=\"high\" decoding=\"async\" width=\"1024\" height=\"576\" src=\"https:\/\/escoladigital.madeira.gov.pt\/ebspecalheta\/wp-content\/uploads\/sites\/3\/2026\/02\/rd3-1024x576.jpg\" class=\"attachment-large size-large\" alt=\"\" srcset=\"https:\/\/escoladigital.madeira.gov.pt\/ebspecalheta\/wp-content\/uploads\/sites\/3\/2026\/02\/rd3-1024x576.jpg 1024w, https:\/\/escoladigital.madeira.gov.pt\/ebspecalheta\/wp-content\/uploads\/sites\/3\/2026\/02\/rd3-300x169.jpg 300w, https:\/\/escoladigital.madeira.gov.pt\/ebspecalheta\/wp-content\/uploads\/sites\/3\/2026\/02\/rd3-768x432.jpg 768w, https:\/\/escoladigital.madeira.gov.pt\/ebspecalheta\/wp-content\/uploads\/sites\/3\/2026\/02\/rd3.jpg 1280w\" sizes=\"(max-width: 1024px) 100vw, 1024px\" \/><\/a>\n\t\t\t<\/div><\/figure><figure class='gallery-item'>\n\t\t\t<div class='gallery-icon landscape'>\n\t\t\t\t<a data-elementor-open-lightbox=\"yes\" data-elementor-lightbox-slideshow=\"7eaf55d\" data-elementor-lightbox-title=\"rd2\" data-e-action-hash=\"#elementor-action%3Aaction%3Dlightbox%26settings%3DeyJpZCI6NTU5OCwidXJsIjoiaHR0cHM6XC9cL2VzY29sYWRpZ2l0YWwubWFkZWlyYS5nb3YucHRcL2Vic3BlY2FsaGV0YVwvd3AtY29udGVudFwvdXBsb2Fkc1wvc2l0ZXNcLzNcLzIwMjZcLzAyXC9yZDIuanBnIiwic2xpZGVzaG93IjoiN2VhZjU1ZCJ9\" href='https:\/\/escoladigital.madeira.gov.pt\/ebspecalheta\/wp-content\/uploads\/sites\/3\/2026\/02\/rd2.jpg'><img decoding=\"async\" width=\"1024\" height=\"576\" src=\"https:\/\/escoladigital.madeira.gov.pt\/ebspecalheta\/wp-content\/uploads\/sites\/3\/2026\/02\/rd2-1024x576.jpg\" class=\"attachment-large size-large\" alt=\"\" srcset=\"https:\/\/escoladigital.madeira.gov.pt\/ebspecalheta\/wp-content\/uploads\/sites\/3\/2026\/02\/rd2-1024x576.jpg 1024w, https:\/\/escoladigital.madeira.gov.pt\/ebspecalheta\/wp-content\/uploads\/sites\/3\/2026\/02\/rd2-300x169.jpg 300w, https:\/\/escoladigital.madeira.gov.pt\/ebspecalheta\/wp-content\/uploads\/sites\/3\/2026\/02\/rd2-768x432.jpg 768w, https:\/\/escoladigital.madeira.gov.pt\/ebspecalheta\/wp-content\/uploads\/sites\/3\/2026\/02\/rd2.jpg 1280w\" sizes=\"(max-width: 1024px) 100vw, 1024px\" \/><\/a>\n\t\t\t<\/div><\/figure><figure class='gallery-item'>\n\t\t\t<div class='gallery-icon landscape'>\n\t\t\t\t<a data-elementor-open-lightbox=\"yes\" data-elementor-lightbox-slideshow=\"7eaf55d\" data-elementor-lightbox-title=\"rd1\" data-e-action-hash=\"#elementor-action%3Aaction%3Dlightbox%26settings%3DeyJpZCI6NTU5NywidXJsIjoiaHR0cHM6XC9cL2VzY29sYWRpZ2l0YWwubWFkZWlyYS5nb3YucHRcL2Vic3BlY2FsaGV0YVwvd3AtY29udGVudFwvdXBsb2Fkc1wvc2l0ZXNcLzNcLzIwMjZcLzAyXC9yZDEuanBnIiwic2xpZGVzaG93IjoiN2VhZjU1ZCJ9\" href='https:\/\/escoladigital.madeira.gov.pt\/ebspecalheta\/wp-content\/uploads\/sites\/3\/2026\/02\/rd1.jpg'><img decoding=\"async\" width=\"1024\" height=\"576\" src=\"https:\/\/escoladigital.madeira.gov.pt\/ebspecalheta\/wp-content\/uploads\/sites\/3\/2026\/02\/rd1-1024x576.jpg\" class=\"attachment-large size-large\" alt=\"\" srcset=\"https:\/\/escoladigital.madeira.gov.pt\/ebspecalheta\/wp-content\/uploads\/sites\/3\/2026\/02\/rd1-1024x576.jpg 1024w, https:\/\/escoladigital.madeira.gov.pt\/ebspecalheta\/wp-content\/uploads\/sites\/3\/2026\/02\/rd1-300x169.jpg 300w, https:\/\/escoladigital.madeira.gov.pt\/ebspecalheta\/wp-content\/uploads\/sites\/3\/2026\/02\/rd1-768x432.jpg 768w, https:\/\/escoladigital.madeira.gov.pt\/ebspecalheta\/wp-content\/uploads\/sites\/3\/2026\/02\/rd1.jpg 1280w\" sizes=\"(max-width: 1024px) 100vw, 1024px\" \/><\/a>\n\t\t\t<\/div><\/figure>\n\t\t<\/div>\n\t\t<\/div>\n\t\t\t\t\t\t<\/div>\n\t\t\t\t<\/div>\n\t\t\t\t\t<\/div>\n\t\t\t\t<\/div>\n\t\t\t\t<\/div>\n\t\t","protected":false},"excerpt":{"rendered":"<p>No \u00e2mbito do Projeto de Preven\u00e7\u00e3o Rodovi\u00e1ria, teve lugar, no polo da Faj\u00e3 da Ovelha, a Prova da Ta\u00e7a Escolar de Educa\u00e7\u00e3o Rodovi\u00e1ria \u2013 XIX Edi\u00e7\u00e3o \u2013 Fase Escola, desenvolvida em articula\u00e7\u00e3o com a disciplina de Educa\u00e7\u00e3o F\u00edsica. A iniciativa incluiu a realiza\u00e7\u00e3o de um teste escrito para avalia\u00e7\u00e3o de conhecimentos e uma prova pr\u00e1tica [&hellip;]<\/p>\n","protected":false},"author":4,"featured_media":5598,"comment_status":"closed","ping_status":"closed","sticky":false,"template":"","format":"standard","meta":{"site-sidebar-layout":"default","site-content-layout":"","ast-site-content-layout":"default","site-content-style":"default","site-sidebar-style":"default","ast-global-header-display":"","ast-banner-title-visibility":"","ast-main-header-display":"","ast-hfb-above-header-display":"","ast-hfb-below-header-display":"","ast-hfb-mobile-header-display":"","site-post-title":"","ast-breadcrumbs-content":"","ast-featured-img":"","footer-sml-layout":"","ast-disable-related-posts":"","theme-transparent-header-meta":"","adv-header-id-meta":"","stick-header-meta":"","header-above-stick-meta":"","header-main-stick-meta":"","header-below-stick-meta":"","astra-migrate-meta-layouts":"default","ast-page-background-enabled":"default","ast-page-background-meta":{"desktop":{"background-color":"var(--ast-global-color-4)","background-image":"","background-repeat":"repeat","background-position":"center center","background-size":"auto","background-attachment":"scroll","background-type":"","background-media":"","overlay-type":"","overlay-color":"","overlay-opacity":"","overlay-gradient":""},"tablet":{"background-color":"","background-image":"","background-repeat":"repeat","background-position":"center center","background-size":"auto","background-attachment":"scroll","background-type":"","background-media":"","overlay-type":"","overlay-color":"","overlay-opacity":"","overlay-gradient":""},"mobile":{"background-color":"","background-image":"","background-repeat":"repeat","background-position":"center center","background-size":"auto","background-attachment":"scroll","background-type":"","background-media":"","overlay-type":"","overlay-color":"","overlay-opacity":"","overlay-gradient":""}},"ast-content-background-meta":{"desktop":{"background-color":"var(--ast-global-color-5)","background-image":"","background-repeat":"repeat","background-position":"center center","background-size":"auto","background-attachment":"scroll","background-type":"","background-media":"","overlay-type":"","overlay-color":"","overlay-opacity":"","overlay-gradient":""},"tablet":{"background-color":"var(--ast-global-color-5)","background-image":"","background-repeat":"repeat","background-position":"center center","background-size":"auto","background-attachment":"scroll","background-type":"","background-media":"","overlay-type":"","overlay-color":"","overlay-opacity":"","overlay-gradient":""},"mobile":{"background-color":"var(--ast-global-color-5)","background-image":"","background-repeat":"repeat","background-position":"center center","background-size":"auto","background-attachment":"scroll","background-type":"","background-media":"","overlay-type":"","overlay-color":"","overlay-opacity":"","overlay-gradient":""}},"_themeisle_gutenberg_block_has_review":false,"footnotes":""},"categories":[67],"tags":[],"class_list":["post-5596","post","type-post","status-publish","format-standard","has-post-thumbnail","hentry","category-plano-regional-de-prevencao-rodoviaria"],"_links":{"self":[{"href":"https:\/\/escoladigital.madeira.gov.pt\/ebspecalheta\/wp-json\/wp\/v2\/posts\/5596","targetHints":{"allow":["GET"]}}],"collection":[{"href":"https:\/\/escoladigital.madeira.gov.pt\/ebspecalheta\/wp-json\/wp\/v2\/posts"}],"about":[{"href":"https:\/\/escoladigital.madeira.gov.pt\/ebspecalheta\/wp-json\/wp\/v2\/types\/post"}],"author":[{"embeddable":true,"href":"https:\/\/escoladigital.madeira.gov.pt\/ebspecalheta\/wp-json\/wp\/v2\/users\/4"}],"replies":[{"embeddable":true,"href":"https:\/\/escoladigital.madeira.gov.pt\/ebspecalheta\/wp-json\/wp\/v2\/comments?post=5596"}],"version-history":[{"count":7,"href":"https:\/\/escoladigital.madeira.gov.pt\/ebspecalheta\/wp-json\/wp\/v2\/posts\/5596\/revisions"}],"predecessor-version":[{"id":5606,"href":"https:\/\/escoladigital.madeira.gov.pt\/ebspecalheta\/wp-json\/wp\/v2\/posts\/5596\/revisions\/5606"}],"wp:featuredmedia":[{"embeddable":true,"href":"https:\/\/escoladigital.madeira.gov.pt\/ebspecalheta\/wp-json\/wp\/v2\/media\/5598"}],"wp:attachment":[{"href":"https:\/\/escoladigital.madeira.gov.pt\/ebspecalheta\/wp-json\/wp\/v2\/media?parent=5596"}],"wp:term":[{"taxonomy":"category","embeddable":true,"href":"https:\/\/escoladigital.madeira.gov.pt\/ebspecalheta\/wp-json\/wp\/v2\/categories?post=5596"},{"taxonomy":"post_tag","embeddable":true,"href":"https:\/\/escoladigital.madeira.gov.pt\/ebspecalheta\/wp-json\/wp\/v2\/tags?post=5596"}],"curies":[{"name":"wp","href":"https:\/\/api.w.org\/{rel}","templated":true}]}}