{"id":5925,"date":"2026-03-27T16:24:43","date_gmt":"2026-03-27T16:24:43","guid":{"rendered":"https:\/\/escoladigital.madeira.gov.pt\/ebspecalheta\/?p=5925"},"modified":"2026-03-27T16:29:48","modified_gmt":"2026-03-27T16:29:48","slug":"sensibilizar-para-poupar-sessao-sobre-energia-e-sustentabilidade-na-escola","status":"publish","type":"post","link":"https:\/\/escoladigital.madeira.gov.pt\/ebspecalheta\/2026\/03\/27\/sensibilizar-para-poupar-sessao-sobre-energia-e-sustentabilidade-na-escola\/","title":{"rendered":"Sensibilizar para Poupar: Sess\u00e3o sobre Energia e Sustentabilidade na Escola"},"content":{"rendered":"\t\t<div data-elementor-type=\"wp-post\" data-elementor-id=\"5925\" class=\"elementor elementor-5925\">\n\t\t\t\t<div class=\"elementor-element elementor-element-3afe5197 e-flex e-con-boxed e-con e-parent\" data-id=\"3afe5197\" data-element_type=\"container\" data-e-type=\"container\">\n\t\t\t\t\t<div class=\"e-con-inner\">\n\t\t\t\t<div class=\"elementor-element elementor-element-58f204f4 elementor-widget elementor-widget-text-editor\" data-id=\"58f204f4\" data-element_type=\"widget\" data-e-type=\"widget\" data-widget_type=\"text-editor.default\">\n\t\t\t\t<div class=\"elementor-widget-container\">\n\t\t\t\t\t\t\t\t\t\n<p>No passado dia 26 de mar\u00e7o, realizou-se na nossa escola uma a\u00e7\u00e3o de apresenta\u00e7\u00e3o sobre a caracteriza\u00e7\u00e3o da pobreza energ\u00e9tica, dinamizada pelo t\u00e9cnico F\u00e1bio Pereira, da AREAM &#8211; Ag\u00eancia Regional de Energia e Ambiente da Regi\u00e3o Aut\u00f3noma da Madeira.<\/p>\n\n<p>A iniciativa decorreu no \u00e2mbito do projeto RESMAC e contou com a participa\u00e7\u00e3o das turmas 1 e 2 do 9.\u00ba ano, acompanhadas pelos docentes Andrea S., Jos\u00e9 N., Susana R. e Carla M.<\/p>\n\n<p>Durante a sess\u00e3o, foram abordados diversos temas de grande relev\u00e2ncia para o quotidiano dos alunos, nomeadamente os consumos de energia, a sensibiliza\u00e7\u00e3o para a melhoria da efici\u00eancia energ\u00e9tica e a utiliza\u00e7\u00e3o de energias renov\u00e1veis no setor da habita\u00e7\u00e3o. Foram ainda explorados aspetos pr\u00e1ticos como a leitura e interpreta\u00e7\u00e3o de etiquetas energ\u00e9ticas de equipamentos, a an\u00e1lise de faturas de eletricidade, tarif\u00e1rios e ciclos de fatura\u00e7\u00e3o, bem como quest\u00f5es relacionadas com ilumina\u00e7\u00e3o, medidas de poupan\u00e7a de \u00e1gua e energia e equipamentos t\u00e9rmicos de edif\u00edcios.<\/p>\n\n<p>A atividade foi organizada pelos coordenadores do projeto Eco-Escolas do Polo da Calheta, que expressam o seu agradecimento pela disponibilidade e pelo excelente contributo do orador, assim como pelo empenho dos professores acompanhantes.<\/p>\n\n<p>A a\u00e7\u00e3o decorreu de forma muito positiva, revelando-se uma mais-valia para os alunos, que tiveram a oportunidade de adquirir conhecimentos \u00fateis e aplic\u00e1veis no seu dia a dia, contribuindo para uma maior consci\u00eancia ambiental e energ\u00e9tica.<\/p>\n\t\t\t\t\t\t\t\t<\/div>\n\t\t\t\t<\/div>\n\t\t\t\t<div class=\"elementor-element elementor-element-4922f20 elementor-widget elementor-widget-image\" data-id=\"4922f20\" data-element_type=\"widget\" data-e-type=\"widget\" data-widget_type=\"image.default\">\n\t\t\t\t<div class=\"elementor-widget-container\">\n\t\t\t\t\t\t\t\t\t\t\t\t\t\t\t<img fetchpriority=\"high\" decoding=\"async\" width=\"1024\" height=\"576\" src=\"https:\/\/escoladigital.madeira.gov.pt\/ebspecalheta\/wp-content\/uploads\/sites\/3\/2026\/03\/energia2-1024x576.jpg\" class=\"attachment-large size-large wp-image-5927\" alt=\"\" srcset=\"https:\/\/escoladigital.madeira.gov.pt\/ebspecalheta\/wp-content\/uploads\/sites\/3\/2026\/03\/energia2-1024x576.jpg 1024w, https:\/\/escoladigital.madeira.gov.pt\/ebspecalheta\/wp-content\/uploads\/sites\/3\/2026\/03\/energia2-300x169.jpg 300w, https:\/\/escoladigital.madeira.gov.pt\/ebspecalheta\/wp-content\/uploads\/sites\/3\/2026\/03\/energia2-768x432.jpg 768w, https:\/\/escoladigital.madeira.gov.pt\/ebspecalheta\/wp-content\/uploads\/sites\/3\/2026\/03\/energia2.jpg 1280w\" sizes=\"(max-width: 1024px) 100vw, 1024px\" \/>\t\t\t\t\t\t\t\t\t\t\t\t\t\t\t<\/div>\n\t\t\t\t<\/div>\n\t\t\t\t\t<\/div>\n\t\t\t\t<\/div>\n\t\t\t\t<\/div>\n\t\t","protected":false},"excerpt":{"rendered":"<p>No passado dia 26 de mar\u00e7o, realizou-se na nossa escola uma a\u00e7\u00e3o de apresenta\u00e7\u00e3o sobre a caracteriza\u00e7\u00e3o da pobreza energ\u00e9tica, dinamizada pelo t\u00e9cnico F\u00e1bio Pereira, da AREAM &#8211; Ag\u00eancia Regional de Energia e Ambiente da Regi\u00e3o Aut\u00f3noma da Madeira. A iniciativa decorreu no \u00e2mbito do projeto RESMAC e contou com a participa\u00e7\u00e3o das turmas 1 [&hellip;]<\/p>\n","protected":false},"author":4,"featured_media":5928,"comment_status":"closed","ping_status":"closed","sticky":false,"template":"","format":"standard","meta":{"site-sidebar-layout":"default","site-content-layout":"","ast-site-content-layout":"default","site-content-style":"default","site-sidebar-style":"default","ast-global-header-display":"","ast-banner-title-visibility":"","ast-main-header-display":"","ast-hfb-above-header-display":"","ast-hfb-below-header-display":"","ast-hfb-mobile-header-display":"","site-post-title":"","ast-breadcrumbs-content":"","ast-featured-img":"","footer-sml-layout":"","ast-disable-related-posts":"","theme-transparent-header-meta":"","adv-header-id-meta":"","stick-header-meta":"","header-above-stick-meta":"","header-main-stick-meta":"","header-below-stick-meta":"","astra-migrate-meta-layouts":"default","ast-page-background-enabled":"default","ast-page-background-meta":{"desktop":{"background-color":"var(--ast-global-color-4)","background-image":"","background-repeat":"repeat","background-position":"center center","background-size":"auto","background-attachment":"scroll","background-type":"","background-media":"","overlay-type":"","overlay-color":"","overlay-opacity":"","overlay-gradient":""},"tablet":{"background-color":"","background-image":"","background-repeat":"repeat","background-position":"center center","background-size":"auto","background-attachment":"scroll","background-type":"","background-media":"","overlay-type":"","overlay-color":"","overlay-opacity":"","overlay-gradient":""},"mobile":{"background-color":"","background-image":"","background-repeat":"repeat","background-position":"center center","background-size":"auto","background-attachment":"scroll","background-type":"","background-media":"","overlay-type":"","overlay-color":"","overlay-opacity":"","overlay-gradient":""}},"ast-content-background-meta":{"desktop":{"background-color":"var(--ast-global-color-5)","background-image":"","background-repeat":"repeat","background-position":"center center","background-size":"auto","background-attachment":"scroll","background-type":"","background-media":"","overlay-type":"","overlay-color":"","overlay-opacity":"","overlay-gradient":""},"tablet":{"background-color":"var(--ast-global-color-5)","background-image":"","background-repeat":"repeat","background-position":"center center","background-size":"auto","background-attachment":"scroll","background-type":"","background-media":"","overlay-type":"","overlay-color":"","overlay-opacity":"","overlay-gradient":""},"mobile":{"background-color":"var(--ast-global-color-5)","background-image":"","background-repeat":"repeat","background-position":"center center","background-size":"auto","background-attachment":"scroll","background-type":"","background-media":"","overlay-type":"","overlay-color":"","overlay-opacity":"","overlay-gradient":""}},"_themeisle_gutenberg_block_has_review":false,"footnotes":""},"categories":[56],"tags":[],"class_list":["post-5925","post","type-post","status-publish","format-standard","has-post-thumbnail","hentry","category-eco-escolas"],"_links":{"self":[{"href":"https:\/\/escoladigital.madeira.gov.pt\/ebspecalheta\/wp-json\/wp\/v2\/posts\/5925","targetHints":{"allow":["GET"]}}],"collection":[{"href":"https:\/\/escoladigital.madeira.gov.pt\/ebspecalheta\/wp-json\/wp\/v2\/posts"}],"about":[{"href":"https:\/\/escoladigital.madeira.gov.pt\/ebspecalheta\/wp-json\/wp\/v2\/types\/post"}],"author":[{"embeddable":true,"href":"https:\/\/escoladigital.madeira.gov.pt\/ebspecalheta\/wp-json\/wp\/v2\/users\/4"}],"replies":[{"embeddable":true,"href":"https:\/\/escoladigital.madeira.gov.pt\/ebspecalheta\/wp-json\/wp\/v2\/comments?post=5925"}],"version-history":[{"count":4,"href":"https:\/\/escoladigital.madeira.gov.pt\/ebspecalheta\/wp-json\/wp\/v2\/posts\/5925\/revisions"}],"predecessor-version":[{"id":5931,"href":"https:\/\/escoladigital.madeira.gov.pt\/ebspecalheta\/wp-json\/wp\/v2\/posts\/5925\/revisions\/5931"}],"wp:featuredmedia":[{"embeddable":true,"href":"https:\/\/escoladigital.madeira.gov.pt\/ebspecalheta\/wp-json\/wp\/v2\/media\/5928"}],"wp:attachment":[{"href":"https:\/\/escoladigital.madeira.gov.pt\/ebspecalheta\/wp-json\/wp\/v2\/media?parent=5925"}],"wp:term":[{"taxonomy":"category","embeddable":true,"href":"https:\/\/escoladigital.madeira.gov.pt\/ebspecalheta\/wp-json\/wp\/v2\/categories?post=5925"},{"taxonomy":"post_tag","embeddable":true,"href":"https:\/\/escoladigital.madeira.gov.pt\/ebspecalheta\/wp-json\/wp\/v2\/tags?post=5925"}],"curies":[{"name":"wp","href":"https:\/\/api.w.org\/{rel}","templated":true}]}}