{"id":5934,"date":"2026-03-27T20:14:57","date_gmt":"2026-03-27T20:14:57","guid":{"rendered":"https:\/\/escoladigital.madeira.gov.pt\/ebspecalheta\/?p=5934"},"modified":"2026-03-27T20:16:14","modified_gmt":"2026-03-27T20:16:14","slug":"a-poesia-tambem-e-para-ver-uma-viagem-pela-poesia-visual-portuguesa","status":"publish","type":"post","link":"https:\/\/escoladigital.madeira.gov.pt\/ebspecalheta\/2026\/03\/27\/a-poesia-tambem-e-para-ver-uma-viagem-pela-poesia-visual-portuguesa\/","title":{"rendered":"\u201cA poesia tamb\u00e9m \u00e9 para ver \u2013 uma viagem pela poesia visual portuguesa\u201d"},"content":{"rendered":"\t\t<div data-elementor-type=\"wp-post\" data-elementor-id=\"5934\" class=\"elementor elementor-5934\">\n\t\t\t\t<div class=\"elementor-element elementor-element-6ab72b70 e-flex e-con-boxed e-con e-parent\" data-id=\"6ab72b70\" data-element_type=\"container\" data-e-type=\"container\">\n\t\t\t\t\t<div class=\"e-con-inner\">\n\t\t\t\t<div class=\"elementor-element elementor-element-53591db8 elementor-widget elementor-widget-text-editor\" data-id=\"53591db8\" data-element_type=\"widget\" data-e-type=\"widget\" data-widget_type=\"text-editor.default\">\n\t\t\t\t<div class=\"elementor-widget-container\">\n\t\t\t\t\t\t\t\t\t\n<p>De forma a assinalar o Dia Mundial da Poesia, o grupo disciplinar de Portugu\u00eas dinamizou a sess\u00e3o \u201cA poesia tamb\u00e9m \u00e9 para ver \u2013 uma viagem pela poesia visual portuguesa\u201d.<\/p>\n\n<p>Tendo por base uma Maleta pedag\u00f3gica, criada e disponibilizada pelo servi\u00e7o educativo do Arquivo e Biblioteca da Madeira, os alunos da turma 7\/4 puderam explorar poemas visuais de diversos autores portugueses que estiveram na origem do Movimento da Poesia Experimental.<\/p>\n\n<p>Al\u00e9m da explora\u00e7\u00e3o dos poemas transformados num objeto tridimensional, vulgo \u201cpop-up\u201d, os discentes puderam criar o seu pr\u00f3prio poema-objeto.<br \/>A iniciativa foi dinamizada pelo delegado daquele grupo disciplinar, em colabora\u00e7\u00e3o com a docente da disciplina de Portugu\u00eas da turma.<\/p>\n\n<p>A escola agradece ao Arquivo e Biblioteca da Madeira o empr\u00e9stimo do material. \u00a0<\/p>\n\t\t\t\t\t\t\t\t<\/div>\n\t\t\t\t<\/div>\n\t\t\t\t<div class=\"elementor-element elementor-element-5f648dc elementor-widget elementor-widget-video\" data-id=\"5f648dc\" data-element_type=\"widget\" data-e-type=\"widget\" data-settings=\"{&quot;youtube_url&quot;:&quot;https:\\\/\\\/youtu.be\\\/2erK5Jx_BmQ&quot;,&quot;video_type&quot;:&quot;youtube&quot;,&quot;controls&quot;:&quot;yes&quot;}\" data-widget_type=\"video.default\">\n\t\t\t\t<div class=\"elementor-widget-container\">\n\t\t\t\t\t\t\t<div class=\"elementor-wrapper elementor-open-inline\">\n\t\t\t<div class=\"elementor-video\"><\/div>\t\t<\/div>\n\t\t\t\t\t\t<\/div>\n\t\t\t\t<\/div>\n\t\t\t\t\t<\/div>\n\t\t\t\t<\/div>\n\t\t\t\t<\/div>\n\t\t","protected":false},"excerpt":{"rendered":"<p>De forma a assinalar o Dia Mundial da Poesia, o grupo disciplinar de Portugu\u00eas dinamizou a sess\u00e3o \u201cA poesia tamb\u00e9m \u00e9 para ver \u2013 uma viagem pela poesia visual portuguesa\u201d. Tendo por base uma Maleta pedag\u00f3gica, criada e disponibilizada pelo servi\u00e7o educativo do Arquivo e Biblioteca da Madeira, os alunos da turma 7\/4 puderam explorar [&hellip;]<\/p>\n","protected":false},"author":4,"featured_media":0,"comment_status":"closed","ping_status":"closed","sticky":false,"template":"","format":"standard","meta":{"site-sidebar-layout":"default","site-content-layout":"","ast-site-content-layout":"default","site-content-style":"default","site-sidebar-style":"default","ast-global-header-display":"","ast-banner-title-visibility":"","ast-main-header-display":"","ast-hfb-above-header-display":"","ast-hfb-below-header-display":"","ast-hfb-mobile-header-display":"","site-post-title":"","ast-breadcrumbs-content":"","ast-featured-img":"","footer-sml-layout":"","ast-disable-related-posts":"","theme-transparent-header-meta":"","adv-header-id-meta":"","stick-header-meta":"","header-above-stick-meta":"","header-main-stick-meta":"","header-below-stick-meta":"","astra-migrate-meta-layouts":"default","ast-page-background-enabled":"default","ast-page-background-meta":{"desktop":{"background-color":"var(--ast-global-color-4)","background-image":"","background-repeat":"repeat","background-position":"center center","background-size":"auto","background-attachment":"scroll","background-type":"","background-media":"","overlay-type":"","overlay-color":"","overlay-opacity":"","overlay-gradient":""},"tablet":{"background-color":"","background-image":"","background-repeat":"repeat","background-position":"center center","background-size":"auto","background-attachment":"scroll","background-type":"","background-media":"","overlay-type":"","overlay-color":"","overlay-opacity":"","overlay-gradient":""},"mobile":{"background-color":"","background-image":"","background-repeat":"repeat","background-position":"center center","background-size":"auto","background-attachment":"scroll","background-type":"","background-media":"","overlay-type":"","overlay-color":"","overlay-opacity":"","overlay-gradient":""}},"ast-content-background-meta":{"desktop":{"background-color":"var(--ast-global-color-5)","background-image":"","background-repeat":"repeat","background-position":"center center","background-size":"auto","background-attachment":"scroll","background-type":"","background-media":"","overlay-type":"","overlay-color":"","overlay-opacity":"","overlay-gradient":""},"tablet":{"background-color":"var(--ast-global-color-5)","background-image":"","background-repeat":"repeat","background-position":"center center","background-size":"auto","background-attachment":"scroll","background-type":"","background-media":"","overlay-type":"","overlay-color":"","overlay-opacity":"","overlay-gradient":""},"mobile":{"background-color":"var(--ast-global-color-5)","background-image":"","background-repeat":"repeat","background-position":"center center","background-size":"auto","background-attachment":"scroll","background-type":"","background-media":"","overlay-type":"","overlay-color":"","overlay-opacity":"","overlay-gradient":""}},"_themeisle_gutenberg_block_has_review":false,"footnotes":""},"categories":[19,17],"tags":[],"class_list":["post-5934","post","type-post","status-publish","format-standard","hentry","category-2semestre","category-noticias"],"_links":{"self":[{"href":"https:\/\/escoladigital.madeira.gov.pt\/ebspecalheta\/wp-json\/wp\/v2\/posts\/5934","targetHints":{"allow":["GET"]}}],"collection":[{"href":"https:\/\/escoladigital.madeira.gov.pt\/ebspecalheta\/wp-json\/wp\/v2\/posts"}],"about":[{"href":"https:\/\/escoladigital.madeira.gov.pt\/ebspecalheta\/wp-json\/wp\/v2\/types\/post"}],"author":[{"embeddable":true,"href":"https:\/\/escoladigital.madeira.gov.pt\/ebspecalheta\/wp-json\/wp\/v2\/users\/4"}],"replies":[{"embeddable":true,"href":"https:\/\/escoladigital.madeira.gov.pt\/ebspecalheta\/wp-json\/wp\/v2\/comments?post=5934"}],"version-history":[{"count":4,"href":"https:\/\/escoladigital.madeira.gov.pt\/ebspecalheta\/wp-json\/wp\/v2\/posts\/5934\/revisions"}],"predecessor-version":[{"id":5938,"href":"https:\/\/escoladigital.madeira.gov.pt\/ebspecalheta\/wp-json\/wp\/v2\/posts\/5934\/revisions\/5938"}],"wp:attachment":[{"href":"https:\/\/escoladigital.madeira.gov.pt\/ebspecalheta\/wp-json\/wp\/v2\/media?parent=5934"}],"wp:term":[{"taxonomy":"category","embeddable":true,"href":"https:\/\/escoladigital.madeira.gov.pt\/ebspecalheta\/wp-json\/wp\/v2\/categories?post=5934"},{"taxonomy":"post_tag","embeddable":true,"href":"https:\/\/escoladigital.madeira.gov.pt\/ebspecalheta\/wp-json\/wp\/v2\/tags?post=5934"}],"curies":[{"name":"wp","href":"https:\/\/api.w.org\/{rel}","templated":true}]}}