{"id":6115,"date":"2026-04-23T21:44:18","date_gmt":"2026-04-23T21:44:18","guid":{"rendered":"https:\/\/escoladigital.madeira.gov.pt\/ebspecalheta\/?p=6115"},"modified":"2026-04-23T21:46:53","modified_gmt":"2026-04-23T21:46:53","slug":"taca-escolar-de-prevencao-rodoviaria-ebs-pe-da-calheta","status":"publish","type":"post","link":"https:\/\/escoladigital.madeira.gov.pt\/ebspecalheta\/2026\/04\/23\/taca-escolar-de-prevencao-rodoviaria-ebs-pe-da-calheta\/","title":{"rendered":"Ta\u00e7a Escolar de Preven\u00e7\u00e3o Rodovi\u00e1ria\u00a0\u2013\u00a0EBS\/PE da Calheta\u00a0"},"content":{"rendered":"\t\t<div data-elementor-type=\"wp-post\" data-elementor-id=\"6115\" class=\"elementor elementor-6115\">\n\t\t\t\t<div class=\"elementor-element elementor-element-700eeac7 e-flex e-con-boxed e-con e-parent\" data-id=\"700eeac7\" data-element_type=\"container\" data-e-type=\"container\">\n\t\t\t\t\t<div class=\"e-con-inner\">\n\t\t\t\t<div class=\"elementor-element elementor-element-62cc763a elementor-widget elementor-widget-text-editor\" data-id=\"62cc763a\" data-element_type=\"widget\" data-e-type=\"widget\" data-widget_type=\"text-editor.default\">\n\t\t\t\t<div class=\"elementor-widget-container\">\n\t\t\t\t\t\t\t\t\t\n<p>Neste per\u00edodo realizou-se\u00a0a\u00a0Ta\u00e7a Escolar de Educa\u00e7\u00e3o Rodovi\u00e1ria (PRER), nos\u00a0polos da\u00a0Calheta, no \u00e2mbito do Projeto de Educa\u00e7\u00e3o Rodovi\u00e1ria, sob orienta\u00e7\u00e3o do professor Fernando Meneses.\u00a0\u00a0<\/p>\n\n<p>Tratou-se de uma prova dividida em duas partes, uma escrita, de avalia\u00e7\u00e3o de conhecimentos e outra pr\u00e1tica, de avalia\u00e7\u00e3o de maneabilidade. Os alunos tiveram oportunidade de fazer um percurso de bicicleta, com o objetivo de testar os seus conhecimentos sobre regras e sinaliza\u00e7\u00e3o de tr\u00e2nsito. Foi\u00a0uma atividade de enriquecimento curricular em que os alunos se mostraram bastante entusiasmados e empenhados na realiza\u00e7\u00e3o da mesma. O docente coordenador agradece a colabora\u00e7\u00e3o do docente\u00a0Aniceto Bernardes\u00a0e\u00a0\u00e0 PSP da Calheta, ajudaram na dinamiza\u00e7\u00e3o\u00a0desta atividade.\u00a0\u00a0<\/p>\n\n<p>\u00a0Seguem-se algumas fotos da atividade.\u00a0<\/p>\n\t\t\t\t\t\t\t\t<\/div>\n\t\t\t\t<\/div>\n\t\t<div class=\"elementor-element elementor-element-2827e3e e-grid e-con-full e-con e-child\" data-id=\"2827e3e\" data-element_type=\"container\" data-e-type=\"container\">\n\t\t\t\t<div class=\"elementor-element elementor-element-e04b908 elementor-widget elementor-widget-image\" data-id=\"e04b908\" data-element_type=\"widget\" data-e-type=\"widget\" data-widget_type=\"image.default\">\n\t\t\t\t<div class=\"elementor-widget-container\">\n\t\t\t\t\t\t\t\t\t\t\t\t\t\t\t<img fetchpriority=\"high\" decoding=\"async\" width=\"1024\" height=\"576\" src=\"https:\/\/escoladigital.madeira.gov.pt\/ebspecalheta\/wp-content\/uploads\/sites\/3\/2026\/04\/rodabril2-1024x576.jpg\" class=\"attachment-large size-large wp-image-6118\" alt=\"\" srcset=\"https:\/\/escoladigital.madeira.gov.pt\/ebspecalheta\/wp-content\/uploads\/sites\/3\/2026\/04\/rodabril2-1024x576.jpg 1024w, https:\/\/escoladigital.madeira.gov.pt\/ebspecalheta\/wp-content\/uploads\/sites\/3\/2026\/04\/rodabril2-300x169.jpg 300w, https:\/\/escoladigital.madeira.gov.pt\/ebspecalheta\/wp-content\/uploads\/sites\/3\/2026\/04\/rodabril2-768x432.jpg 768w, https:\/\/escoladigital.madeira.gov.pt\/ebspecalheta\/wp-content\/uploads\/sites\/3\/2026\/04\/rodabril2.jpg 1280w\" sizes=\"(max-width: 1024px) 100vw, 1024px\" \/>\t\t\t\t\t\t\t\t\t\t\t\t\t\t\t<\/div>\n\t\t\t\t<\/div>\n\t\t\t\t<div class=\"elementor-element elementor-element-c13ff2e elementor-widget elementor-widget-image\" data-id=\"c13ff2e\" data-element_type=\"widget\" data-e-type=\"widget\" data-widget_type=\"image.default\">\n\t\t\t\t<div class=\"elementor-widget-container\">\n\t\t\t\t\t\t\t\t\t\t\t\t\t\t\t<img decoding=\"async\" width=\"1024\" height=\"576\" src=\"https:\/\/escoladigital.madeira.gov.pt\/ebspecalheta\/wp-content\/uploads\/sites\/3\/2026\/04\/rodabril1-1024x576.jpg\" class=\"attachment-large size-large wp-image-6117\" alt=\"\" srcset=\"https:\/\/escoladigital.madeira.gov.pt\/ebspecalheta\/wp-content\/uploads\/sites\/3\/2026\/04\/rodabril1-1024x576.jpg 1024w, https:\/\/escoladigital.madeira.gov.pt\/ebspecalheta\/wp-content\/uploads\/sites\/3\/2026\/04\/rodabril1-300x169.jpg 300w, https:\/\/escoladigital.madeira.gov.pt\/ebspecalheta\/wp-content\/uploads\/sites\/3\/2026\/04\/rodabril1-768x432.jpg 768w, https:\/\/escoladigital.madeira.gov.pt\/ebspecalheta\/wp-content\/uploads\/sites\/3\/2026\/04\/rodabril1.jpg 1280w\" sizes=\"(max-width: 1024px) 100vw, 1024px\" \/>\t\t\t\t\t\t\t\t\t\t\t\t\t\t\t<\/div>\n\t\t\t\t<\/div>\n\t\t\t\t<\/div>\n\t\t\t\t\t<\/div>\n\t\t\t\t<\/div>\n\t\t\t\t<\/div>\n\t\t","protected":false},"excerpt":{"rendered":"<p>Neste per\u00edodo realizou-se\u00a0a\u00a0Ta\u00e7a Escolar de Educa\u00e7\u00e3o Rodovi\u00e1ria (PRER), nos\u00a0polos da\u00a0Calheta, no \u00e2mbito do Projeto de Educa\u00e7\u00e3o Rodovi\u00e1ria, sob orienta\u00e7\u00e3o do professor Fernando Meneses.\u00a0\u00a0 Tratou-se de uma prova dividida em duas partes, uma escrita, de avalia\u00e7\u00e3o de conhecimentos e outra pr\u00e1tica, de avalia\u00e7\u00e3o de maneabilidade. Os alunos tiveram oportunidade de fazer um percurso de bicicleta, com [&hellip;]<\/p>\n","protected":false},"author":4,"featured_media":6119,"comment_status":"closed","ping_status":"closed","sticky":false,"template":"","format":"standard","meta":{"site-sidebar-layout":"default","site-content-layout":"","ast-site-content-layout":"default","site-content-style":"default","site-sidebar-style":"default","ast-global-header-display":"","ast-banner-title-visibility":"","ast-main-header-display":"","ast-hfb-above-header-display":"","ast-hfb-below-header-display":"","ast-hfb-mobile-header-display":"","site-post-title":"","ast-breadcrumbs-content":"","ast-featured-img":"","footer-sml-layout":"","ast-disable-related-posts":"","theme-transparent-header-meta":"","adv-header-id-meta":"","stick-header-meta":"","header-above-stick-meta":"","header-main-stick-meta":"","header-below-stick-meta":"","astra-migrate-meta-layouts":"default","ast-page-background-enabled":"default","ast-page-background-meta":{"desktop":{"background-color":"var(--ast-global-color-4)","background-image":"","background-repeat":"repeat","background-position":"center center","background-size":"auto","background-attachment":"scroll","background-type":"","background-media":"","overlay-type":"","overlay-color":"","overlay-opacity":"","overlay-gradient":""},"tablet":{"background-color":"","background-image":"","background-repeat":"repeat","background-position":"center center","background-size":"auto","background-attachment":"scroll","background-type":"","background-media":"","overlay-type":"","overlay-color":"","overlay-opacity":"","overlay-gradient":""},"mobile":{"background-color":"","background-image":"","background-repeat":"repeat","background-position":"center center","background-size":"auto","background-attachment":"scroll","background-type":"","background-media":"","overlay-type":"","overlay-color":"","overlay-opacity":"","overlay-gradient":""}},"ast-content-background-meta":{"desktop":{"background-color":"var(--ast-global-color-5)","background-image":"","background-repeat":"repeat","background-position":"center center","background-size":"auto","background-attachment":"scroll","background-type":"","background-media":"","overlay-type":"","overlay-color":"","overlay-opacity":"","overlay-gradient":""},"tablet":{"background-color":"var(--ast-global-color-5)","background-image":"","background-repeat":"repeat","background-position":"center center","background-size":"auto","background-attachment":"scroll","background-type":"","background-media":"","overlay-type":"","overlay-color":"","overlay-opacity":"","overlay-gradient":""},"mobile":{"background-color":"var(--ast-global-color-5)","background-image":"","background-repeat":"repeat","background-position":"center center","background-size":"auto","background-attachment":"scroll","background-type":"","background-media":"","overlay-type":"","overlay-color":"","overlay-opacity":"","overlay-gradient":""}},"_themeisle_gutenberg_block_has_review":false,"footnotes":""},"categories":[67],"tags":[],"class_list":["post-6115","post","type-post","status-publish","format-standard","has-post-thumbnail","hentry","category-plano-regional-de-prevencao-rodoviaria"],"_links":{"self":[{"href":"https:\/\/escoladigital.madeira.gov.pt\/ebspecalheta\/wp-json\/wp\/v2\/posts\/6115","targetHints":{"allow":["GET"]}}],"collection":[{"href":"https:\/\/escoladigital.madeira.gov.pt\/ebspecalheta\/wp-json\/wp\/v2\/posts"}],"about":[{"href":"https:\/\/escoladigital.madeira.gov.pt\/ebspecalheta\/wp-json\/wp\/v2\/types\/post"}],"author":[{"embeddable":true,"href":"https:\/\/escoladigital.madeira.gov.pt\/ebspecalheta\/wp-json\/wp\/v2\/users\/4"}],"replies":[{"embeddable":true,"href":"https:\/\/escoladigital.madeira.gov.pt\/ebspecalheta\/wp-json\/wp\/v2\/comments?post=6115"}],"version-history":[{"count":7,"href":"https:\/\/escoladigital.madeira.gov.pt\/ebspecalheta\/wp-json\/wp\/v2\/posts\/6115\/revisions"}],"predecessor-version":[{"id":6125,"href":"https:\/\/escoladigital.madeira.gov.pt\/ebspecalheta\/wp-json\/wp\/v2\/posts\/6115\/revisions\/6125"}],"wp:featuredmedia":[{"embeddable":true,"href":"https:\/\/escoladigital.madeira.gov.pt\/ebspecalheta\/wp-json\/wp\/v2\/media\/6119"}],"wp:attachment":[{"href":"https:\/\/escoladigital.madeira.gov.pt\/ebspecalheta\/wp-json\/wp\/v2\/media?parent=6115"}],"wp:term":[{"taxonomy":"category","embeddable":true,"href":"https:\/\/escoladigital.madeira.gov.pt\/ebspecalheta\/wp-json\/wp\/v2\/categories?post=6115"},{"taxonomy":"post_tag","embeddable":true,"href":"https:\/\/escoladigital.madeira.gov.pt\/ebspecalheta\/wp-json\/wp\/v2\/tags?post=6115"}],"curies":[{"name":"wp","href":"https:\/\/api.w.org\/{rel}","templated":true}]}}