{"id":3305,"date":"2026-04-28T17:34:12","date_gmt":"2026-04-28T17:34:12","guid":{"rendered":"https:\/\/escoladigital.madeira.gov.pt\/ebspmalvares\/?p=3305"},"modified":"2026-04-28T17:35:25","modified_gmt":"2026-04-28T17:35:25","slug":"costurar-naninhas-pequenas-almofadas-em-forma-de-boneco","status":"publish","type":"post","link":"https:\/\/escoladigital.madeira.gov.pt\/ebspmalvares\/informacao-util\/costurar-naninhas-pequenas-almofadas-em-forma-de-boneco\/","title":{"rendered":"Costurar naninhas \u2014 pequenas almofadas em forma de boneco."},"content":{"rendered":"\n<figure class=\"wp-block-image size-medium\"><img fetchpriority=\"high\" decoding=\"async\" width=\"298\" height=\"300\" src=\"https:\/\/escoladigital.madeira.gov.pt\/ebspmalvares\/wp-content\/uploads\/sites\/4\/2026\/04\/1-298x300.jpg\" alt=\"\" class=\"wp-image-3306\" style=\"aspect-ratio:1;object-fit:cover\" srcset=\"https:\/\/escoladigital.madeira.gov.pt\/ebspmalvares\/wp-content\/uploads\/sites\/4\/2026\/04\/1-298x300.jpg 298w, https:\/\/escoladigital.madeira.gov.pt\/ebspmalvares\/wp-content\/uploads\/sites\/4\/2026\/04\/1-150x150.jpg 150w, https:\/\/escoladigital.madeira.gov.pt\/ebspmalvares\/wp-content\/uploads\/sites\/4\/2026\/04\/1.jpg 747w\" sizes=\"(max-width: 298px) 100vw, 298px\" \/><\/figure>\n\n\n\n<p>A turma do 8.\u00baD abra\u00e7ou um desafio especial: costurar naninhas \u2014 pequenas almofadas em forma de boneco \u2014 para oferecer a crian\u00e7as doentes. Um gesto simples, mas cheio de afeto e esperan\u00e7a \ud83d\udc99<\/p>\n\n\n\n<p>Com a visita de Patr\u00edcia e Carla, da Associa\u00e7\u00e3o AconXego \u2013 Naninhas do Bem Madeira, os alunos conheceram o projeto, aprenderam t\u00e9cnicas de costura e, acima de tudo, o valor de ajudar quem mais precisa.<\/p>\n\n\n\n<p>Integrada na disciplina de Educa\u00e7\u00e3o Tecnol\u00f3gica e no projeto Eco-Escolas, esta iniciativa mostrou que a solidariedade tamb\u00e9m se aprende e pratica. Cada naninha foi feita com dedica\u00e7\u00e3o, carinho e muito entusiasmo \u2728<\/p>\n\n\n\n<p>A professora Elisabete Andrade destaca e agradece o empenho de todos os envolvidos, que mostraram como pequenos gestos podem fazer uma grande diferen\u00e7a:&nbsp;<strong>\u201cA espalhar carinho, ponto a ponto\u2026\u201d<\/strong>&nbsp;\ud83d\udc99<\/p>\n","protected":false},"excerpt":{"rendered":"<p>A turma do 8.\u00baD abra\u00e7ou um desafio especial: costurar naninhas \u2014 pequenas almofadas em forma de boneco \u2014 para oferecer a crian\u00e7as doentes. Um gesto simples, mas cheio de afeto e esperan\u00e7a \ud83d\udc99 Com a visita de Patr\u00edcia e Carla, da Associa\u00e7\u00e3o AconXego \u2013 Naninhas do Bem Madeira, os alunos conheceram o projeto, aprenderam t\u00e9cnicas [&hellip;]<\/p>\n","protected":false},"author":7,"featured_media":3306,"comment_status":"closed","ping_status":"closed","sticky":false,"template":"","format":"standard","meta":{"site-sidebar-layout":"default","site-content-layout":"","ast-site-content-layout":"default","site-content-style":"default","site-sidebar-style":"default","ast-global-header-display":"","ast-banner-title-visibility":"","ast-main-header-display":"","ast-hfb-above-header-display":"","ast-hfb-below-header-display":"","ast-hfb-mobile-header-display":"","site-post-title":"","ast-breadcrumbs-content":"","ast-featured-img":"","footer-sml-layout":"","ast-disable-related-posts":"","theme-transparent-header-meta":"","adv-header-id-meta":"","stick-header-meta":"","header-above-stick-meta":"","header-main-stick-meta":"","header-below-stick-meta":"","astra-migrate-meta-layouts":"default","ast-page-background-enabled":"default","ast-page-background-meta":{"desktop":{"background-color":"var(--ast-global-color-4)","background-image":"","background-repeat":"repeat","background-position":"center center","background-size":"auto","background-attachment":"scroll","background-type":"","background-media":"","overlay-type":"","overlay-color":"","overlay-opacity":"","overlay-gradient":""},"tablet":{"background-color":"","background-image":"","background-repeat":"repeat","background-position":"center center","background-size":"auto","background-attachment":"scroll","background-type":"","background-media":"","overlay-type":"","overlay-color":"","overlay-opacity":"","overlay-gradient":""},"mobile":{"background-color":"","background-image":"","background-repeat":"repeat","background-position":"center center","background-size":"auto","background-attachment":"scroll","background-type":"","background-media":"","overlay-type":"","overlay-color":"","overlay-opacity":"","overlay-gradient":""}},"ast-content-background-meta":{"desktop":{"background-color":"var(--ast-global-color-5)","background-image":"","background-repeat":"repeat","background-position":"center center","background-size":"auto","background-attachment":"scroll","background-type":"","background-media":"","overlay-type":"","overlay-color":"","overlay-opacity":"","overlay-gradient":""},"tablet":{"background-color":"var(--ast-global-color-5)","background-image":"","background-repeat":"repeat","background-position":"center center","background-size":"auto","background-attachment":"scroll","background-type":"","background-media":"","overlay-type":"","overlay-color":"","overlay-opacity":"","overlay-gradient":""},"mobile":{"background-color":"var(--ast-global-color-5)","background-image":"","background-repeat":"repeat","background-position":"center center","background-size":"auto","background-attachment":"scroll","background-type":"","background-media":"","overlay-type":"","overlay-color":"","overlay-opacity":"","overlay-gradient":""}},"_themeisle_gutenberg_block_has_review":false,"footnotes":""},"categories":[19],"tags":[],"class_list":["post-3305","post","type-post","status-publish","format-standard","has-post-thumbnail","hentry","category-informacao-util"],"_links":{"self":[{"href":"https:\/\/escoladigital.madeira.gov.pt\/ebspmalvares\/wp-json\/wp\/v2\/posts\/3305","targetHints":{"allow":["GET"]}}],"collection":[{"href":"https:\/\/escoladigital.madeira.gov.pt\/ebspmalvares\/wp-json\/wp\/v2\/posts"}],"about":[{"href":"https:\/\/escoladigital.madeira.gov.pt\/ebspmalvares\/wp-json\/wp\/v2\/types\/post"}],"author":[{"embeddable":true,"href":"https:\/\/escoladigital.madeira.gov.pt\/ebspmalvares\/wp-json\/wp\/v2\/users\/7"}],"replies":[{"embeddable":true,"href":"https:\/\/escoladigital.madeira.gov.pt\/ebspmalvares\/wp-json\/wp\/v2\/comments?post=3305"}],"version-history":[{"count":2,"href":"https:\/\/escoladigital.madeira.gov.pt\/ebspmalvares\/wp-json\/wp\/v2\/posts\/3305\/revisions"}],"predecessor-version":[{"id":3308,"href":"https:\/\/escoladigital.madeira.gov.pt\/ebspmalvares\/wp-json\/wp\/v2\/posts\/3305\/revisions\/3308"}],"wp:featuredmedia":[{"embeddable":true,"href":"https:\/\/escoladigital.madeira.gov.pt\/ebspmalvares\/wp-json\/wp\/v2\/media\/3306"}],"wp:attachment":[{"href":"https:\/\/escoladigital.madeira.gov.pt\/ebspmalvares\/wp-json\/wp\/v2\/media?parent=3305"}],"wp:term":[{"taxonomy":"category","embeddable":true,"href":"https:\/\/escoladigital.madeira.gov.pt\/ebspmalvares\/wp-json\/wp\/v2\/categories?post=3305"},{"taxonomy":"post_tag","embeddable":true,"href":"https:\/\/escoladigital.madeira.gov.pt\/ebspmalvares\/wp-json\/wp\/v2\/tags?post=3305"}],"curies":[{"name":"wp","href":"https:\/\/api.w.org\/{rel}","templated":true}]}}