{"id":4150,"date":"2026-03-26T13:01:55","date_gmt":"2026-03-26T13:01:55","guid":{"rendered":"https:\/\/escoladigital.madeira.gov.pt\/ebspmoniz\/?p=4150"},"modified":"2026-03-26T13:01:56","modified_gmt":"2026-03-26T13:01:56","slug":"acao-de-sensibilizacao-gravidez-na-adolescencia","status":"publish","type":"post","link":"https:\/\/escoladigital.madeira.gov.pt\/ebspmoniz\/2026\/03\/26\/acao-de-sensibilizacao-gravidez-na-adolescencia\/","title":{"rendered":"A\u00e7\u00e3o de Sensibiliza\u00e7\u00e3o \u2013 Gravidez na Adolesc\u00eancia"},"content":{"rendered":"\n<p>No \u00e2mbito da A\u00e7\u00e3o de Sensibiliza\u00e7\u00e3o &#8211; Gravidez na Adolesc\u00eancia, as profissionais do Centro da M\u00e3e realizaram tr\u00eas oficinas tem\u00e1ticas: \u201cMitos e verdades sobre a sexualidade\u201d; uma roda de conversa sobre rela\u00e7\u00f5es saud\u00e1veis, consentimento e m\u00e9todos contracetivos; e uma discuss\u00e3o aberta sobre sa\u00fade mental na adolesc\u00eancia.<\/p>\n\n\n\n<p>A atividade consistiu numa a\u00e7\u00e3o de sensibiliza\u00e7\u00e3o dinamizada pelas profissionais do Centro da M\u00e3e, promovendo um espa\u00e7o seguro de partilha, reflex\u00e3o e esclarecimento de d\u00favidas. O encontro terminou com a oferta de lembran\u00e7as aos alunos e com a disponibilidade das t\u00e9cnicas para o esclarecimento de quaisquer d\u00favidas.<\/p>\n\n\n\n<p>O Docente<\/p>\n\n\n\n<p>Jorge Alves<\/p>\n\n\n\n<figure class=\"wp-block-gallery has-nested-images columns-default is-cropped wp-block-gallery-1 is-layout-flex wp-block-gallery-is-layout-flex\">\n<figure class=\"wp-block-image size-large\"><img fetchpriority=\"high\" decoding=\"async\" width=\"450\" height=\"600\" data-id=\"4151\" src=\"https:\/\/escoladigital.madeira.gov.pt\/ebspmoniz\/wp-content\/uploads\/sites\/35\/2026\/03\/IMG_6888_resultado.jpg\" alt=\"\" class=\"wp-image-4151\" srcset=\"https:\/\/escoladigital.madeira.gov.pt\/ebspmoniz\/wp-content\/uploads\/sites\/35\/2026\/03\/IMG_6888_resultado.jpg 450w, https:\/\/escoladigital.madeira.gov.pt\/ebspmoniz\/wp-content\/uploads\/sites\/35\/2026\/03\/IMG_6888_resultado-225x300.jpg 225w\" sizes=\"(max-width: 450px) 100vw, 450px\" \/><\/figure>\n\n\n\n<figure class=\"wp-block-image size-large\"><img decoding=\"async\" width=\"450\" height=\"600\" data-id=\"4152\" src=\"https:\/\/escoladigital.madeira.gov.pt\/ebspmoniz\/wp-content\/uploads\/sites\/35\/2026\/03\/IMG_6889_resultado.jpg\" alt=\"\" class=\"wp-image-4152\" srcset=\"https:\/\/escoladigital.madeira.gov.pt\/ebspmoniz\/wp-content\/uploads\/sites\/35\/2026\/03\/IMG_6889_resultado.jpg 450w, https:\/\/escoladigital.madeira.gov.pt\/ebspmoniz\/wp-content\/uploads\/sites\/35\/2026\/03\/IMG_6889_resultado-225x300.jpg 225w\" sizes=\"(max-width: 450px) 100vw, 450px\" \/><\/figure>\n<\/figure>\n\n\n\n<figure class=\"wp-block-gallery has-nested-images columns-default is-cropped wp-block-gallery-2 is-layout-flex wp-block-gallery-is-layout-flex\">\n<figure class=\"wp-block-image size-large\"><img decoding=\"async\" width=\"800\" height=\"600\" data-id=\"4153\" src=\"https:\/\/escoladigital.madeira.gov.pt\/ebspmoniz\/wp-content\/uploads\/sites\/35\/2026\/03\/IMG_6879_resultado.jpg\" alt=\"\" class=\"wp-image-4153\" srcset=\"https:\/\/escoladigital.madeira.gov.pt\/ebspmoniz\/wp-content\/uploads\/sites\/35\/2026\/03\/IMG_6879_resultado.jpg 800w, https:\/\/escoladigital.madeira.gov.pt\/ebspmoniz\/wp-content\/uploads\/sites\/35\/2026\/03\/IMG_6879_resultado-300x225.jpg 300w, https:\/\/escoladigital.madeira.gov.pt\/ebspmoniz\/wp-content\/uploads\/sites\/35\/2026\/03\/IMG_6879_resultado-768x576.jpg 768w\" sizes=\"(max-width: 800px) 100vw, 800px\" \/><\/figure>\n\n\n\n<figure class=\"wp-block-image size-large\"><img loading=\"lazy\" decoding=\"async\" width=\"800\" height=\"600\" data-id=\"4154\" src=\"https:\/\/escoladigital.madeira.gov.pt\/ebspmoniz\/wp-content\/uploads\/sites\/35\/2026\/03\/IMG_6880_resultado.jpg\" alt=\"\" class=\"wp-image-4154\" srcset=\"https:\/\/escoladigital.madeira.gov.pt\/ebspmoniz\/wp-content\/uploads\/sites\/35\/2026\/03\/IMG_6880_resultado.jpg 800w, https:\/\/escoladigital.madeira.gov.pt\/ebspmoniz\/wp-content\/uploads\/sites\/35\/2026\/03\/IMG_6880_resultado-300x225.jpg 300w, https:\/\/escoladigital.madeira.gov.pt\/ebspmoniz\/wp-content\/uploads\/sites\/35\/2026\/03\/IMG_6880_resultado-768x576.jpg 768w\" sizes=\"(max-width: 800px) 100vw, 800px\" \/><\/figure>\n\n\n\n<figure class=\"wp-block-image size-large\"><img loading=\"lazy\" decoding=\"async\" width=\"800\" height=\"600\" data-id=\"4155\" src=\"https:\/\/escoladigital.madeira.gov.pt\/ebspmoniz\/wp-content\/uploads\/sites\/35\/2026\/03\/IMG_6883_resultado.jpg\" alt=\"\" class=\"wp-image-4155\" srcset=\"https:\/\/escoladigital.madeira.gov.pt\/ebspmoniz\/wp-content\/uploads\/sites\/35\/2026\/03\/IMG_6883_resultado.jpg 800w, https:\/\/escoladigital.madeira.gov.pt\/ebspmoniz\/wp-content\/uploads\/sites\/35\/2026\/03\/IMG_6883_resultado-300x225.jpg 300w, https:\/\/escoladigital.madeira.gov.pt\/ebspmoniz\/wp-content\/uploads\/sites\/35\/2026\/03\/IMG_6883_resultado-768x576.jpg 768w\" sizes=\"(max-width: 800px) 100vw, 800px\" \/><\/figure>\n\n\n\n<figure class=\"wp-block-image size-large\"><img loading=\"lazy\" decoding=\"async\" width=\"800\" height=\"600\" data-id=\"4156\" src=\"https:\/\/escoladigital.madeira.gov.pt\/ebspmoniz\/wp-content\/uploads\/sites\/35\/2026\/03\/IMG_6884_resultado.jpg\" alt=\"\" class=\"wp-image-4156\" srcset=\"https:\/\/escoladigital.madeira.gov.pt\/ebspmoniz\/wp-content\/uploads\/sites\/35\/2026\/03\/IMG_6884_resultado.jpg 800w, https:\/\/escoladigital.madeira.gov.pt\/ebspmoniz\/wp-content\/uploads\/sites\/35\/2026\/03\/IMG_6884_resultado-300x225.jpg 300w, https:\/\/escoladigital.madeira.gov.pt\/ebspmoniz\/wp-content\/uploads\/sites\/35\/2026\/03\/IMG_6884_resultado-768x576.jpg 768w\" sizes=\"(max-width: 800px) 100vw, 800px\" \/><\/figure>\n\n\n\n<figure class=\"wp-block-image size-large\"><img loading=\"lazy\" decoding=\"async\" width=\"450\" height=\"600\" data-id=\"4157\" src=\"https:\/\/escoladigital.madeira.gov.pt\/ebspmoniz\/wp-content\/uploads\/sites\/35\/2026\/03\/IMG_6885_resultado.jpg\" alt=\"\" class=\"wp-image-4157\" srcset=\"https:\/\/escoladigital.madeira.gov.pt\/ebspmoniz\/wp-content\/uploads\/sites\/35\/2026\/03\/IMG_6885_resultado.jpg 450w, https:\/\/escoladigital.madeira.gov.pt\/ebspmoniz\/wp-content\/uploads\/sites\/35\/2026\/03\/IMG_6885_resultado-225x300.jpg 225w\" sizes=\"(max-width: 450px) 100vw, 450px\" \/><\/figure>\n\n\n\n<figure class=\"wp-block-image size-large\"><img loading=\"lazy\" decoding=\"async\" width=\"800\" height=\"600\" data-id=\"4158\" src=\"https:\/\/escoladigital.madeira.gov.pt\/ebspmoniz\/wp-content\/uploads\/sites\/35\/2026\/03\/IMG_6886_resultado.jpg\" alt=\"\" class=\"wp-image-4158\" srcset=\"https:\/\/escoladigital.madeira.gov.pt\/ebspmoniz\/wp-content\/uploads\/sites\/35\/2026\/03\/IMG_6886_resultado.jpg 800w, https:\/\/escoladigital.madeira.gov.pt\/ebspmoniz\/wp-content\/uploads\/sites\/35\/2026\/03\/IMG_6886_resultado-300x225.jpg 300w, https:\/\/escoladigital.madeira.gov.pt\/ebspmoniz\/wp-content\/uploads\/sites\/35\/2026\/03\/IMG_6886_resultado-768x576.jpg 768w\" sizes=\"(max-width: 800px) 100vw, 800px\" \/><\/figure>\n\n\n\n<figure class=\"wp-block-image size-large\"><img loading=\"lazy\" decoding=\"async\" width=\"800\" height=\"600\" data-id=\"4159\" src=\"https:\/\/escoladigital.madeira.gov.pt\/ebspmoniz\/wp-content\/uploads\/sites\/35\/2026\/03\/IMG_6887_resultado.jpg\" alt=\"\" class=\"wp-image-4159\" srcset=\"https:\/\/escoladigital.madeira.gov.pt\/ebspmoniz\/wp-content\/uploads\/sites\/35\/2026\/03\/IMG_6887_resultado.jpg 800w, https:\/\/escoladigital.madeira.gov.pt\/ebspmoniz\/wp-content\/uploads\/sites\/35\/2026\/03\/IMG_6887_resultado-300x225.jpg 300w, https:\/\/escoladigital.madeira.gov.pt\/ebspmoniz\/wp-content\/uploads\/sites\/35\/2026\/03\/IMG_6887_resultado-768x576.jpg 768w\" sizes=\"(max-width: 800px) 100vw, 800px\" \/><\/figure>\n<\/figure>\n","protected":false},"excerpt":{"rendered":"<p>No \u00e2mbito da A\u00e7\u00e3o de Sensibiliza\u00e7\u00e3o &#8211; Gravidez na Adolesc\u00eancia, as profissionais do Centro da M\u00e3e realizaram tr\u00eas oficinas tem\u00e1ticas: [&hellip;]<\/p>\n","protected":false},"author":47,"featured_media":4155,"comment_status":"closed","ping_status":"closed","sticky":false,"template":"","format":"standard","meta":{"site-sidebar-layout":"default","site-content-layout":"","ast-site-content-layout":"default","site-content-style":"default","site-sidebar-style":"default","ast-global-header-display":"","ast-banner-title-visibility":"","ast-main-header-display":"","ast-hfb-above-header-display":"","ast-hfb-below-header-display":"","ast-hfb-mobile-header-display":"","site-post-title":"","ast-breadcrumbs-content":"","ast-featured-img":"","footer-sml-layout":"","ast-disable-related-posts":"","theme-transparent-header-meta":"","adv-header-id-meta":"","stick-header-meta":"","header-above-stick-meta":"","header-main-stick-meta":"","header-below-stick-meta":"","astra-migrate-meta-layouts":"default","ast-page-background-enabled":"default","ast-page-background-meta":{"desktop":{"background-color":"var(--ast-global-color-5)","background-image":"","background-repeat":"repeat","background-position":"center center","background-size":"auto","background-attachment":"scroll","background-type":"","background-media":"","overlay-type":"","overlay-color":"","overlay-opacity":"","overlay-gradient":""},"tablet":{"background-color":"","background-image":"","background-repeat":"repeat","background-position":"center center","background-size":"auto","background-attachment":"scroll","background-type":"","background-media":"","overlay-type":"","overlay-color":"","overlay-opacity":"","overlay-gradient":""},"mobile":{"background-color":"","background-image":"","background-repeat":"repeat","background-position":"center center","background-size":"auto","background-attachment":"scroll","background-type":"","background-media":"","overlay-type":"","overlay-color":"","overlay-opacity":"","overlay-gradient":""}},"ast-content-background-meta":{"desktop":{"background-color":"var(--ast-global-color-4)","background-image":"","background-repeat":"repeat","background-position":"center center","background-size":"auto","background-attachment":"scroll","background-type":"","background-media":"","overlay-type":"","overlay-color":"","overlay-opacity":"","overlay-gradient":""},"tablet":{"background-color":"var(--ast-global-color-4)","background-image":"","background-repeat":"repeat","background-position":"center center","background-size":"auto","background-attachment":"scroll","background-type":"","background-media":"","overlay-type":"","overlay-color":"","overlay-opacity":"","overlay-gradient":""},"mobile":{"background-color":"var(--ast-global-color-4)","background-image":"","background-repeat":"repeat","background-position":"center center","background-size":"auto","background-attachment":"scroll","background-type":"","background-media":"","overlay-type":"","overlay-color":"","overlay-opacity":"","overlay-gradient":""}},"_themeisle_gutenberg_block_has_review":false,"footnotes":""},"categories":[13],"tags":[],"class_list":["post-4150","post","type-post","status-publish","format-standard","has-post-thumbnail","hentry","category-atividade"],"_links":{"self":[{"href":"https:\/\/escoladigital.madeira.gov.pt\/ebspmoniz\/wp-json\/wp\/v2\/posts\/4150","targetHints":{"allow":["GET"]}}],"collection":[{"href":"https:\/\/escoladigital.madeira.gov.pt\/ebspmoniz\/wp-json\/wp\/v2\/posts"}],"about":[{"href":"https:\/\/escoladigital.madeira.gov.pt\/ebspmoniz\/wp-json\/wp\/v2\/types\/post"}],"author":[{"embeddable":true,"href":"https:\/\/escoladigital.madeira.gov.pt\/ebspmoniz\/wp-json\/wp\/v2\/users\/47"}],"replies":[{"embeddable":true,"href":"https:\/\/escoladigital.madeira.gov.pt\/ebspmoniz\/wp-json\/wp\/v2\/comments?post=4150"}],"version-history":[{"count":1,"href":"https:\/\/escoladigital.madeira.gov.pt\/ebspmoniz\/wp-json\/wp\/v2\/posts\/4150\/revisions"}],"predecessor-version":[{"id":4160,"href":"https:\/\/escoladigital.madeira.gov.pt\/ebspmoniz\/wp-json\/wp\/v2\/posts\/4150\/revisions\/4160"}],"wp:featuredmedia":[{"embeddable":true,"href":"https:\/\/escoladigital.madeira.gov.pt\/ebspmoniz\/wp-json\/wp\/v2\/media\/4155"}],"wp:attachment":[{"href":"https:\/\/escoladigital.madeira.gov.pt\/ebspmoniz\/wp-json\/wp\/v2\/media?parent=4150"}],"wp:term":[{"taxonomy":"category","embeddable":true,"href":"https:\/\/escoladigital.madeira.gov.pt\/ebspmoniz\/wp-json\/wp\/v2\/categories?post=4150"},{"taxonomy":"post_tag","embeddable":true,"href":"https:\/\/escoladigital.madeira.gov.pt\/ebspmoniz\/wp-json\/wp\/v2\/tags?post=4150"}],"curies":[{"name":"wp","href":"https:\/\/api.w.org\/{rel}","templated":true}]}}