{"id":4286,"date":"2026-04-22T11:42:05","date_gmt":"2026-04-22T11:42:05","guid":{"rendered":"https:\/\/escoladigital.madeira.gov.pt\/ebspmoniz\/?p=4286"},"modified":"2026-04-22T11:44:50","modified_gmt":"2026-04-22T11:44:50","slug":"vive-na-real-nao-na-dependencia","status":"publish","type":"post","link":"https:\/\/escoladigital.madeira.gov.pt\/ebspmoniz\/2026\/04\/22\/vive-na-real-nao-na-dependencia\/","title":{"rendered":"\u201cVive na Real! \u2013 N\u00e3o na Depend\u00eancia\u201d"},"content":{"rendered":"\n<p>A a\u00e7\u00e3o de sensibiliza\u00e7\u00e3o \u201cVive na Real! \u2013 N\u00e3o na Depend\u00eancia\u201d foi promovida pela PSP, dirigida principalmente a jovens em contexto escolar. A iniciativa procurou alertar os alunos para os riscos associados ao consumo de tabaco, \u00e1lcool e drogas, bem como para comportamentos de depend\u00eancia ligados aos videojogos e \u00e0 tecnologia como, por exemplo, as apostas. Esta sess\u00e3o, de car\u00e1cter informativo e interativo, procurou que os participantes refletissem sobre as consequ\u00eancias f\u00edsicas, psicol\u00f3gicas e sociais destas pr\u00e1ticas, incentivando escolhas conscientes. O foco desta a\u00e7\u00e3o centrou-se na preven\u00e7\u00e3o precoce, no desenvolvimento de compet\u00eancias pessoais e sociais e na promo\u00e7\u00e3o de estilos de vida saud\u00e1veis, refor\u00e7ando a import\u00e2ncia de tomar decis\u00f5es respons\u00e1veis no quotidiano.<\/p>\n\n\n\n<p>Os Docentes<\/p>\n\n\n\n<p>Nuno Moutinho, Raquel Lima e Rodrigo Santos<\/p>\n\n\n\n<p><\/p>\n\n\n\n<figure class=\"wp-block-gallery has-nested-images columns-default is-cropped wp-block-gallery-1 is-layout-flex wp-block-gallery-is-layout-flex\">\n<figure class=\"wp-block-image size-large\"><img fetchpriority=\"high\" decoding=\"async\" width=\"800\" height=\"600\" data-id=\"4289\" src=\"https:\/\/escoladigital.madeira.gov.pt\/ebspmoniz\/wp-content\/uploads\/sites\/35\/2026\/04\/PHOTO-2026-03-25-22-27-341_resultado.jpg\" alt=\"\" class=\"wp-image-4289\" srcset=\"https:\/\/escoladigital.madeira.gov.pt\/ebspmoniz\/wp-content\/uploads\/sites\/35\/2026\/04\/PHOTO-2026-03-25-22-27-341_resultado.jpg 800w, https:\/\/escoladigital.madeira.gov.pt\/ebspmoniz\/wp-content\/uploads\/sites\/35\/2026\/04\/PHOTO-2026-03-25-22-27-341_resultado-300x225.jpg 300w, https:\/\/escoladigital.madeira.gov.pt\/ebspmoniz\/wp-content\/uploads\/sites\/35\/2026\/04\/PHOTO-2026-03-25-22-27-341_resultado-768x576.jpg 768w\" sizes=\"(max-width: 800px) 100vw, 800px\" \/><\/figure>\n\n\n\n<figure class=\"wp-block-image size-large\"><img decoding=\"async\" width=\"800\" height=\"600\" data-id=\"4290\" src=\"https:\/\/escoladigital.madeira.gov.pt\/ebspmoniz\/wp-content\/uploads\/sites\/35\/2026\/04\/PHOTO-2026-03-25-22-27-343_resultado.jpg\" alt=\"\" class=\"wp-image-4290\" srcset=\"https:\/\/escoladigital.madeira.gov.pt\/ebspmoniz\/wp-content\/uploads\/sites\/35\/2026\/04\/PHOTO-2026-03-25-22-27-343_resultado.jpg 800w, https:\/\/escoladigital.madeira.gov.pt\/ebspmoniz\/wp-content\/uploads\/sites\/35\/2026\/04\/PHOTO-2026-03-25-22-27-343_resultado-300x225.jpg 300w, https:\/\/escoladigital.madeira.gov.pt\/ebspmoniz\/wp-content\/uploads\/sites\/35\/2026\/04\/PHOTO-2026-03-25-22-27-343_resultado-768x576.jpg 768w\" sizes=\"(max-width: 800px) 100vw, 800px\" \/><\/figure>\n\n\n\n<figure class=\"wp-block-image size-large\"><img decoding=\"async\" width=\"800\" height=\"600\" data-id=\"4291\" src=\"https:\/\/escoladigital.madeira.gov.pt\/ebspmoniz\/wp-content\/uploads\/sites\/35\/2026\/04\/PHOTO-2026-03-25-22-27-34_resultado.jpg\" alt=\"\" class=\"wp-image-4291\" srcset=\"https:\/\/escoladigital.madeira.gov.pt\/ebspmoniz\/wp-content\/uploads\/sites\/35\/2026\/04\/PHOTO-2026-03-25-22-27-34_resultado.jpg 800w, https:\/\/escoladigital.madeira.gov.pt\/ebspmoniz\/wp-content\/uploads\/sites\/35\/2026\/04\/PHOTO-2026-03-25-22-27-34_resultado-300x225.jpg 300w, https:\/\/escoladigital.madeira.gov.pt\/ebspmoniz\/wp-content\/uploads\/sites\/35\/2026\/04\/PHOTO-2026-03-25-22-27-34_resultado-768x576.jpg 768w\" sizes=\"(max-width: 800px) 100vw, 800px\" \/><\/figure>\n<\/figure>\n","protected":false},"excerpt":{"rendered":"<p>A a\u00e7\u00e3o de sensibiliza\u00e7\u00e3o \u201cVive na Real! \u2013 N\u00e3o na Depend\u00eancia\u201d foi promovida pela PSP, dirigida principalmente a jovens em [&hellip;]<\/p>\n","protected":false},"author":47,"featured_media":4290,"comment_status":"closed","ping_status":"closed","sticky":false,"template":"","format":"standard","meta":{"site-sidebar-layout":"default","site-content-layout":"","ast-site-content-layout":"default","site-content-style":"default","site-sidebar-style":"default","ast-global-header-display":"","ast-banner-title-visibility":"","ast-main-header-display":"","ast-hfb-above-header-display":"","ast-hfb-below-header-display":"","ast-hfb-mobile-header-display":"","site-post-title":"","ast-breadcrumbs-content":"","ast-featured-img":"","footer-sml-layout":"","ast-disable-related-posts":"","theme-transparent-header-meta":"","adv-header-id-meta":"","stick-header-meta":"","header-above-stick-meta":"","header-main-stick-meta":"","header-below-stick-meta":"","astra-migrate-meta-layouts":"default","ast-page-background-enabled":"default","ast-page-background-meta":{"desktop":{"background-color":"var(--ast-global-color-5)","background-image":"","background-repeat":"repeat","background-position":"center center","background-size":"auto","background-attachment":"scroll","background-type":"","background-media":"","overlay-type":"","overlay-color":"","overlay-opacity":"","overlay-gradient":""},"tablet":{"background-color":"","background-image":"","background-repeat":"repeat","background-position":"center center","background-size":"auto","background-attachment":"scroll","background-type":"","background-media":"","overlay-type":"","overlay-color":"","overlay-opacity":"","overlay-gradient":""},"mobile":{"background-color":"","background-image":"","background-repeat":"repeat","background-position":"center center","background-size":"auto","background-attachment":"scroll","background-type":"","background-media":"","overlay-type":"","overlay-color":"","overlay-opacity":"","overlay-gradient":""}},"ast-content-background-meta":{"desktop":{"background-color":"var(--ast-global-color-4)","background-image":"","background-repeat":"repeat","background-position":"center center","background-size":"auto","background-attachment":"scroll","background-type":"","background-media":"","overlay-type":"","overlay-color":"","overlay-opacity":"","overlay-gradient":""},"tablet":{"background-color":"var(--ast-global-color-4)","background-image":"","background-repeat":"repeat","background-position":"center center","background-size":"auto","background-attachment":"scroll","background-type":"","background-media":"","overlay-type":"","overlay-color":"","overlay-opacity":"","overlay-gradient":""},"mobile":{"background-color":"var(--ast-global-color-4)","background-image":"","background-repeat":"repeat","background-position":"center center","background-size":"auto","background-attachment":"scroll","background-type":"","background-media":"","overlay-type":"","overlay-color":"","overlay-opacity":"","overlay-gradient":""}},"_themeisle_gutenberg_block_has_review":false,"footnotes":""},"categories":[13],"tags":[],"class_list":["post-4286","post","type-post","status-publish","format-standard","has-post-thumbnail","hentry","category-atividade"],"_links":{"self":[{"href":"https:\/\/escoladigital.madeira.gov.pt\/ebspmoniz\/wp-json\/wp\/v2\/posts\/4286","targetHints":{"allow":["GET"]}}],"collection":[{"href":"https:\/\/escoladigital.madeira.gov.pt\/ebspmoniz\/wp-json\/wp\/v2\/posts"}],"about":[{"href":"https:\/\/escoladigital.madeira.gov.pt\/ebspmoniz\/wp-json\/wp\/v2\/types\/post"}],"author":[{"embeddable":true,"href":"https:\/\/escoladigital.madeira.gov.pt\/ebspmoniz\/wp-json\/wp\/v2\/users\/47"}],"replies":[{"embeddable":true,"href":"https:\/\/escoladigital.madeira.gov.pt\/ebspmoniz\/wp-json\/wp\/v2\/comments?post=4286"}],"version-history":[{"count":2,"href":"https:\/\/escoladigital.madeira.gov.pt\/ebspmoniz\/wp-json\/wp\/v2\/posts\/4286\/revisions"}],"predecessor-version":[{"id":4292,"href":"https:\/\/escoladigital.madeira.gov.pt\/ebspmoniz\/wp-json\/wp\/v2\/posts\/4286\/revisions\/4292"}],"wp:featuredmedia":[{"embeddable":true,"href":"https:\/\/escoladigital.madeira.gov.pt\/ebspmoniz\/wp-json\/wp\/v2\/media\/4290"}],"wp:attachment":[{"href":"https:\/\/escoladigital.madeira.gov.pt\/ebspmoniz\/wp-json\/wp\/v2\/media?parent=4286"}],"wp:term":[{"taxonomy":"category","embeddable":true,"href":"https:\/\/escoladigital.madeira.gov.pt\/ebspmoniz\/wp-json\/wp\/v2\/categories?post=4286"},{"taxonomy":"post_tag","embeddable":true,"href":"https:\/\/escoladigital.madeira.gov.pt\/ebspmoniz\/wp-json\/wp\/v2\/tags?post=4286"}],"curies":[{"name":"wp","href":"https:\/\/api.w.org\/{rel}","templated":true}]}}