{"id":4299,"date":"2026-04-22T12:06:53","date_gmt":"2026-04-22T12:06:53","guid":{"rendered":"https:\/\/escoladigital.madeira.gov.pt\/ebspmoniz\/?p=4299"},"modified":"2026-04-22T12:06:54","modified_gmt":"2026-04-22T12:06:54","slug":"dia-do-pai-3","status":"publish","type":"post","link":"https:\/\/escoladigital.madeira.gov.pt\/ebspmoniz\/2026\/04\/22\/dia-do-pai-3\/","title":{"rendered":"Dia do Pai"},"content":{"rendered":"\n<p>No \u00e2mbito da celebra\u00e7\u00e3o do Dia do Pai, vivemos momentos muito especiais na nossa Sala dos peixinhos.<\/p>\n\n\n\n<p>As fam\u00edlias participaram na decora\u00e7\u00e3o do placar alusivo \u00e0 data, tornando-o ainda mais significativo. As crian\u00e7as prepararam, com muito carinho, um presente para oferecer aos seus pais, um porta-retratos cheio de amor. Ao longo dos dias ouviram hist\u00f3rias relacionadas com o tema e ensaiaram uma can\u00e7\u00e3o dedicada ao Pai, tornando esta celebra\u00e7\u00e3o ainda mais especial.<\/p>\n\n\n\n<p>A Educadora<\/p>\n\n\n\n<p>Ana Paula Queiroz<\/p>\n\n\n\n<figure class=\"wp-block-gallery has-nested-images columns-default is-cropped wp-block-gallery-1 is-layout-flex wp-block-gallery-is-layout-flex\">\n<figure class=\"wp-block-image size-large\"><img fetchpriority=\"high\" decoding=\"async\" width=\"338\" height=\"600\" data-id=\"4300\" src=\"https:\/\/escoladigital.madeira.gov.pt\/ebspmoniz\/wp-content\/uploads\/sites\/35\/2026\/04\/1._resultado.jpg\" alt=\"\" class=\"wp-image-4300\" srcset=\"https:\/\/escoladigital.madeira.gov.pt\/ebspmoniz\/wp-content\/uploads\/sites\/35\/2026\/04\/1._resultado.jpg 338w, https:\/\/escoladigital.madeira.gov.pt\/ebspmoniz\/wp-content\/uploads\/sites\/35\/2026\/04\/1._resultado-169x300.jpg 169w\" sizes=\"(max-width: 338px) 100vw, 338px\" \/><\/figure>\n\n\n\n<figure class=\"wp-block-image size-large\"><img decoding=\"async\" width=\"338\" height=\"600\" data-id=\"4301\" src=\"https:\/\/escoladigital.madeira.gov.pt\/ebspmoniz\/wp-content\/uploads\/sites\/35\/2026\/04\/2._resultado.jpg\" alt=\"\" class=\"wp-image-4301\" srcset=\"https:\/\/escoladigital.madeira.gov.pt\/ebspmoniz\/wp-content\/uploads\/sites\/35\/2026\/04\/2._resultado.jpg 338w, https:\/\/escoladigital.madeira.gov.pt\/ebspmoniz\/wp-content\/uploads\/sites\/35\/2026\/04\/2._resultado-169x300.jpg 169w\" sizes=\"(max-width: 338px) 100vw, 338px\" \/><\/figure>\n\n\n\n<figure class=\"wp-block-image size-large\"><img decoding=\"async\" width=\"338\" height=\"600\" data-id=\"4302\" src=\"https:\/\/escoladigital.madeira.gov.pt\/ebspmoniz\/wp-content\/uploads\/sites\/35\/2026\/04\/3._resultado.jpg\" alt=\"\" class=\"wp-image-4302\" srcset=\"https:\/\/escoladigital.madeira.gov.pt\/ebspmoniz\/wp-content\/uploads\/sites\/35\/2026\/04\/3._resultado.jpg 338w, https:\/\/escoladigital.madeira.gov.pt\/ebspmoniz\/wp-content\/uploads\/sites\/35\/2026\/04\/3._resultado-169x300.jpg 169w\" sizes=\"(max-width: 338px) 100vw, 338px\" \/><\/figure>\n\n\n\n<figure class=\"wp-block-image size-large\"><img loading=\"lazy\" decoding=\"async\" width=\"338\" height=\"600\" data-id=\"4303\" src=\"https:\/\/escoladigital.madeira.gov.pt\/ebspmoniz\/wp-content\/uploads\/sites\/35\/2026\/04\/4._resultado.jpg\" alt=\"\" class=\"wp-image-4303\" srcset=\"https:\/\/escoladigital.madeira.gov.pt\/ebspmoniz\/wp-content\/uploads\/sites\/35\/2026\/04\/4._resultado.jpg 338w, https:\/\/escoladigital.madeira.gov.pt\/ebspmoniz\/wp-content\/uploads\/sites\/35\/2026\/04\/4._resultado-169x300.jpg 169w\" sizes=\"(max-width: 338px) 100vw, 338px\" \/><\/figure>\n\n\n\n<figure class=\"wp-block-image size-large\"><img loading=\"lazy\" decoding=\"async\" width=\"545\" height=\"600\" data-id=\"4304\" src=\"https:\/\/escoladigital.madeira.gov.pt\/ebspmoniz\/wp-content\/uploads\/sites\/35\/2026\/04\/5._resultado.jpg\" alt=\"\" class=\"wp-image-4304\" srcset=\"https:\/\/escoladigital.madeira.gov.pt\/ebspmoniz\/wp-content\/uploads\/sites\/35\/2026\/04\/5._resultado.jpg 545w, https:\/\/escoladigital.madeira.gov.pt\/ebspmoniz\/wp-content\/uploads\/sites\/35\/2026\/04\/5._resultado-273x300.jpg 273w\" sizes=\"(max-width: 545px) 100vw, 545px\" \/><\/figure>\n\n\n\n<figure class=\"wp-block-image size-large\"><img loading=\"lazy\" decoding=\"async\" width=\"338\" height=\"600\" data-id=\"4305\" src=\"https:\/\/escoladigital.madeira.gov.pt\/ebspmoniz\/wp-content\/uploads\/sites\/35\/2026\/04\/6._resultado.jpg\" alt=\"\" class=\"wp-image-4305\" srcset=\"https:\/\/escoladigital.madeira.gov.pt\/ebspmoniz\/wp-content\/uploads\/sites\/35\/2026\/04\/6._resultado.jpg 338w, https:\/\/escoladigital.madeira.gov.pt\/ebspmoniz\/wp-content\/uploads\/sites\/35\/2026\/04\/6._resultado-169x300.jpg 169w\" sizes=\"(max-width: 338px) 100vw, 338px\" \/><\/figure>\n<\/figure>\n","protected":false},"excerpt":{"rendered":"<p>No \u00e2mbito da celebra\u00e7\u00e3o do Dia do Pai, vivemos momentos muito especiais na nossa Sala dos peixinhos. As fam\u00edlias participaram [&hellip;]<\/p>\n","protected":false},"author":47,"featured_media":4301,"comment_status":"closed","ping_status":"closed","sticky":false,"template":"","format":"standard","meta":{"site-sidebar-layout":"default","site-content-layout":"","ast-site-content-layout":"default","site-content-style":"default","site-sidebar-style":"default","ast-global-header-display":"","ast-banner-title-visibility":"","ast-main-header-display":"","ast-hfb-above-header-display":"","ast-hfb-below-header-display":"","ast-hfb-mobile-header-display":"","site-post-title":"","ast-breadcrumbs-content":"","ast-featured-img":"","footer-sml-layout":"","ast-disable-related-posts":"","theme-transparent-header-meta":"","adv-header-id-meta":"","stick-header-meta":"","header-above-stick-meta":"","header-main-stick-meta":"","header-below-stick-meta":"","astra-migrate-meta-layouts":"default","ast-page-background-enabled":"default","ast-page-background-meta":{"desktop":{"background-color":"var(--ast-global-color-5)","background-image":"","background-repeat":"repeat","background-position":"center center","background-size":"auto","background-attachment":"scroll","background-type":"","background-media":"","overlay-type":"","overlay-color":"","overlay-opacity":"","overlay-gradient":""},"tablet":{"background-color":"","background-image":"","background-repeat":"repeat","background-position":"center center","background-size":"auto","background-attachment":"scroll","background-type":"","background-media":"","overlay-type":"","overlay-color":"","overlay-opacity":"","overlay-gradient":""},"mobile":{"background-color":"","background-image":"","background-repeat":"repeat","background-position":"center center","background-size":"auto","background-attachment":"scroll","background-type":"","background-media":"","overlay-type":"","overlay-color":"","overlay-opacity":"","overlay-gradient":""}},"ast-content-background-meta":{"desktop":{"background-color":"var(--ast-global-color-4)","background-image":"","background-repeat":"repeat","background-position":"center center","background-size":"auto","background-attachment":"scroll","background-type":"","background-media":"","overlay-type":"","overlay-color":"","overlay-opacity":"","overlay-gradient":""},"tablet":{"background-color":"var(--ast-global-color-4)","background-image":"","background-repeat":"repeat","background-position":"center center","background-size":"auto","background-attachment":"scroll","background-type":"","background-media":"","overlay-type":"","overlay-color":"","overlay-opacity":"","overlay-gradient":""},"mobile":{"background-color":"var(--ast-global-color-4)","background-image":"","background-repeat":"repeat","background-position":"center center","background-size":"auto","background-attachment":"scroll","background-type":"","background-media":"","overlay-type":"","overlay-color":"","overlay-opacity":"","overlay-gradient":""}},"_themeisle_gutenberg_block_has_review":false,"footnotes":""},"categories":[13],"tags":[],"class_list":["post-4299","post","type-post","status-publish","format-standard","has-post-thumbnail","hentry","category-atividade"],"_links":{"self":[{"href":"https:\/\/escoladigital.madeira.gov.pt\/ebspmoniz\/wp-json\/wp\/v2\/posts\/4299","targetHints":{"allow":["GET"]}}],"collection":[{"href":"https:\/\/escoladigital.madeira.gov.pt\/ebspmoniz\/wp-json\/wp\/v2\/posts"}],"about":[{"href":"https:\/\/escoladigital.madeira.gov.pt\/ebspmoniz\/wp-json\/wp\/v2\/types\/post"}],"author":[{"embeddable":true,"href":"https:\/\/escoladigital.madeira.gov.pt\/ebspmoniz\/wp-json\/wp\/v2\/users\/47"}],"replies":[{"embeddable":true,"href":"https:\/\/escoladigital.madeira.gov.pt\/ebspmoniz\/wp-json\/wp\/v2\/comments?post=4299"}],"version-history":[{"count":1,"href":"https:\/\/escoladigital.madeira.gov.pt\/ebspmoniz\/wp-json\/wp\/v2\/posts\/4299\/revisions"}],"predecessor-version":[{"id":4306,"href":"https:\/\/escoladigital.madeira.gov.pt\/ebspmoniz\/wp-json\/wp\/v2\/posts\/4299\/revisions\/4306"}],"wp:featuredmedia":[{"embeddable":true,"href":"https:\/\/escoladigital.madeira.gov.pt\/ebspmoniz\/wp-json\/wp\/v2\/media\/4301"}],"wp:attachment":[{"href":"https:\/\/escoladigital.madeira.gov.pt\/ebspmoniz\/wp-json\/wp\/v2\/media?parent=4299"}],"wp:term":[{"taxonomy":"category","embeddable":true,"href":"https:\/\/escoladigital.madeira.gov.pt\/ebspmoniz\/wp-json\/wp\/v2\/categories?post=4299"},{"taxonomy":"post_tag","embeddable":true,"href":"https:\/\/escoladigital.madeira.gov.pt\/ebspmoniz\/wp-json\/wp\/v2\/tags?post=4299"}],"curies":[{"name":"wp","href":"https:\/\/api.w.org\/{rel}","templated":true}]}}