{"id":1772,"date":"2025-02-03T14:01:13","date_gmt":"2025-02-03T14:01:13","guid":{"rendered":"https:\/\/escoladigital.madeira.gov.pt\/ebsscruz\/?p=1772"},"modified":"2025-02-03T14:01:13","modified_gmt":"2025-02-03T14:01:13","slug":"curso-profissional-de-tecnico-de-turismo-12-oe","status":"publish","type":"post","link":"https:\/\/escoladigital.madeira.gov.pt\/ebsscruz\/2025\/02\/03\/curso-profissional-de-tecnico-de-turismo-12-oe\/","title":{"rendered":"Curso Profissional de T\u00e9cnico de Turismo \u2013 12.\u00baE"},"content":{"rendered":"\n<p><strong>Visita de Estudo \u2013 Costa Este<\/strong><\/p>\n\n\n\n<p>Realizou-se, no passado dia 24 de janeiro, a visita de estudo \u201cCosta Este\u201d, com a turma 12.\u00baE, do Curso Profissional de T\u00e9cnico de Turismo, organizada pelos docentes das disciplinas t\u00e9cnicas, Cid\u00e1lia Moreira e Fernando Ramos, nomeadamente de T\u00e9cnicas de Comunica\u00e7\u00e3o em Acolhimento Tur\u00edstico, de Comunicar em Ingl\u00eas e de Opera\u00e7\u00f5es T\u00e9cnicas em Empresas Tur\u00edsticas, tendo ainda contado com a presen\u00e7a da docente Filomena Costa, de \u00c1rea de Integra\u00e7\u00e3o.<\/p>\n\n\n\n<p>Esta sa\u00edda de campo teve o seguinte itiner\u00e1rio: Sa\u00edda da EBSSC, em dire\u00e7\u00e3o ao Cani\u00e7al, Ponta do Rosto; de seguida, visita ao Porto da Cruz, nomeadamente ao ex-libris desta freguesia, o Engenho do Norte. A paragem seguinte foi no Concelho de Santana, com visita ao Hotel Rural Quinta do Fur\u00e3o****, onde a turma foi brindada com um beberete e pastelaria local. Ainda em Santana, os alunos tiveram a oportunidade de visitar as casas t\u00edpicas de colmo e de experienciar a gastronomia local, durante o almo\u00e7o no Restaurante \u201c O Colmo\u201d.<\/p>\n\n\n\n<p>Para finalizar, o grupo rumou para o Pico das Pedras, onde foi efetuado o percurso pedonal da Achada do Teixeira \u2013 \u201c Homem em P\u00e9\u201d. O Regresso \u00e0 EBSSC foi feito com a passagem pela bela cidade de Machico. Os alunos tiveram uma excelente presta\u00e7\u00e3o e participa\u00e7\u00e3o nesta aprendizagem <em>in loco<\/em> em todo o percurso realizado.<\/p>\n\n\n\n<figure class=\"wp-block-embed is-type-wp-embed is-provider-canva wp-block-embed-canva\"><div class=\"wp-block-embed__wrapper\">\n<iframe class=\"wp-embedded-content\" sandbox=\"allow-scripts\" security=\"restricted\" title=\"Untitled\" src=\"https:\/\/www.canva.com\/design\/DAGeDVYdA2g\/PTQdVfYNMu0WZW341vB3_A\/view?embed&#038;meta#?secret=jy7j4UnmeL\" data-secret=\"jy7j4UnmeL\" height=\"281\" width=\"500\"><\/iframe>\n<\/div><\/figure>\n\n\n\n<p><a href=\"https:\/\/www.canva.com\/design\/DAGeDVYdA2g\/PTQdVfYNMu0WZW341vB3_A\/view?utm_content=DAGeDVYdA2g&amp;utm_campaign=designshare&amp;utm_medium=embeds&amp;utm_source=link\" target=\"_blank\" rel=\"noreferrer noopener\">Design<\/a> de \u00c9lia Freitas<\/p>\n\n\n\n<p><\/p>\n","protected":false},"excerpt":{"rendered":"<p>Visita de Estudo \u2013 Costa Este Realizou-se, no passado dia 24 de janeiro, a visita de estudo \u201cCosta Este\u201d, com [&hellip;]<\/p>\n","protected":false},"author":37,"featured_media":0,"comment_status":"closed","ping_status":"closed","sticky":false,"template":"","format":"standard","meta":{"site-sidebar-layout":"default","site-content-layout":"","ast-site-content-layout":"default","site-content-style":"default","site-sidebar-style":"default","ast-global-header-display":"","ast-banner-title-visibility":"","ast-main-header-display":"","ast-hfb-above-header-display":"","ast-hfb-below-header-display":"","ast-hfb-mobile-header-display":"","site-post-title":"","ast-breadcrumbs-content":"","ast-featured-img":"","footer-sml-layout":"","ast-disable-related-posts":"","theme-transparent-header-meta":"","adv-header-id-meta":"","stick-header-meta":"","header-above-stick-meta":"","header-main-stick-meta":"","header-below-stick-meta":"","astra-migrate-meta-layouts":"default","ast-page-background-enabled":"default","ast-page-background-meta":{"desktop":{"background-color":"var(--ast-global-color-4)","background-image":"","background-repeat":"repeat","background-position":"center center","background-size":"auto","background-attachment":"scroll","background-type":"","background-media":"","overlay-type":"","overlay-color":"","overlay-opacity":"","overlay-gradient":""},"tablet":{"background-color":"","background-image":"","background-repeat":"repeat","background-position":"center center","background-size":"auto","background-attachment":"scroll","background-type":"","background-media":"","overlay-type":"","overlay-color":"","overlay-opacity":"","overlay-gradient":""},"mobile":{"background-color":"","background-image":"","background-repeat":"repeat","background-position":"center center","background-size":"auto","background-attachment":"scroll","background-type":"","background-media":"","overlay-type":"","overlay-color":"","overlay-opacity":"","overlay-gradient":""}},"ast-content-background-meta":{"desktop":{"background-color":"var(--ast-global-color-5)","background-image":"","background-repeat":"repeat","background-position":"center center","background-size":"auto","background-attachment":"scroll","background-type":"","background-media":"","overlay-type":"","overlay-color":"","overlay-opacity":"","overlay-gradient":""},"tablet":{"background-color":"var(--ast-global-color-5)","background-image":"","background-repeat":"repeat","background-position":"center center","background-size":"auto","background-attachment":"scroll","background-type":"","background-media":"","overlay-type":"","overlay-color":"","overlay-opacity":"","overlay-gradient":""},"mobile":{"background-color":"var(--ast-global-color-5)","background-image":"","background-repeat":"repeat","background-position":"center center","background-size":"auto","background-attachment":"scroll","background-type":"","background-media":"","overlay-type":"","overlay-color":"","overlay-opacity":"","overlay-gradient":""}},"_themeisle_gutenberg_block_has_review":false,"footnotes":""},"categories":[9],"tags":[],"class_list":["post-1772","post","type-post","status-publish","format-standard","hentry","category-pp"],"_links":{"self":[{"href":"https:\/\/escoladigital.madeira.gov.pt\/ebsscruz\/wp-json\/wp\/v2\/posts\/1772","targetHints":{"allow":["GET"]}}],"collection":[{"href":"https:\/\/escoladigital.madeira.gov.pt\/ebsscruz\/wp-json\/wp\/v2\/posts"}],"about":[{"href":"https:\/\/escoladigital.madeira.gov.pt\/ebsscruz\/wp-json\/wp\/v2\/types\/post"}],"author":[{"embeddable":true,"href":"https:\/\/escoladigital.madeira.gov.pt\/ebsscruz\/wp-json\/wp\/v2\/users\/37"}],"replies":[{"embeddable":true,"href":"https:\/\/escoladigital.madeira.gov.pt\/ebsscruz\/wp-json\/wp\/v2\/comments?post=1772"}],"version-history":[{"count":1,"href":"https:\/\/escoladigital.madeira.gov.pt\/ebsscruz\/wp-json\/wp\/v2\/posts\/1772\/revisions"}],"predecessor-version":[{"id":1773,"href":"https:\/\/escoladigital.madeira.gov.pt\/ebsscruz\/wp-json\/wp\/v2\/posts\/1772\/revisions\/1773"}],"wp:attachment":[{"href":"https:\/\/escoladigital.madeira.gov.pt\/ebsscruz\/wp-json\/wp\/v2\/media?parent=1772"}],"wp:term":[{"taxonomy":"category","embeddable":true,"href":"https:\/\/escoladigital.madeira.gov.pt\/ebsscruz\/wp-json\/wp\/v2\/categories?post=1772"},{"taxonomy":"post_tag","embeddable":true,"href":"https:\/\/escoladigital.madeira.gov.pt\/ebsscruz\/wp-json\/wp\/v2\/tags?post=1772"}],"curies":[{"name":"wp","href":"https:\/\/api.w.org\/{rel}","templated":true}]}}