{"id":1837,"date":"2025-02-13T11:42:50","date_gmt":"2025-02-13T11:42:50","guid":{"rendered":"https:\/\/escoladigital.madeira.gov.pt\/ebsscruz\/?p=1837"},"modified":"2025-02-13T11:42:50","modified_gmt":"2025-02-13T11:42:50","slug":"microplasticos-tecnologia-e-consumo","status":"publish","type":"post","link":"https:\/\/escoladigital.madeira.gov.pt\/ebsscruz\/2025\/02\/13\/microplasticos-tecnologia-e-consumo\/","title":{"rendered":"&#8220;Micropl\u00e1sticos: Tecnologia e Consumo&#8221;."},"content":{"rendered":"\n<p>No dia 12 de fevereiro, os nossos alunos do 8.\u00baA, no \u00e2mbito da disciplina de Cidadania e Desenvolvimento, participaram numa atividade enriquecedora sobre os &#8220;Micropl\u00e1sticos: Tecnologia e Consumo&#8221;.<\/p>\n\n\n\n<p>O objetivo foi compreender os diversos tipos de pl\u00e1sticos que comp\u00f5em os objetos do nosso quotidiano e o impacto que t\u00eam no ambiente, respetivamente nos oceanos.<\/p>\n\n\n\n<p>Durante a sess\u00e3o, os alunos realizaram exerc\u00edcios pr\u00e1ticos de identifica\u00e7\u00e3o dos pl\u00e1sticos presentes no nosso dia-a-dia e <a><\/a>aprenderam como o ciclo de vida dos objetos pode influenciar a produ\u00e7\u00e3o de micropl\u00e1sticos.<\/p>\n\n\n\n<p>Agradecemos \u00e0 ARDITI pelo apoio na realiza\u00e7\u00e3o da atividade e ao Professor Jo\u00e3o Baptista, que dinamizou a sess\u00e3o com grande dedica\u00e7\u00e3o e conhecimento. <img decoding=\"async\" height=\"16\" width=\"16\" alt=\"\ud83d\udc4f\" src=\"https:\/\/static.xx.fbcdn.net\/images\/emoji.php\/v9\/tfe\/1\/16\/1f44f.png\"><\/p>\n\n\n\n<p>Juntos, continuamos a aprender e a refletir sobre a import\u00e2ncia da preserva\u00e7\u00e3o dos oceanos <img decoding=\"async\" height=\"16\" width=\"16\" alt=\"\ud83c\udf0a\" src=\"https:\/\/static.xx.fbcdn.net\/images\/emoji.php\/v9\/tbc\/1\/16\/1f30a.png\"> , da sustentabilidade e do consumo consciente.<img decoding=\"async\" height=\"16\" width=\"16\" alt=\"\u267b\ufe0f\" src=\"https:\/\/static.xx.fbcdn.net\/images\/emoji.php\/v9\/tf8\/1\/16\/267b.png\"><\/p>\n\n\n\n<p><a href=\"https:\/\/www.facebook.com\/hashtag\/arditi?__eep__=6&amp;__cft__[0]=AZXae5JF0i33rzLnY56RKaKcvLL-Kk3kLJciJ6HHHhVTuWmraapKTK5ScY4j9SDjA9vmUi-YDIlP8d1FtmcXSfduNYzgPYZnovckPYKJc3xrlsVZemD6l_7r2TPNi312aWOgaJWuGI70kcyPLPmnv5CK9-FQnEpSTdmQ_AobUiIvMR39vMdcdueID_gybKtpeMk&amp;__tn__=*NK-R\">#Arditi<\/a><\/p>\n\n\n\n<figure class=\"wp-block-image aligncenter size-full is-resized\"><img loading=\"lazy\" decoding=\"async\" width=\"736\" height=\"609\" src=\"https:\/\/escoladigital.madeira.gov.pt\/ebsscruz\/wp-content\/uploads\/sites\/6\/2025\/02\/arditi.jpg\" alt=\"\" class=\"wp-image-1838\" style=\"width:357px;height:auto\" srcset=\"https:\/\/escoladigital.madeira.gov.pt\/ebsscruz\/wp-content\/uploads\/sites\/6\/2025\/02\/arditi.jpg 736w, https:\/\/escoladigital.madeira.gov.pt\/ebsscruz\/wp-content\/uploads\/sites\/6\/2025\/02\/arditi-300x248.jpg 300w\" sizes=\"(max-width: 736px) 100vw, 736px\" \/><\/figure>\n","protected":false},"excerpt":{"rendered":"<p>No dia 12 de fevereiro, os nossos alunos do 8.\u00baA, no \u00e2mbito da disciplina de Cidadania e Desenvolvimento, participaram numa [&hellip;]<\/p>\n","protected":false},"author":37,"featured_media":0,"comment_status":"closed","ping_status":"closed","sticky":false,"template":"","format":"standard","meta":{"site-sidebar-layout":"default","site-content-layout":"","ast-site-content-layout":"default","site-content-style":"default","site-sidebar-style":"default","ast-global-header-display":"","ast-banner-title-visibility":"","ast-main-header-display":"","ast-hfb-above-header-display":"","ast-hfb-below-header-display":"","ast-hfb-mobile-header-display":"","site-post-title":"","ast-breadcrumbs-content":"","ast-featured-img":"","footer-sml-layout":"","ast-disable-related-posts":"","theme-transparent-header-meta":"","adv-header-id-meta":"","stick-header-meta":"","header-above-stick-meta":"","header-main-stick-meta":"","header-below-stick-meta":"","astra-migrate-meta-layouts":"default","ast-page-background-enabled":"default","ast-page-background-meta":{"desktop":{"background-color":"var(--ast-global-color-4)","background-image":"","background-repeat":"repeat","background-position":"center center","background-size":"auto","background-attachment":"scroll","background-type":"","background-media":"","overlay-type":"","overlay-color":"","overlay-opacity":"","overlay-gradient":""},"tablet":{"background-color":"","background-image":"","background-repeat":"repeat","background-position":"center center","background-size":"auto","background-attachment":"scroll","background-type":"","background-media":"","overlay-type":"","overlay-color":"","overlay-opacity":"","overlay-gradient":""},"mobile":{"background-color":"","background-image":"","background-repeat":"repeat","background-position":"center center","background-size":"auto","background-attachment":"scroll","background-type":"","background-media":"","overlay-type":"","overlay-color":"","overlay-opacity":"","overlay-gradient":""}},"ast-content-background-meta":{"desktop":{"background-color":"var(--ast-global-color-5)","background-image":"","background-repeat":"repeat","background-position":"center center","background-size":"auto","background-attachment":"scroll","background-type":"","background-media":"","overlay-type":"","overlay-color":"","overlay-opacity":"","overlay-gradient":""},"tablet":{"background-color":"var(--ast-global-color-5)","background-image":"","background-repeat":"repeat","background-position":"center center","background-size":"auto","background-attachment":"scroll","background-type":"","background-media":"","overlay-type":"","overlay-color":"","overlay-opacity":"","overlay-gradient":""},"mobile":{"background-color":"var(--ast-global-color-5)","background-image":"","background-repeat":"repeat","background-position":"center center","background-size":"auto","background-attachment":"scroll","background-type":"","background-media":"","overlay-type":"","overlay-color":"","overlay-opacity":"","overlay-gradient":""}},"_themeisle_gutenberg_block_has_review":false,"footnotes":""},"categories":[9],"tags":[],"class_list":["post-1837","post","type-post","status-publish","format-standard","hentry","category-pp"],"_links":{"self":[{"href":"https:\/\/escoladigital.madeira.gov.pt\/ebsscruz\/wp-json\/wp\/v2\/posts\/1837","targetHints":{"allow":["GET"]}}],"collection":[{"href":"https:\/\/escoladigital.madeira.gov.pt\/ebsscruz\/wp-json\/wp\/v2\/posts"}],"about":[{"href":"https:\/\/escoladigital.madeira.gov.pt\/ebsscruz\/wp-json\/wp\/v2\/types\/post"}],"author":[{"embeddable":true,"href":"https:\/\/escoladigital.madeira.gov.pt\/ebsscruz\/wp-json\/wp\/v2\/users\/37"}],"replies":[{"embeddable":true,"href":"https:\/\/escoladigital.madeira.gov.pt\/ebsscruz\/wp-json\/wp\/v2\/comments?post=1837"}],"version-history":[{"count":1,"href":"https:\/\/escoladigital.madeira.gov.pt\/ebsscruz\/wp-json\/wp\/v2\/posts\/1837\/revisions"}],"predecessor-version":[{"id":1839,"href":"https:\/\/escoladigital.madeira.gov.pt\/ebsscruz\/wp-json\/wp\/v2\/posts\/1837\/revisions\/1839"}],"wp:attachment":[{"href":"https:\/\/escoladigital.madeira.gov.pt\/ebsscruz\/wp-json\/wp\/v2\/media?parent=1837"}],"wp:term":[{"taxonomy":"category","embeddable":true,"href":"https:\/\/escoladigital.madeira.gov.pt\/ebsscruz\/wp-json\/wp\/v2\/categories?post=1837"},{"taxonomy":"post_tag","embeddable":true,"href":"https:\/\/escoladigital.madeira.gov.pt\/ebsscruz\/wp-json\/wp\/v2\/tags?post=1837"}],"curies":[{"name":"wp","href":"https:\/\/api.w.org\/{rel}","templated":true}]}}