{"id":1925,"date":"2025-02-20T12:37:09","date_gmt":"2025-02-20T12:37:09","guid":{"rendered":"https:\/\/escoladigital.madeira.gov.pt\/ebsscruz\/?p=1925"},"modified":"2025-02-20T12:39:27","modified_gmt":"2025-02-20T12:39:27","slug":"vlll-encontro-regionalseguranet-ambiente-digitalseguro","status":"publish","type":"post","link":"https:\/\/escoladigital.madeira.gov.pt\/ebsscruz\/2025\/02\/20\/vlll-encontro-regionalseguranet-ambiente-digitalseguro\/","title":{"rendered":"VII Encontro Regional SeguraNet: \u201cAmbiente Digital Seguro\u201d"},"content":{"rendered":"\n<p>A Secretaria Regional de Educa\u00e7\u00e3o, Ci\u00eancia e Tecnologia, atrav\u00e9s da Dire\u00e7\u00e3o Regional de Educa\u00e7\u00e3o, ir\u00e1 promover o VIII Encontro Regional SeguraNet: &#8220;Ambiente Digital Seguro&#8221;, que se realizar\u00e1 no dia <strong>19 de mar\u00e7o de 2O25<\/strong>, entre as<strong> 10:00h<\/strong> e as <strong>12:30h<\/strong>, na <strong>Sala de Sess\u00f5es<\/strong> da <strong>Escola Secund\u00e1ria Francisco Franco<\/strong>.<\/p>\n\n\n\n<p>A participa\u00e7\u00e3o neste encontro \u00e9 gratuita, mas as vagas s\u00e3o limitadas. A inscri\u00e7\u00e3o deve ser feita at\u00e9 ao dia <strong>15 de mar\u00e7o<\/strong> atrav\u00e9s do seguinte URL de inscri\u00e7\u00e3o: <a href=\"https:\/\/forms.office.com\/pages\/responsepage.aspx?id=bgXYTcRCZk6U0SwtE8-ACYcC9_aw9E5JmhVbcKv-6y1UMzRXVVgySUlSWlRNRUY2OU9CUlg3QUZNNS4u&amp;route=shorturl\">https:\/\/forms.office.com\/pages\/responsepage.aspx?id=bgXYTcRCZk6U0SwtE8-ACYcC9_aw9E5JmhVbcKv-6y1UMzRXVVgySUlSWlRNRUY2OU9CUlg3QUZNNS4u&amp;route=shorturl<\/a><br><\/p>\n\n\n\n<div id=\"wp-block-themeisle-blocks-advanced-columns-63e051b0\" class=\"wp-block-themeisle-blocks-advanced-columns has-2-columns has-desktop-equal-layout has-tablet-equal-layout has-mobile-collapsedRows-layout has-vertical-unset\"><div class=\"wp-block-themeisle-blocks-advanced-columns-overlay\"><\/div><div class=\"innerblocks-wrap\">\n<div id=\"wp-block-themeisle-blocks-advanced-column-c22ca1ca\" class=\"wp-block-themeisle-blocks-advanced-column\">\n<figure class=\"wp-block-image size-large\"><img fetchpriority=\"high\" decoding=\"async\" width=\"724\" height=\"1024\" src=\"https:\/\/escoladigital.madeira.gov.pt\/ebsscruz\/wp-content\/uploads\/sites\/6\/2025\/02\/Anexo-OFC-25_Cartaz-Programa-VIII-Encontro-SeguraNet-2_page-0001-724x1024.jpg\" alt=\"\" class=\"wp-image-1927\" srcset=\"https:\/\/escoladigital.madeira.gov.pt\/ebsscruz\/wp-content\/uploads\/sites\/6\/2025\/02\/Anexo-OFC-25_Cartaz-Programa-VIII-Encontro-SeguraNet-2_page-0001-724x1024.jpg 724w, https:\/\/escoladigital.madeira.gov.pt\/ebsscruz\/wp-content\/uploads\/sites\/6\/2025\/02\/Anexo-OFC-25_Cartaz-Programa-VIII-Encontro-SeguraNet-2_page-0001-212x300.jpg 212w, https:\/\/escoladigital.madeira.gov.pt\/ebsscruz\/wp-content\/uploads\/sites\/6\/2025\/02\/Anexo-OFC-25_Cartaz-Programa-VIII-Encontro-SeguraNet-2_page-0001-768x1086.jpg 768w, https:\/\/escoladigital.madeira.gov.pt\/ebsscruz\/wp-content\/uploads\/sites\/6\/2025\/02\/Anexo-OFC-25_Cartaz-Programa-VIII-Encontro-SeguraNet-2_page-0001-1086x1536.jpg 1086w, https:\/\/escoladigital.madeira.gov.pt\/ebsscruz\/wp-content\/uploads\/sites\/6\/2025\/02\/Anexo-OFC-25_Cartaz-Programa-VIII-Encontro-SeguraNet-2_page-0001-1448x2048.jpg 1448w, https:\/\/escoladigital.madeira.gov.pt\/ebsscruz\/wp-content\/uploads\/sites\/6\/2025\/02\/Anexo-OFC-25_Cartaz-Programa-VIII-Encontro-SeguraNet-2_page-0001-scaled.jpg 1810w\" sizes=\"(max-width: 724px) 100vw, 724px\" \/><\/figure>\n<\/div>\n\n\n\n<div id=\"wp-block-themeisle-blocks-advanced-column-0f4e12a3\" class=\"wp-block-themeisle-blocks-advanced-column\">\n<figure class=\"wp-block-image size-large\"><img decoding=\"async\" width=\"724\" height=\"1024\" src=\"https:\/\/escoladigital.madeira.gov.pt\/ebsscruz\/wp-content\/uploads\/sites\/6\/2025\/02\/Anexo-OFC-25_Cartaz-Programa-VIII-Encontro-SeguraNet-2_page-0002-724x1024.jpg\" alt=\"\" class=\"wp-image-1928\" srcset=\"https:\/\/escoladigital.madeira.gov.pt\/ebsscruz\/wp-content\/uploads\/sites\/6\/2025\/02\/Anexo-OFC-25_Cartaz-Programa-VIII-Encontro-SeguraNet-2_page-0002-724x1024.jpg 724w, https:\/\/escoladigital.madeira.gov.pt\/ebsscruz\/wp-content\/uploads\/sites\/6\/2025\/02\/Anexo-OFC-25_Cartaz-Programa-VIII-Encontro-SeguraNet-2_page-0002-212x300.jpg 212w, https:\/\/escoladigital.madeira.gov.pt\/ebsscruz\/wp-content\/uploads\/sites\/6\/2025\/02\/Anexo-OFC-25_Cartaz-Programa-VIII-Encontro-SeguraNet-2_page-0002-768x1086.jpg 768w, https:\/\/escoladigital.madeira.gov.pt\/ebsscruz\/wp-content\/uploads\/sites\/6\/2025\/02\/Anexo-OFC-25_Cartaz-Programa-VIII-Encontro-SeguraNet-2_page-0002-1086x1536.jpg 1086w, https:\/\/escoladigital.madeira.gov.pt\/ebsscruz\/wp-content\/uploads\/sites\/6\/2025\/02\/Anexo-OFC-25_Cartaz-Programa-VIII-Encontro-SeguraNet-2_page-0002-1448x2048.jpg 1448w, https:\/\/escoladigital.madeira.gov.pt\/ebsscruz\/wp-content\/uploads\/sites\/6\/2025\/02\/Anexo-OFC-25_Cartaz-Programa-VIII-Encontro-SeguraNet-2_page-0002-scaled.jpg 1810w\" sizes=\"(max-width: 724px) 100vw, 724px\" \/><\/figure>\n<\/div>\n<\/div><\/div>\n","protected":false},"excerpt":{"rendered":"<p>A Secretaria Regional de Educa\u00e7\u00e3o, Ci\u00eancia e Tecnologia, atrav\u00e9s da Dire\u00e7\u00e3o Regional de Educa\u00e7\u00e3o, ir\u00e1 promover o VIII Encontro Regional [&hellip;]<\/p>\n","protected":false},"author":37,"featured_media":0,"comment_status":"closed","ping_status":"closed","sticky":false,"template":"","format":"standard","meta":{"site-sidebar-layout":"default","site-content-layout":"","ast-site-content-layout":"default","site-content-style":"default","site-sidebar-style":"default","ast-global-header-display":"","ast-banner-title-visibility":"","ast-main-header-display":"","ast-hfb-above-header-display":"","ast-hfb-below-header-display":"","ast-hfb-mobile-header-display":"","site-post-title":"","ast-breadcrumbs-content":"","ast-featured-img":"","footer-sml-layout":"","ast-disable-related-posts":"","theme-transparent-header-meta":"","adv-header-id-meta":"","stick-header-meta":"","header-above-stick-meta":"","header-main-stick-meta":"","header-below-stick-meta":"","astra-migrate-meta-layouts":"default","ast-page-background-enabled":"default","ast-page-background-meta":{"desktop":{"background-color":"var(--ast-global-color-4)","background-image":"","background-repeat":"repeat","background-position":"center center","background-size":"auto","background-attachment":"scroll","background-type":"","background-media":"","overlay-type":"","overlay-color":"","overlay-opacity":"","overlay-gradient":""},"tablet":{"background-color":"","background-image":"","background-repeat":"repeat","background-position":"center center","background-size":"auto","background-attachment":"scroll","background-type":"","background-media":"","overlay-type":"","overlay-color":"","overlay-opacity":"","overlay-gradient":""},"mobile":{"background-color":"","background-image":"","background-repeat":"repeat","background-position":"center center","background-size":"auto","background-attachment":"scroll","background-type":"","background-media":"","overlay-type":"","overlay-color":"","overlay-opacity":"","overlay-gradient":""}},"ast-content-background-meta":{"desktop":{"background-color":"var(--ast-global-color-5)","background-image":"","background-repeat":"repeat","background-position":"center center","background-size":"auto","background-attachment":"scroll","background-type":"","background-media":"","overlay-type":"","overlay-color":"","overlay-opacity":"","overlay-gradient":""},"tablet":{"background-color":"var(--ast-global-color-5)","background-image":"","background-repeat":"repeat","background-position":"center center","background-size":"auto","background-attachment":"scroll","background-type":"","background-media":"","overlay-type":"","overlay-color":"","overlay-opacity":"","overlay-gradient":""},"mobile":{"background-color":"var(--ast-global-color-5)","background-image":"","background-repeat":"repeat","background-position":"center center","background-size":"auto","background-attachment":"scroll","background-type":"","background-media":"","overlay-type":"","overlay-color":"","overlay-opacity":"","overlay-gradient":""}},"_themeisle_gutenberg_block_has_review":false,"footnotes":""},"categories":[9],"tags":[],"class_list":["post-1925","post","type-post","status-publish","format-standard","hentry","category-pp"],"_links":{"self":[{"href":"https:\/\/escoladigital.madeira.gov.pt\/ebsscruz\/wp-json\/wp\/v2\/posts\/1925","targetHints":{"allow":["GET"]}}],"collection":[{"href":"https:\/\/escoladigital.madeira.gov.pt\/ebsscruz\/wp-json\/wp\/v2\/posts"}],"about":[{"href":"https:\/\/escoladigital.madeira.gov.pt\/ebsscruz\/wp-json\/wp\/v2\/types\/post"}],"author":[{"embeddable":true,"href":"https:\/\/escoladigital.madeira.gov.pt\/ebsscruz\/wp-json\/wp\/v2\/users\/37"}],"replies":[{"embeddable":true,"href":"https:\/\/escoladigital.madeira.gov.pt\/ebsscruz\/wp-json\/wp\/v2\/comments?post=1925"}],"version-history":[{"count":2,"href":"https:\/\/escoladigital.madeira.gov.pt\/ebsscruz\/wp-json\/wp\/v2\/posts\/1925\/revisions"}],"predecessor-version":[{"id":1930,"href":"https:\/\/escoladigital.madeira.gov.pt\/ebsscruz\/wp-json\/wp\/v2\/posts\/1925\/revisions\/1930"}],"wp:attachment":[{"href":"https:\/\/escoladigital.madeira.gov.pt\/ebsscruz\/wp-json\/wp\/v2\/media?parent=1925"}],"wp:term":[{"taxonomy":"category","embeddable":true,"href":"https:\/\/escoladigital.madeira.gov.pt\/ebsscruz\/wp-json\/wp\/v2\/categories?post=1925"},{"taxonomy":"post_tag","embeddable":true,"href":"https:\/\/escoladigital.madeira.gov.pt\/ebsscruz\/wp-json\/wp\/v2\/tags?post=1925"}],"curies":[{"name":"wp","href":"https:\/\/api.w.org\/{rel}","templated":true}]}}