{"id":1932,"date":"2025-02-21T10:55:39","date_gmt":"2025-02-21T10:55:39","guid":{"rendered":"https:\/\/escoladigital.madeira.gov.pt\/ebsscruz\/?p=1932"},"modified":"2025-02-21T10:55:39","modified_gmt":"2025-02-21T10:55:39","slug":"hoje-celebramos-o-dia-internacional-da-lingua-materna","status":"publish","type":"post","link":"https:\/\/escoladigital.madeira.gov.pt\/ebsscruz\/2025\/02\/21\/hoje-celebramos-o-dia-internacional-da-lingua-materna\/","title":{"rendered":"Hoje celebramos o Dia Internacional da L\u00edngua Materna!"},"content":{"rendered":"\n<p>A l\u00edngua materna \u00e9 mais do que palavras \u2013 \u00e9 cultura, identidade e a base do conhecimento! Este dia, criado pela UNESCO, lembra-nos da import\u00e2ncia de preservar e valorizar as l\u00ednguas de todo o mundo.<\/p>\n\n\n\n<p>Na Escola B\u00e1sica e Secund\u00e1ria de Santa Cruz, destacamos esta data com um epis\u00f3dio especial do Telejornal Digital da EBSSC, onde falamos sobre:<\/p>\n\n\n\n<p><img decoding=\"async\" height=\"16\" width=\"16\" alt=\"\ud83d\udccc\" src=\"https:\/\/static.xx.fbcdn.net\/images\/emoji.php\/v9\/tac\/1\/16\/1f4cc.png\"> A <a><\/a>import\u00e2ncia da l\u00edngua materna na educa\u00e7\u00e3o e na diversidade cultural<\/p>\n\n\n\n<p><img decoding=\"async\" height=\"16\" width=\"16\" alt=\"\ud83d\udccc\" src=\"https:\/\/static.xx.fbcdn.net\/images\/emoji.php\/v9\/tac\/1\/16\/1f4cc.png\"> A origem e o prop\u00f3sito desta comemora\u00e7\u00e3o<\/p>\n\n\n\n<p><img decoding=\"async\" height=\"16\" width=\"16\" alt=\"\ud83d\udccc\" src=\"https:\/\/static.xx.fbcdn.net\/images\/emoji.php\/v9\/tac\/1\/16\/1f4cc.png\"> Uma entrevista exclusiva com a coordenadora da PLNM da EBSSC, Cec\u00edlia Andrade, que partilha a sua vis\u00e3o sobre o ensino e a preserva\u00e7\u00e3o da l\u00edngua materna.<\/p>\n\n\n\n<p>Assiste ao epis\u00f3dio completo aqui &#8211; <a href=\"https:\/\/l.facebook.com\/l.php?u=https%3A%2F%2Fyoutu.be%2FOFCd8A4_67o%3Ffbclid%3DIwZXh0bgNhZW0CMTAAAR11MYuFKxCiRQVXwEHmKQa0ODvQJUORScAkCjBv3DlPmkY8UTJfbdgkJyg_aem_sDxY4y-LYWyVu-W7jF7ldg&amp;h=AT1_q1prZynJQT8LWUEjQ6-MmbFdS2cjKM0olfPyQcvdhFFuoeR1GRN8HLGSGxkPXOV7XVpjOhmdakNKqjog-oj6ibiy1ZI-H2OoK7x7VPT4t7XVP0JfVMLnSnSt6QCvEEHp&amp;__tn__=-UK-R&amp;c[0]=AT1oJDKF9PvhWzZK83wfKscZZ0uPEC4qrRKqmwetGgZxfX9wpcBOoezOO3WChJr2stuZlkqaJqc7bZlnO7ACaLpuyYd4W-07Rn_faxbhfeynwxH8qrX8n1nAJIAiB2p2B4SBdCAaE_iJ-t-Y9xmabHr8UOvUKEp8UP6sGhE17fKzcZCAx6w8VCuG0KPQPIRe5JOE6moAaVNlz0CfaAa08voE9L8\" rel=\"noreferrer noopener\" target=\"_blank\">https:\/\/youtu.be\/OFCd8A4_67o<\/a><\/p>\n\n\n\n<p>Vamos juntos valorizar a nossa l\u00edngua materna!<\/p>\n\n\n\n<p><a href=\"https:\/\/www.facebook.com\/hashtag\/l%C3%ADnguamaterna?__eep__=6&amp;__cft__[0]=AZXIxKGR-4sVL3UOpHrpfPsBxIUixhYO5kqcdhUxIprExN8vky2hcKugHwETrQLDHV7JpmtuFFbXOpvDGlvzRt5Pd7Z9X1my_2_x3-GClacivocvi8Kf9xFm-r8fkGYPqp-GCozTgC0bkGqikwdAip_Mscv1-0DqLJO53VvCuCQDvP-CGOVStAmv8NFQ8NXlt3U&amp;__tn__=*NK-R\">#L\u00ednguaMaterna<\/a><a href=\"https:\/\/www.facebook.com\/hashtag\/diversidadelingu%C3%ADstica?__eep__=6&amp;__cft__[0]=AZXIxKGR-4sVL3UOpHrpfPsBxIUixhYO5kqcdhUxIprExN8vky2hcKugHwETrQLDHV7JpmtuFFbXOpvDGlvzRt5Pd7Z9X1my_2_x3-GClacivocvi8Kf9xFm-r8fkGYPqp-GCozTgC0bkGqikwdAip_Mscv1-0DqLJO53VvCuCQDvP-CGOVStAmv8NFQ8NXlt3U&amp;__tn__=*NK-R\">#DiversidadeLingu\u00edstica<\/a><a href=\"https:\/\/www.facebook.com\/hashtag\/ebssc?__eep__=6&amp;__cft__[0]=AZXIxKGR-4sVL3UOpHrpfPsBxIUixhYO5kqcdhUxIprExN8vky2hcKugHwETrQLDHV7JpmtuFFbXOpvDGlvzRt5Pd7Z9X1my_2_x3-GClacivocvi8Kf9xFm-r8fkGYPqp-GCozTgC0bkGqikwdAip_Mscv1-0DqLJO53VvCuCQDvP-CGOVStAmv8NFQ8NXlt3U&amp;__tn__=*NK-R\">#EBSSC<\/a><a href=\"https:\/\/www.facebook.com\/hashtag\/plnm?__eep__=6&amp;__cft__[0]=AZXIxKGR-4sVL3UOpHrpfPsBxIUixhYO5kqcdhUxIprExN8vky2hcKugHwETrQLDHV7JpmtuFFbXOpvDGlvzRt5Pd7Z9X1my_2_x3-GClacivocvi8Kf9xFm-r8fkGYPqp-GCozTgC0bkGqikwdAip_Mscv1-0DqLJO53VvCuCQDvP-CGOVStAmv8NFQ8NXlt3U&amp;__tn__=*NK-R\">#PLNM<\/a><a href=\"https:\/\/www.facebook.com\/hashtag\/educa%C3%A7%C3%A3o?__eep__=6&amp;__cft__[0]=AZXIxKGR-4sVL3UOpHrpfPsBxIUixhYO5kqcdhUxIprExN8vky2hcKugHwETrQLDHV7JpmtuFFbXOpvDGlvzRt5Pd7Z9X1my_2_x3-GClacivocvi8Kf9xFm-r8fkGYPqp-GCozTgC0bkGqikwdAip_Mscv1-0DqLJO53VvCuCQDvP-CGOVStAmv8NFQ8NXlt3U&amp;__tn__=*NK-R\">#Educa\u00e7\u00e3o<\/a><\/p>\n\n\n\n<figure class=\"wp-block-embed is-type-video is-provider-youtube wp-block-embed-youtube wp-embed-aspect-16-9 wp-has-aspect-ratio\"><div class=\"wp-block-embed__wrapper\">\n<iframe title=\"Telejornal Digital da EBSSC - Dia Internacional da L\u00edngua Materna\" width=\"500\" height=\"281\" src=\"https:\/\/www.youtube.com\/embed\/OFCd8A4_67o?feature=oembed\" frameborder=\"0\" allow=\"accelerometer; autoplay; clipboard-write; encrypted-media; gyroscope; picture-in-picture; web-share\" referrerpolicy=\"strict-origin-when-cross-origin\" allowfullscreen><\/iframe>\n<\/div><\/figure>\n","protected":false},"excerpt":{"rendered":"<p>A l\u00edngua materna \u00e9 mais do que palavras \u2013 \u00e9 cultura, identidade e a base do conhecimento! Este dia, criado [&hellip;]<\/p>\n","protected":false},"author":37,"featured_media":0,"comment_status":"closed","ping_status":"closed","sticky":false,"template":"","format":"standard","meta":{"site-sidebar-layout":"default","site-content-layout":"","ast-site-content-layout":"default","site-content-style":"default","site-sidebar-style":"default","ast-global-header-display":"","ast-banner-title-visibility":"","ast-main-header-display":"","ast-hfb-above-header-display":"","ast-hfb-below-header-display":"","ast-hfb-mobile-header-display":"","site-post-title":"","ast-breadcrumbs-content":"","ast-featured-img":"","footer-sml-layout":"","ast-disable-related-posts":"","theme-transparent-header-meta":"","adv-header-id-meta":"","stick-header-meta":"","header-above-stick-meta":"","header-main-stick-meta":"","header-below-stick-meta":"","astra-migrate-meta-layouts":"default","ast-page-background-enabled":"default","ast-page-background-meta":{"desktop":{"background-color":"var(--ast-global-color-4)","background-image":"","background-repeat":"repeat","background-position":"center center","background-size":"auto","background-attachment":"scroll","background-type":"","background-media":"","overlay-type":"","overlay-color":"","overlay-opacity":"","overlay-gradient":""},"tablet":{"background-color":"","background-image":"","background-repeat":"repeat","background-position":"center center","background-size":"auto","background-attachment":"scroll","background-type":"","background-media":"","overlay-type":"","overlay-color":"","overlay-opacity":"","overlay-gradient":""},"mobile":{"background-color":"","background-image":"","background-repeat":"repeat","background-position":"center center","background-size":"auto","background-attachment":"scroll","background-type":"","background-media":"","overlay-type":"","overlay-color":"","overlay-opacity":"","overlay-gradient":""}},"ast-content-background-meta":{"desktop":{"background-color":"var(--ast-global-color-5)","background-image":"","background-repeat":"repeat","background-position":"center center","background-size":"auto","background-attachment":"scroll","background-type":"","background-media":"","overlay-type":"","overlay-color":"","overlay-opacity":"","overlay-gradient":""},"tablet":{"background-color":"var(--ast-global-color-5)","background-image":"","background-repeat":"repeat","background-position":"center center","background-size":"auto","background-attachment":"scroll","background-type":"","background-media":"","overlay-type":"","overlay-color":"","overlay-opacity":"","overlay-gradient":""},"mobile":{"background-color":"var(--ast-global-color-5)","background-image":"","background-repeat":"repeat","background-position":"center center","background-size":"auto","background-attachment":"scroll","background-type":"","background-media":"","overlay-type":"","overlay-color":"","overlay-opacity":"","overlay-gradient":""}},"_themeisle_gutenberg_block_has_review":false,"footnotes":""},"categories":[9],"tags":[],"class_list":["post-1932","post","type-post","status-publish","format-standard","hentry","category-pp"],"_links":{"self":[{"href":"https:\/\/escoladigital.madeira.gov.pt\/ebsscruz\/wp-json\/wp\/v2\/posts\/1932","targetHints":{"allow":["GET"]}}],"collection":[{"href":"https:\/\/escoladigital.madeira.gov.pt\/ebsscruz\/wp-json\/wp\/v2\/posts"}],"about":[{"href":"https:\/\/escoladigital.madeira.gov.pt\/ebsscruz\/wp-json\/wp\/v2\/types\/post"}],"author":[{"embeddable":true,"href":"https:\/\/escoladigital.madeira.gov.pt\/ebsscruz\/wp-json\/wp\/v2\/users\/37"}],"replies":[{"embeddable":true,"href":"https:\/\/escoladigital.madeira.gov.pt\/ebsscruz\/wp-json\/wp\/v2\/comments?post=1932"}],"version-history":[{"count":1,"href":"https:\/\/escoladigital.madeira.gov.pt\/ebsscruz\/wp-json\/wp\/v2\/posts\/1932\/revisions"}],"predecessor-version":[{"id":1933,"href":"https:\/\/escoladigital.madeira.gov.pt\/ebsscruz\/wp-json\/wp\/v2\/posts\/1932\/revisions\/1933"}],"wp:attachment":[{"href":"https:\/\/escoladigital.madeira.gov.pt\/ebsscruz\/wp-json\/wp\/v2\/media?parent=1932"}],"wp:term":[{"taxonomy":"category","embeddable":true,"href":"https:\/\/escoladigital.madeira.gov.pt\/ebsscruz\/wp-json\/wp\/v2\/categories?post=1932"},{"taxonomy":"post_tag","embeddable":true,"href":"https:\/\/escoladigital.madeira.gov.pt\/ebsscruz\/wp-json\/wp\/v2\/tags?post=1932"}],"curies":[{"name":"wp","href":"https:\/\/api.w.org\/{rel}","templated":true}]}}