{"id":1934,"date":"2025-02-21T11:00:15","date_gmt":"2025-02-21T11:00:15","guid":{"rendered":"https:\/\/escoladigital.madeira.gov.pt\/ebsscruz\/?p=1934"},"modified":"2025-02-21T11:01:34","modified_gmt":"2025-02-21T11:01:34","slug":"%f0%9d%90%82%f0%9d%90%a8%f0%9d%90%a7%f0%9d%90%9c%f0%9d%90%ae%f0%9d%90%ab%f0%9d%90%ac%f0%9d%90%a8-%f0%9d%90%9d%f0%9d%90%9e-%f0%9d%90%85%f0%9d%90%a8%f0%9d%90%ad%f0%9d%90%a8%f0%9d%90%a0%f0%9d%90%ab","status":"publish","type":"post","link":"https:\/\/escoladigital.madeira.gov.pt\/ebsscruz\/2025\/02\/21\/%f0%9d%90%82%f0%9d%90%a8%f0%9d%90%a7%f0%9d%90%9c%f0%9d%90%ae%f0%9d%90%ab%f0%9d%90%ac%f0%9d%90%a8-%f0%9d%90%9d%f0%9d%90%9e-%f0%9d%90%85%f0%9d%90%a8%f0%9d%90%ad%f0%9d%90%a8%f0%9d%90%a0%f0%9d%90%ab\/","title":{"rendered":"\ud835\udc02\ud835\udc28\ud835\udc27\ud835\udc1c\ud835\udc2e\ud835\udc2b\ud835\udc2c\ud835\udc28 \ud835\udc1d\ud835\udc1e \ud835\udc05\ud835\udc28\ud835\udc2d\ud835\udc28\ud835\udc20\ud835\udc2b\ud835\udc1a\ud835\udc1f\ud835\udc22\ud835\udc1a \ud835\udc03\ud835\udc22\ud835\udc20\ud835\udc22\ud835\udc2d\ud835\udc1a\ud835\udc25 \ud835\udfd0\ud835\udfce\ud835\udfd0\ud835\udfd2-\ud835\udfd0\ud835\udfce\ud835\udfd0\ud835\udfd3 | \ud835\udc0f\ud835\udc1a\ud835\udc22\ud835\udc2c\ud835\udc1a\ud835\udc20\ud835\udc1e\ud835\udc27\ud835\udc2c \ud835\udc1d\ud835\udc1a \ud835\udc0c\ud835\udc1a\ud835\udc1d\ud835\udc1e\ud835\udc22\ud835\udc2b\ud835\udc1a | \ud835\udc00 \ud835\udc05\ud835\udc25\ud835\udc28\ud835\udc2b\ud835\udc1e\ud835\udc2c\ud835\udc2d\ud835\udc1a \ud835\udc0b\ud835\udc1a\ud835\udc2e\ud835\udc2b\ud835\udc22\ud835\udc2c\ud835\udc2c\ud835\udc22\ud835\udc25\ud835\udc2f\ud835\udc1a"},"content":{"rendered":"\n<p>A Secretaria Regional de Educa\u00e7\u00e3o, Ci\u00eancia e Tecnologia, atrav\u00e9s da Dire\u00e7\u00e3o Regional de Educa\u00e7\u00e3o, em parceria com o Clube de Cinema e Artes Digitais da <a href=\"https:\/\/www.facebook.com\/escolagzarco?__cft__[0]=AZUUwe_HkLmfKtXNLp5Bxc1xFYQdeGZ_NjlnHwJPOMX4ML90s-gZOMIme8opNUqOs_lIVsbUb9rU2XkyObJYfwgEPirjgBBMpq1FnQ_fH51lIqxSkXnFQKycCVFmdmR3HC_OypmYvheopBMQqpngxmP6cNF3arOe8pt-AQKHtAK6KEm7z9RX8tasOSAopWQwdZ55FmKw5VetksIUu70SAHUUQ4RGROQyl8atq1ZVKBdcwg&amp;__tn__=-]K-y-R\">Escola B\u00e1sica e Secund\u00e1ria Gon\u00e7alves Zarco<\/a>, promove no ano letivo 2024-2025 o concurso de fotografia digital, Paisagens da Madeira.<\/p>\n\n\n\n<p>Dirigido \u00e0s escolas do 3.\u00ba ciclo e do ensino secund\u00e1rio da Regi\u00e3o Aut\u00f3noma da Madeira detentoras de um Clube Europeu, de um Clube de Fotografia ou de outros projetos que disseminem as tem\u00e1ticas europeias, bem como a transforma\u00e7\u00e3o digital, este concurso tem como principais objetivos estimular a criatividade e o gosto pela fotografia, bem como a promo\u00e7\u00e3o de uma cidadania europeia ativa e do sentido de est\u00e9tica.<\/p>\n\n\n\n<p>Atendendo a que a RAM comemora os 25 anos da Floresta Laurissilva este ano, o tema que servir\u00e1 de base \u00e0s fotografias \u00e9 \u201cA Floresta Laurissilva\u201d.<\/p>\n\n\n\n<p>As fotografias devem ser enviadas \ud835\udc1a\ud835\udc2d\u00e9 \ud835\udc1a\ud835\udc28 \ud835\udc1d\ud835\udc22\ud835\udc1a \ud835\udfce\ud835\udfd0 \ud835\udc1d\ud835\udc1e \ud835\udc26\ud835\udc1a\ud835\udc22\ud835\udc28 \ud835\udc1d\ud835\udc1e \ud835\udfd0\ud835\udfce\ud835\udfd0\ud835\udfd3, recorrendo ao email que cada aluno tem na escola, de dom\u00ednio @<a href=\"https:\/\/l.facebook.com\/l.php?u=https%3A%2F%2Fedu.madeira.gov.pt%2F%3Ffbclid%3DIwZXh0bgNhZW0CMTAAAR1yd1__bTHS2Q7dBykrMsnKmzJEkyuw8GpJZkCGmOKwzUE0O5T36BtFpic_aem_PvgaflijPzKRDH1jywXh1g&amp;h=AT2KyMbCE0g5s_-Kkuwizh1B5zC84gZKDW64Lztc3ROXpUJLOB9ouRK1p1JHuXlQvnJ-K8lq7uig22yPNzD0QZglMlRWDohHRtH2tSS3iyjviGVC9a57wfPTBWONuMjasos9&amp;__tn__=-UK-y-R&amp;c[0]=AT1V1h5mGHP3SFaJESEt1Ww5kvOpWmb0u4GqyoCPXJ2s4gvLfiF07g5E4pM45t9T7csOQI72yStKMhM65FQS2_cvpN05rxdwHsBRUuo46k8EBtr450xyhvH16f-PV6d7yGkxIf2KpV_seFuXebpQ0dpAuNzeibmn6-o5BC0ji6uVQEyyMfByczFsk-4CwUe-oxTExxh612i3bnHuWmrZTHlU8chLVVreXS-Y3IIkgxHHz3QfgLk\" rel=\"noreferrer noopener\" target=\"_blank\">edu.madeira.gov.pt.<\/a><\/p>\n\n\n\n<p>\ud835\udc0e\ud835\udc2c \ud835\udc29\ud835\udc2b\u00e9\ud835\udc26\ud835\udc22\ud835\udc28\ud835\udc2c \ud835\udc2c\u00e3\ud835\udc28:<\/p>\n\n\n\n<p>&#8211; \ud835\udfcf.\u00ba \ud835\udc02\ud835\udc25\ud835\udc1a\ud835\udc2c\ud835\udc2c\ud835\udc22\ud835\udc1f\ud835\udc22\ud835\udc1c\ud835\udc1a\ud835\udc1d\ud835\udc28: 100,00\u20ac em Cart\u00e3o FNAC + Estadia de 1 noite para 2 pax c\/ pequeno-almo\u00e7o inclu\u00eddo, oferta do grupo SENSA Hotels + Assinatura digital de 1 m\u00eas, oferta do JM &#8211; Madeira<\/p>\n\n\n\n<p>&#8211; \ud835\udfd0.\u00ba \ud835\udc02\ud835\udc25\ud835\udc1a\ud835\udc2c\ud835\udc2c\ud835\udc22\ud835\udc1f\ud835\udc22\ud835\udc1c\ud835\udc1a\ud835\udc1d\ud835\udc28: 75,00\u20ac em Cart\u00e3o FNAC + Taxa de inscri\u00e7\u00e3o + 1 Mensalidade, oferta dos Gin\u00e1sios Be-Fit + Assinatura digital de 1 m\u00eas, oferta do JM &#8211; Madeira<\/p>\n\n\n\n<p>&#8211; \ud835\udfd1.\u00ba \ud835\udc02\ud835\udc25\ud835\udc1a\ud835\udc2c\ud835\udc2c\ud835\udc22\ud835\udc1f\ud835\udc22\ud835\udc1c\ud835\udc1a\ud835\udc1d\ud835\udc28: 50,00\u20ac em Cart\u00e3o FNAC + 2 Passeios de Catamar\u00e3 VMT Madeira + Assinatura digital de 1 m\u00eas, oferta do JM \u2013 Madeira.<\/p>\n\n\n\n<p>As 50 fotografias mais votadas far\u00e3o parte da exposi\u00e7\u00e3o que ser\u00e1 exibida na galeria, Espa\u00e7o EntreArte, no \u00e1trio do Gabinete da Secretaria Regional de Educa\u00e7\u00e3o, Ci\u00eancia e Tecnologia, sendo que algumas delas ser\u00e3o tamb\u00e9m exibidas no audit\u00f3rio da FNAC Madeira em data a anunciar.<\/p>\n\n\n\n<p>Mais informa\u00e7\u00f5es em: <a href=\"https:\/\/l.facebook.com\/l.php?u=https%3A%2F%2Fteducativas.madeira.gov.pt%2Fs%2F99GucOK%3Ffbclid%3DIwZXh0bgNhZW0CMTAAAR1LKYkJKA9YlzhX-H1gugDU-CuDAbOudj20eyY43NrLfx-p8E06hMgkyqY_aem_ZLDr8c7FkhPcSQPj6Sfplw&amp;h=AT2kqhXySZ2XTwGPxxdRR23P6OAgl1YuJN89lDc8OsE4lcXjbt8fkD6-qkebtO_kUUFf48C0-lvW0LufoNqJ5IhutVw9Xc2xBv2X81XSym4ZpRlch4vaKg_3hwj3uhC6VRSK&amp;__tn__=-UK-y-R&amp;c[0]=AT1V1h5mGHP3SFaJESEt1Ww5kvOpWmb0u4GqyoCPXJ2s4gvLfiF07g5E4pM45t9T7csOQI72yStKMhM65FQS2_cvpN05rxdwHsBRUuo46k8EBtr450xyhvH16f-PV6d7yGkxIf2KpV_seFuXebpQ0dpAuNzeibmn6-o5BC0ji6uVQEyyMfByczFsk-4CwUe-oxTExxh612i3bnHuWmrZTHlU8chLVVreXS-Y3IIkgxHHz3QfgLk\" rel=\"noreferrer noopener\" target=\"_blank\">https:\/\/teducativas.madeira.gov.pt\/s\/99GucOK<\/a><\/p>\n\n\n\n<p>Contamos com a tua participa\u00e7\u00e3o!<\/p>\n\n\n\n<p><a href=\"https:\/\/www.facebook.com\/hashtag\/dremadeira?__eep__=6&amp;__cft__[0]=AZUUwe_HkLmfKtXNLp5Bxc1xFYQdeGZ_NjlnHwJPOMX4ML90s-gZOMIme8opNUqOs_lIVsbUb9rU2XkyObJYfwgEPirjgBBMpq1FnQ_fH51lIqxSkXnFQKycCVFmdmR3HC_OypmYvheopBMQqpngxmP6cNF3arOe8pt-AQKHtAK6KEm7z9RX8tasOSAopWQwdZ55FmKw5VetksIUu70SAHUUQ4RGROQyl8atq1ZVKBdcwg&amp;__tn__=*NK-y-R\">#dremadeira<\/a><a href=\"https:\/\/www.facebook.com\/hashtag\/fotografiadigital?__eep__=6&amp;__cft__[0]=AZUUwe_HkLmfKtXNLp5Bxc1xFYQdeGZ_NjlnHwJPOMX4ML90s-gZOMIme8opNUqOs_lIVsbUb9rU2XkyObJYfwgEPirjgBBMpq1FnQ_fH51lIqxSkXnFQKycCVFmdmR3HC_OypmYvheopBMQqpngxmP6cNF3arOe8pt-AQKHtAK6KEm7z9RX8tasOSAopWQwdZ55FmKw5VetksIUu70SAHUUQ4RGROQyl8atq1ZVKBdcwg&amp;__tn__=*NK-y-R\">#fotografiadigital<\/a><a href=\"https:\/\/www.facebook.com\/hashtag\/concursodefotografia?__eep__=6&amp;__cft__[0]=AZUUwe_HkLmfKtXNLp5Bxc1xFYQdeGZ_NjlnHwJPOMX4ML90s-gZOMIme8opNUqOs_lIVsbUb9rU2XkyObJYfwgEPirjgBBMpq1FnQ_fH51lIqxSkXnFQKycCVFmdmR3HC_OypmYvheopBMQqpngxmP6cNF3arOe8pt-AQKHtAK6KEm7z9RX8tasOSAopWQwdZ55FmKw5VetksIUu70SAHUUQ4RGROQyl8atq1ZVKBdcwg&amp;__tn__=*NK-y-R\">#concursodefotografia<\/a><a href=\"https:\/\/www.facebook.com\/hashtag\/paisagensdammadeira?__eep__=6&amp;__cft__[0]=AZUUwe_HkLmfKtXNLp5Bxc1xFYQdeGZ_NjlnHwJPOMX4ML90s-gZOMIme8opNUqOs_lIVsbUb9rU2XkyObJYfwgEPirjgBBMpq1FnQ_fH51lIqxSkXnFQKycCVFmdmR3HC_OypmYvheopBMQqpngxmP6cNF3arOe8pt-AQKHtAK6KEm7z9RX8tasOSAopWQwdZ55FmKw5VetksIUu70SAHUUQ4RGROQyl8atq1ZVKBdcwg&amp;__tn__=*NK-y-R\">#paisagensdammadeira<\/a><\/p>\n\n\n\n<figure class=\"wp-block-image aligncenter size-large is-resized\"><img fetchpriority=\"high\" decoding=\"async\" width=\"724\" height=\"1024\" src=\"https:\/\/escoladigital.madeira.gov.pt\/ebsscruz\/wp-content\/uploads\/sites\/6\/2025\/02\/CartazA3-concurso_fotografia_paisagens_madeira_page-0001-1-724x1024.jpg\" alt=\"\" class=\"wp-image-1936\" style=\"width:453px;height:auto\" srcset=\"https:\/\/escoladigital.madeira.gov.pt\/ebsscruz\/wp-content\/uploads\/sites\/6\/2025\/02\/CartazA3-concurso_fotografia_paisagens_madeira_page-0001-1-724x1024.jpg 724w, https:\/\/escoladigital.madeira.gov.pt\/ebsscruz\/wp-content\/uploads\/sites\/6\/2025\/02\/CartazA3-concurso_fotografia_paisagens_madeira_page-0001-1-212x300.jpg 212w, https:\/\/escoladigital.madeira.gov.pt\/ebsscruz\/wp-content\/uploads\/sites\/6\/2025\/02\/CartazA3-concurso_fotografia_paisagens_madeira_page-0001-1-768x1086.jpg 768w, https:\/\/escoladigital.madeira.gov.pt\/ebsscruz\/wp-content\/uploads\/sites\/6\/2025\/02\/CartazA3-concurso_fotografia_paisagens_madeira_page-0001-1-1086x1536.jpg 1086w, https:\/\/escoladigital.madeira.gov.pt\/ebsscruz\/wp-content\/uploads\/sites\/6\/2025\/02\/CartazA3-concurso_fotografia_paisagens_madeira_page-0001-1-1448x2048.jpg 1448w, https:\/\/escoladigital.madeira.gov.pt\/ebsscruz\/wp-content\/uploads\/sites\/6\/2025\/02\/CartazA3-concurso_fotografia_paisagens_madeira_page-0001-1.jpg 1754w\" sizes=\"(max-width: 724px) 100vw, 724px\" \/><\/figure>\n","protected":false},"excerpt":{"rendered":"<p>A Secretaria Regional de Educa\u00e7\u00e3o, Ci\u00eancia e Tecnologia, atrav\u00e9s da Dire\u00e7\u00e3o Regional de Educa\u00e7\u00e3o, em parceria com o Clube de [&hellip;]<\/p>\n","protected":false},"author":37,"featured_media":0,"comment_status":"closed","ping_status":"closed","sticky":false,"template":"","format":"standard","meta":{"site-sidebar-layout":"default","site-content-layout":"","ast-site-content-layout":"default","site-content-style":"default","site-sidebar-style":"default","ast-global-header-display":"","ast-banner-title-visibility":"","ast-main-header-display":"","ast-hfb-above-header-display":"","ast-hfb-below-header-display":"","ast-hfb-mobile-header-display":"","site-post-title":"","ast-breadcrumbs-content":"","ast-featured-img":"","footer-sml-layout":"","ast-disable-related-posts":"","theme-transparent-header-meta":"","adv-header-id-meta":"","stick-header-meta":"","header-above-stick-meta":"","header-main-stick-meta":"","header-below-stick-meta":"","astra-migrate-meta-layouts":"default","ast-page-background-enabled":"default","ast-page-background-meta":{"desktop":{"background-color":"var(--ast-global-color-4)","background-image":"","background-repeat":"repeat","background-position":"center center","background-size":"auto","background-attachment":"scroll","background-type":"","background-media":"","overlay-type":"","overlay-color":"","overlay-opacity":"","overlay-gradient":""},"tablet":{"background-color":"","background-image":"","background-repeat":"repeat","background-position":"center center","background-size":"auto","background-attachment":"scroll","background-type":"","background-media":"","overlay-type":"","overlay-color":"","overlay-opacity":"","overlay-gradient":""},"mobile":{"background-color":"","background-image":"","background-repeat":"repeat","background-position":"center center","background-size":"auto","background-attachment":"scroll","background-type":"","background-media":"","overlay-type":"","overlay-color":"","overlay-opacity":"","overlay-gradient":""}},"ast-content-background-meta":{"desktop":{"background-color":"var(--ast-global-color-5)","background-image":"","background-repeat":"repeat","background-position":"center center","background-size":"auto","background-attachment":"scroll","background-type":"","background-media":"","overlay-type":"","overlay-color":"","overlay-opacity":"","overlay-gradient":""},"tablet":{"background-color":"var(--ast-global-color-5)","background-image":"","background-repeat":"repeat","background-position":"center center","background-size":"auto","background-attachment":"scroll","background-type":"","background-media":"","overlay-type":"","overlay-color":"","overlay-opacity":"","overlay-gradient":""},"mobile":{"background-color":"var(--ast-global-color-5)","background-image":"","background-repeat":"repeat","background-position":"center center","background-size":"auto","background-attachment":"scroll","background-type":"","background-media":"","overlay-type":"","overlay-color":"","overlay-opacity":"","overlay-gradient":""}},"_themeisle_gutenberg_block_has_review":false,"footnotes":""},"categories":[9],"tags":[],"class_list":["post-1934","post","type-post","status-publish","format-standard","hentry","category-pp"],"_links":{"self":[{"href":"https:\/\/escoladigital.madeira.gov.pt\/ebsscruz\/wp-json\/wp\/v2\/posts\/1934","targetHints":{"allow":["GET"]}}],"collection":[{"href":"https:\/\/escoladigital.madeira.gov.pt\/ebsscruz\/wp-json\/wp\/v2\/posts"}],"about":[{"href":"https:\/\/escoladigital.madeira.gov.pt\/ebsscruz\/wp-json\/wp\/v2\/types\/post"}],"author":[{"embeddable":true,"href":"https:\/\/escoladigital.madeira.gov.pt\/ebsscruz\/wp-json\/wp\/v2\/users\/37"}],"replies":[{"embeddable":true,"href":"https:\/\/escoladigital.madeira.gov.pt\/ebsscruz\/wp-json\/wp\/v2\/comments?post=1934"}],"version-history":[{"count":1,"href":"https:\/\/escoladigital.madeira.gov.pt\/ebsscruz\/wp-json\/wp\/v2\/posts\/1934\/revisions"}],"predecessor-version":[{"id":1937,"href":"https:\/\/escoladigital.madeira.gov.pt\/ebsscruz\/wp-json\/wp\/v2\/posts\/1934\/revisions\/1937"}],"wp:attachment":[{"href":"https:\/\/escoladigital.madeira.gov.pt\/ebsscruz\/wp-json\/wp\/v2\/media?parent=1934"}],"wp:term":[{"taxonomy":"category","embeddable":true,"href":"https:\/\/escoladigital.madeira.gov.pt\/ebsscruz\/wp-json\/wp\/v2\/categories?post=1934"},{"taxonomy":"post_tag","embeddable":true,"href":"https:\/\/escoladigital.madeira.gov.pt\/ebsscruz\/wp-json\/wp\/v2\/tags?post=1934"}],"curies":[{"name":"wp","href":"https:\/\/api.w.org\/{rel}","templated":true}]}}