{"id":1938,"date":"2025-02-21T11:00:51","date_gmt":"2025-02-21T11:00:51","guid":{"rendered":"https:\/\/escoladigital.madeira.gov.pt\/ebsscruz\/?p=1938"},"modified":"2025-02-21T11:00:51","modified_gmt":"2025-02-21T11:00:51","slug":"%f0%9d%90%85%f0%9d%90%a2%f0%9d%90%a7%f0%9d%90%9a%f0%9d%90%a5-%f0%9d%90%9d%f0%9d%90%a8-%f0%9d%9f%97-o-%f0%9d%90%82%f0%9d%90%9a%f0%9d%90%a6%f0%9d%90%a9%f0%9d%90%9e%f0%9d%90%a8%f0%9d%90%a7%f0%9d%90%9a","status":"publish","type":"post","link":"https:\/\/escoladigital.madeira.gov.pt\/ebsscruz\/2025\/02\/21\/%f0%9d%90%85%f0%9d%90%a2%f0%9d%90%a7%f0%9d%90%9a%f0%9d%90%a5-%f0%9d%90%9d%f0%9d%90%a8-%f0%9d%9f%97-o-%f0%9d%90%82%f0%9d%90%9a%f0%9d%90%a6%f0%9d%90%a9%f0%9d%90%9e%f0%9d%90%a8%f0%9d%90%a7%f0%9d%90%9a\/","title":{"rendered":"\ud835\udc05\ud835\udc22\ud835\udc27\ud835\udc1a\ud835\udc25 \ud835\udc1d\ud835\udc28 \ud835\udfd7.\u00ba \ud835\udc02\ud835\udc1a\ud835\udc26\ud835\udc29\ud835\udc1e\ud835\udc28\ud835\udc27\ud835\udc1a\ud835\udc2d\ud835\udc28 \ud835\udc11\ud835\udc1e\ud835\udc20\ud835\udc22\ud835\udc28\ud835\udc27\ud835\udc1a\ud835\udc25 \ud835\udc1d\ud835\udc1e \ud835\udc09\ud835\udc28\ud835\udc20\ud835\udc28\ud835\udc2c \ud835\udc0c\ud835\udc1a\ud835\udc2d\ud835\udc1e\ud835\udc26\u00e1\ud835\udc2d\ud835\udc22\ud835\udc1c\ud835\udc28\ud835\udc2c [\ud835\udfd7\ud835\udc02\ud835\udc11\ud835\udc09\ud835\udc0c]"},"content":{"rendered":"\n<p>A Secretaria Regional de Educa\u00e7\u00e3o, Ci\u00eancia e Tecnologia, atrav\u00e9s da Dire\u00e7\u00e3o Regional de Educa\u00e7\u00e3o, organiza a Final do 9.\u00ba Campeonato Regional de Jogos Matem\u00e1ticos [9CRJM], que decorre no dia 21 de fevereiro, entre as 9h00 e as 16h00, no Parque Desportivo dos Trabalhadores Dr. Sid\u00f3nio Fernandes, no Funchal. A cerim\u00f3nia de entrega de pr\u00e9mios tem lugar \u00e0s 15h00 e conta <a><\/a>com a presen\u00e7a de Jorge Carvalho, Secret\u00e1rio Regional de Educa\u00e7\u00e3o, Ci\u00eancia e Tecnologia, bem como de representantes das entidades que patrocinam este evento.<\/p>\n\n\n\n<p>O 9CRJM conta com a participa\u00e7\u00e3o de 293 alunos (dos quais 127 alunos do 1.\u00ba ciclo, 68 alunos do 2.\u00ba ciclo, 67 do 3.\u00ba ciclo e 31 do ensino secund\u00e1rio) e de 105 professores da Regi\u00e3o Aut\u00f3noma da Madeira. Este campeonato divide-se em 4 escal\u00f5es: 1.\u00ba ciclo com os jogos \u201cGatos &amp; C\u00e3es\u201d, \u201cRastros\u201d e \u201cDomin\u00f3rio\u201d; 2.\u00ba ciclo com os jogos \u201cRastros\u201d, \u201cDomin\u00f3rio\u201d e \u201cProduto\u201d; 3.\u00ba ciclo com os jogos \u201cDomin\u00f3rio\u201d, \u201cProduto\u201d e \u201cAtari Go\u201d e ensino secund\u00e1rio com os jogos \u201cProduto\u201d, \u201cAtari-Go\u201d e \u201cNex\u201d. Os tr\u00eas alunos vencedores de cada escal\u00e3o ter\u00e3o a possibilidade de representar a Regi\u00e3o na Final do 18.\u00ba Campeonato Nacional de Jogos Matem\u00e1ticos no pr\u00f3ximo dia 14 de mar\u00e7o em Aveiro, Dia Internacional da Matem\u00e1tica.<\/p>\n\n\n\n<p><a href=\"https:\/\/www.facebook.com\/hashtag\/dremadeira?__eep__=6&amp;__cft__[0]=AZULeBXnD1amZCavbjaocvUoEX7O6dHA2uX_dAUwtR9riSfY2NvBktRtrn_wnguIgalX_ztHrplYFPoo4d__xci8BQJMlLV9VFUUlfl97NNMujeQ2yqbha8ay9KAsJt0luakCOgUVilHlERr9BwV88VArlWptakRMpDfgqd51rLfYIHJf2bCP8O1VCxIlhEs83CgzzXvK3KPDbc_gc-S60pW&amp;__tn__=*NK-R\">#dremadeira<\/a><a href=\"https:\/\/www.facebook.com\/hashtag\/crjm?__eep__=6&amp;__cft__[0]=AZULeBXnD1amZCavbjaocvUoEX7O6dHA2uX_dAUwtR9riSfY2NvBktRtrn_wnguIgalX_ztHrplYFPoo4d__xci8BQJMlLV9VFUUlfl97NNMujeQ2yqbha8ay9KAsJt0luakCOgUVilHlERr9BwV88VArlWptakRMpDfgqd51rLfYIHJf2bCP8O1VCxIlhEs83CgzzXvK3KPDbc_gc-S60pW&amp;__tn__=*NK-R\">#CRJM<\/a><a href=\"https:\/\/www.facebook.com\/hashtag\/9crjm?__eep__=6&amp;__cft__[0]=AZULeBXnD1amZCavbjaocvUoEX7O6dHA2uX_dAUwtR9riSfY2NvBktRtrn_wnguIgalX_ztHrplYFPoo4d__xci8BQJMlLV9VFUUlfl97NNMujeQ2yqbha8ay9KAsJt0luakCOgUVilHlERr9BwV88VArlWptakRMpDfgqd51rLfYIHJf2bCP8O1VCxIlhEs83CgzzXvK3KPDbc_gc-S60pW&amp;__tn__=*NK-R\">#9CRJM<\/a><a href=\"https:\/\/www.facebook.com\/hashtag\/jogosmatem%C3%A1ticos?__eep__=6&amp;__cft__[0]=AZULeBXnD1amZCavbjaocvUoEX7O6dHA2uX_dAUwtR9riSfY2NvBktRtrn_wnguIgalX_ztHrplYFPoo4d__xci8BQJMlLV9VFUUlfl97NNMujeQ2yqbha8ay9KAsJt0luakCOgUVilHlERr9BwV88VArlWptakRMpDfgqd51rLfYIHJf2bCP8O1VCxIlhEs83CgzzXvK3KPDbc_gc-S60pW&amp;__tn__=*NK-R\">#jogosmatem\u00e1ticos<\/a><\/p>\n\n\n\n<figure class=\"wp-block-image aligncenter size-full\"><img fetchpriority=\"high\" decoding=\"async\" width=\"600\" height=\"750\" src=\"https:\/\/escoladigital.madeira.gov.pt\/ebsscruz\/wp-content\/uploads\/sites\/6\/2025\/02\/480565572_122179704602046202_3972765020626506643_n.jpg\" alt=\"\" class=\"wp-image-1939\" srcset=\"https:\/\/escoladigital.madeira.gov.pt\/ebsscruz\/wp-content\/uploads\/sites\/6\/2025\/02\/480565572_122179704602046202_3972765020626506643_n.jpg 600w, https:\/\/escoladigital.madeira.gov.pt\/ebsscruz\/wp-content\/uploads\/sites\/6\/2025\/02\/480565572_122179704602046202_3972765020626506643_n-240x300.jpg 240w\" sizes=\"(max-width: 600px) 100vw, 600px\" \/><\/figure>\n","protected":false},"excerpt":{"rendered":"<p>A Secretaria Regional de Educa\u00e7\u00e3o, Ci\u00eancia e Tecnologia, atrav\u00e9s da Dire\u00e7\u00e3o Regional de Educa\u00e7\u00e3o, organiza a Final do 9.\u00ba Campeonato [&hellip;]<\/p>\n","protected":false},"author":37,"featured_media":0,"comment_status":"closed","ping_status":"closed","sticky":false,"template":"","format":"standard","meta":{"site-sidebar-layout":"default","site-content-layout":"","ast-site-content-layout":"default","site-content-style":"default","site-sidebar-style":"default","ast-global-header-display":"","ast-banner-title-visibility":"","ast-main-header-display":"","ast-hfb-above-header-display":"","ast-hfb-below-header-display":"","ast-hfb-mobile-header-display":"","site-post-title":"","ast-breadcrumbs-content":"","ast-featured-img":"","footer-sml-layout":"","ast-disable-related-posts":"","theme-transparent-header-meta":"","adv-header-id-meta":"","stick-header-meta":"","header-above-stick-meta":"","header-main-stick-meta":"","header-below-stick-meta":"","astra-migrate-meta-layouts":"default","ast-page-background-enabled":"default","ast-page-background-meta":{"desktop":{"background-color":"var(--ast-global-color-4)","background-image":"","background-repeat":"repeat","background-position":"center center","background-size":"auto","background-attachment":"scroll","background-type":"","background-media":"","overlay-type":"","overlay-color":"","overlay-opacity":"","overlay-gradient":""},"tablet":{"background-color":"","background-image":"","background-repeat":"repeat","background-position":"center center","background-size":"auto","background-attachment":"scroll","background-type":"","background-media":"","overlay-type":"","overlay-color":"","overlay-opacity":"","overlay-gradient":""},"mobile":{"background-color":"","background-image":"","background-repeat":"repeat","background-position":"center center","background-size":"auto","background-attachment":"scroll","background-type":"","background-media":"","overlay-type":"","overlay-color":"","overlay-opacity":"","overlay-gradient":""}},"ast-content-background-meta":{"desktop":{"background-color":"var(--ast-global-color-5)","background-image":"","background-repeat":"repeat","background-position":"center center","background-size":"auto","background-attachment":"scroll","background-type":"","background-media":"","overlay-type":"","overlay-color":"","overlay-opacity":"","overlay-gradient":""},"tablet":{"background-color":"var(--ast-global-color-5)","background-image":"","background-repeat":"repeat","background-position":"center center","background-size":"auto","background-attachment":"scroll","background-type":"","background-media":"","overlay-type":"","overlay-color":"","overlay-opacity":"","overlay-gradient":""},"mobile":{"background-color":"var(--ast-global-color-5)","background-image":"","background-repeat":"repeat","background-position":"center center","background-size":"auto","background-attachment":"scroll","background-type":"","background-media":"","overlay-type":"","overlay-color":"","overlay-opacity":"","overlay-gradient":""}},"_themeisle_gutenberg_block_has_review":false,"footnotes":""},"categories":[9],"tags":[],"class_list":["post-1938","post","type-post","status-publish","format-standard","hentry","category-pp"],"_links":{"self":[{"href":"https:\/\/escoladigital.madeira.gov.pt\/ebsscruz\/wp-json\/wp\/v2\/posts\/1938","targetHints":{"allow":["GET"]}}],"collection":[{"href":"https:\/\/escoladigital.madeira.gov.pt\/ebsscruz\/wp-json\/wp\/v2\/posts"}],"about":[{"href":"https:\/\/escoladigital.madeira.gov.pt\/ebsscruz\/wp-json\/wp\/v2\/types\/post"}],"author":[{"embeddable":true,"href":"https:\/\/escoladigital.madeira.gov.pt\/ebsscruz\/wp-json\/wp\/v2\/users\/37"}],"replies":[{"embeddable":true,"href":"https:\/\/escoladigital.madeira.gov.pt\/ebsscruz\/wp-json\/wp\/v2\/comments?post=1938"}],"version-history":[{"count":1,"href":"https:\/\/escoladigital.madeira.gov.pt\/ebsscruz\/wp-json\/wp\/v2\/posts\/1938\/revisions"}],"predecessor-version":[{"id":1940,"href":"https:\/\/escoladigital.madeira.gov.pt\/ebsscruz\/wp-json\/wp\/v2\/posts\/1938\/revisions\/1940"}],"wp:attachment":[{"href":"https:\/\/escoladigital.madeira.gov.pt\/ebsscruz\/wp-json\/wp\/v2\/media?parent=1938"}],"wp:term":[{"taxonomy":"category","embeddable":true,"href":"https:\/\/escoladigital.madeira.gov.pt\/ebsscruz\/wp-json\/wp\/v2\/categories?post=1938"},{"taxonomy":"post_tag","embeddable":true,"href":"https:\/\/escoladigital.madeira.gov.pt\/ebsscruz\/wp-json\/wp\/v2\/tags?post=1938"}],"curies":[{"name":"wp","href":"https:\/\/api.w.org\/{rel}","templated":true}]}}