{"id":2159,"date":"2025-04-01T13:13:25","date_gmt":"2025-04-01T13:13:25","guid":{"rendered":"https:\/\/escoladigital.madeira.gov.pt\/ebsscruz\/?p=2159"},"modified":"2025-04-01T13:13:25","modified_gmt":"2025-04-01T13:13:25","slug":"workshop-ramos-de-palmito-no-ambito-do-projeto-etwinning-our-tradition-our-history","status":"publish","type":"post","link":"https:\/\/escoladigital.madeira.gov.pt\/ebsscruz\/2025\/04\/01\/workshop-ramos-de-palmito-no-ambito-do-projeto-etwinning-our-tradition-our-history\/","title":{"rendered":"Workshop &#8220;Ramos de Palmito&#8221; no \u00e2mbito do projeto eTwinning &#8220;Our Tradition, Our History&#8221;"},"content":{"rendered":"\n<p><a><\/a>Os alunos do 9.\u00ba A e da CAA \u2013 com val\u00eancia na Unidade Especializada participaram num workshop especial, organizado pelo professor Arnaldo N\u00f3brega e pela professora Carla Ferreira, com a colabora\u00e7\u00e3o de F\u00e1tima Quintal e Gra\u00e7a Ca\u00edres, da Associa\u00e7\u00e3o TRAGA.<\/p>\n\n\n\n<p>Esta atividade permitiu aos alunos conhecer e valorizar a tradi\u00e7\u00e3o dos Ramos de Palmito, uma pr\u00e1tica ancestral que faz parte do nosso patrim\u00f3nio cultural.<\/p>\n\n\n\n<p>No final, seguindo a tradi\u00e7\u00e3o, as palestrantes fizeram quest\u00e3o de tirar uma foto junto \u00e0 fonte, um momento simb\u00f3lico que refor\u00e7ou a liga\u00e7\u00e3o entre o passado e o presente. <img decoding=\"async\" height=\"16\" width=\"16\" alt=\"\ud83d\udcf7\" src=\"https:\/\/static.xx.fbcdn.net\/images\/emoji.php\/v9\/t5d\/1\/16\/1f4f7.png\"><img decoding=\"async\" height=\"16\" width=\"16\" alt=\"\u2728\" src=\"https:\/\/static.xx.fbcdn.net\/images\/emoji.php\/v9\/tf4\/1\/16\/2728.png\"><\/p>\n\n\n\n<p>Agradecemos \u00e0 Associa\u00e7\u00e3o TRAGA e aos professores envolvidos por proporcionarem esta experi\u00eancia enriquecedora! <img decoding=\"async\" height=\"16\" width=\"16\" alt=\"\ud83d\udc99\" src=\"https:\/\/static.xx.fbcdn.net\/images\/emoji.php\/v9\/t6c\/1\/16\/1f499.png\"><\/p>\n\n\n\n<p><a href=\"https:\/\/www.facebook.com\/hashtag\/ourtraditionourhistory?__eep__=6&amp;__cft__[0]=AZVdjH9Lf6zI8Zo9OiPHvzDdYceO_uLRRrQE1dhNmGH0yc_h_EnowLxiFBKPjKlHg3Xg9W8MJQwIlPLMenl-Y9LnvBt050wc7yHamMI_pHeug2r1-Saes1CMLlrkTwu3dOLPxNRITL2tLonGxOH8M7pR0UJGgoEcI-ELj4kJdeUYIgW5RzxCFmWIvuggDFNeVso&amp;__tn__=*NK-R\">#OurTraditionOurHistory<\/a><a href=\"https:\/\/www.facebook.com\/hashtag\/ramosdepalmito?__eep__=6&amp;__cft__[0]=AZVdjH9Lf6zI8Zo9OiPHvzDdYceO_uLRRrQE1dhNmGH0yc_h_EnowLxiFBKPjKlHg3Xg9W8MJQwIlPLMenl-Y9LnvBt050wc7yHamMI_pHeug2r1-Saes1CMLlrkTwu3dOLPxNRITL2tLonGxOH8M7pR0UJGgoEcI-ELj4kJdeUYIgW5RzxCFmWIvuggDFNeVso&amp;__tn__=*NK-R\">#RamosDePalmito<\/a><a href=\"https:\/\/www.facebook.com\/hashtag\/culturaviva?__eep__=6&amp;__cft__[0]=AZVdjH9Lf6zI8Zo9OiPHvzDdYceO_uLRRrQE1dhNmGH0yc_h_EnowLxiFBKPjKlHg3Xg9W8MJQwIlPLMenl-Y9LnvBt050wc7yHamMI_pHeug2r1-Saes1CMLlrkTwu3dOLPxNRITL2tLonGxOH8M7pR0UJGgoEcI-ELj4kJdeUYIgW5RzxCFmWIvuggDFNeVso&amp;__tn__=*NK-R\">#CulturaViva<\/a><a href=\"https:\/\/www.facebook.com\/hashtag\/ebssc?__eep__=6&amp;__cft__[0]=AZVdjH9Lf6zI8Zo9OiPHvzDdYceO_uLRRrQE1dhNmGH0yc_h_EnowLxiFBKPjKlHg3Xg9W8MJQwIlPLMenl-Y9LnvBt050wc7yHamMI_pHeug2r1-Saes1CMLlrkTwu3dOLPxNRITL2tLonGxOH8M7pR0UJGgoEcI-ELj4kJdeUYIgW5RzxCFmWIvuggDFNeVso&amp;__tn__=*NK-R\">#EBSSC<\/a><\/p>\n\n\n\n<figure class=\"wp-block-image aligncenter size-full\"><img loading=\"lazy\" decoding=\"async\" width=\"683\" height=\"635\" src=\"https:\/\/escoladigital.madeira.gov.pt\/ebsscruz\/wp-content\/uploads\/sites\/6\/2025\/04\/image.png\" alt=\"\" class=\"wp-image-2160\" srcset=\"https:\/\/escoladigital.madeira.gov.pt\/ebsscruz\/wp-content\/uploads\/sites\/6\/2025\/04\/image.png 683w, https:\/\/escoladigital.madeira.gov.pt\/ebsscruz\/wp-content\/uploads\/sites\/6\/2025\/04\/image-300x279.png 300w\" sizes=\"(max-width: 683px) 100vw, 683px\" \/><\/figure>\n","protected":false},"excerpt":{"rendered":"<p>Os alunos do 9.\u00ba A e da CAA \u2013 com val\u00eancia na Unidade Especializada participaram num workshop especial, organizado pelo [&hellip;]<\/p>\n","protected":false},"author":37,"featured_media":0,"comment_status":"closed","ping_status":"closed","sticky":false,"template":"","format":"standard","meta":{"site-sidebar-layout":"default","site-content-layout":"","ast-site-content-layout":"default","site-content-style":"default","site-sidebar-style":"default","ast-global-header-display":"","ast-banner-title-visibility":"","ast-main-header-display":"","ast-hfb-above-header-display":"","ast-hfb-below-header-display":"","ast-hfb-mobile-header-display":"","site-post-title":"","ast-breadcrumbs-content":"","ast-featured-img":"","footer-sml-layout":"","ast-disable-related-posts":"","theme-transparent-header-meta":"","adv-header-id-meta":"","stick-header-meta":"","header-above-stick-meta":"","header-main-stick-meta":"","header-below-stick-meta":"","astra-migrate-meta-layouts":"default","ast-page-background-enabled":"default","ast-page-background-meta":{"desktop":{"background-color":"var(--ast-global-color-4)","background-image":"","background-repeat":"repeat","background-position":"center center","background-size":"auto","background-attachment":"scroll","background-type":"","background-media":"","overlay-type":"","overlay-color":"","overlay-opacity":"","overlay-gradient":""},"tablet":{"background-color":"","background-image":"","background-repeat":"repeat","background-position":"center center","background-size":"auto","background-attachment":"scroll","background-type":"","background-media":"","overlay-type":"","overlay-color":"","overlay-opacity":"","overlay-gradient":""},"mobile":{"background-color":"","background-image":"","background-repeat":"repeat","background-position":"center center","background-size":"auto","background-attachment":"scroll","background-type":"","background-media":"","overlay-type":"","overlay-color":"","overlay-opacity":"","overlay-gradient":""}},"ast-content-background-meta":{"desktop":{"background-color":"var(--ast-global-color-5)","background-image":"","background-repeat":"repeat","background-position":"center center","background-size":"auto","background-attachment":"scroll","background-type":"","background-media":"","overlay-type":"","overlay-color":"","overlay-opacity":"","overlay-gradient":""},"tablet":{"background-color":"var(--ast-global-color-5)","background-image":"","background-repeat":"repeat","background-position":"center center","background-size":"auto","background-attachment":"scroll","background-type":"","background-media":"","overlay-type":"","overlay-color":"","overlay-opacity":"","overlay-gradient":""},"mobile":{"background-color":"var(--ast-global-color-5)","background-image":"","background-repeat":"repeat","background-position":"center center","background-size":"auto","background-attachment":"scroll","background-type":"","background-media":"","overlay-type":"","overlay-color":"","overlay-opacity":"","overlay-gradient":""}},"_themeisle_gutenberg_block_has_review":false,"footnotes":""},"categories":[9],"tags":[],"class_list":["post-2159","post","type-post","status-publish","format-standard","hentry","category-pp"],"_links":{"self":[{"href":"https:\/\/escoladigital.madeira.gov.pt\/ebsscruz\/wp-json\/wp\/v2\/posts\/2159","targetHints":{"allow":["GET"]}}],"collection":[{"href":"https:\/\/escoladigital.madeira.gov.pt\/ebsscruz\/wp-json\/wp\/v2\/posts"}],"about":[{"href":"https:\/\/escoladigital.madeira.gov.pt\/ebsscruz\/wp-json\/wp\/v2\/types\/post"}],"author":[{"embeddable":true,"href":"https:\/\/escoladigital.madeira.gov.pt\/ebsscruz\/wp-json\/wp\/v2\/users\/37"}],"replies":[{"embeddable":true,"href":"https:\/\/escoladigital.madeira.gov.pt\/ebsscruz\/wp-json\/wp\/v2\/comments?post=2159"}],"version-history":[{"count":1,"href":"https:\/\/escoladigital.madeira.gov.pt\/ebsscruz\/wp-json\/wp\/v2\/posts\/2159\/revisions"}],"predecessor-version":[{"id":2161,"href":"https:\/\/escoladigital.madeira.gov.pt\/ebsscruz\/wp-json\/wp\/v2\/posts\/2159\/revisions\/2161"}],"wp:attachment":[{"href":"https:\/\/escoladigital.madeira.gov.pt\/ebsscruz\/wp-json\/wp\/v2\/media?parent=2159"}],"wp:term":[{"taxonomy":"category","embeddable":true,"href":"https:\/\/escoladigital.madeira.gov.pt\/ebsscruz\/wp-json\/wp\/v2\/categories?post=2159"},{"taxonomy":"post_tag","embeddable":true,"href":"https:\/\/escoladigital.madeira.gov.pt\/ebsscruz\/wp-json\/wp\/v2\/tags?post=2159"}],"curies":[{"name":"wp","href":"https:\/\/api.w.org\/{rel}","templated":true}]}}