{"id":2168,"date":"2025-04-03T20:42:08","date_gmt":"2025-04-03T20:42:08","guid":{"rendered":"https:\/\/escoladigital.madeira.gov.pt\/ebsscruz\/?p=2168"},"modified":"2025-04-03T20:42:08","modified_gmt":"2025-04-03T20:42:08","slug":"workshop-dancas-do-mundo%f0%9f%8c%8d%f0%9f%92%83%f0%9f%95%ba","status":"publish","type":"post","link":"https:\/\/escoladigital.madeira.gov.pt\/ebsscruz\/2025\/04\/03\/workshop-dancas-do-mundo%f0%9f%8c%8d%f0%9f%92%83%f0%9f%95%ba\/","title":{"rendered":"Workshop &#8220;Dan\u00e7as do Mundo&#8221;\ud83c\udf0d\ud83d\udc83\ud83d\udd7a"},"content":{"rendered":"\n<p>No dia <strong>03 de abril<\/strong>, os alunos das turmas <strong>9\u00baB e 8\u00baA<\/strong>, no \u00e2mbito das disciplinas de <strong>Geografia e Cidadania e Desenvolvimento<\/strong>, participaram no workshop <strong>&#8220;Dan\u00e7as do Mundo&#8221;<\/strong>, um evento din\u00e2mico e enriquecedor organizado pela <strong>EAPN<\/strong> e dinamizado pela Associa\u00e7\u00e3o Cultural e Recreativa <strong>Rodopio Pitoresco<\/strong>.<\/p>\n\n\n\n<p>Durante a atividade, os alunos e professores presentes viajaram pelo mundo atrav\u00e9s da dan\u00e7a, explorando diferentes culturas e tradi\u00e7\u00f5es, promovendo o respeito pela diversidade e o esp\u00edrito de inclus\u00e3o.<\/p>\n\n\n\n<p>Este workshop refor\u00e7ou a import\u00e2ncia da <strong>cidadania global<\/strong>, do di\u00e1logo intercultural e do poder da arte como meio de express\u00e3o e uni\u00e3o entre povos.<\/p>\n\n\n\n<p>O evento foi um verdadeiro sucesso! Os alunos mostraram entusiasmo, envolvimento e muita energia, tornando esta experi\u00eancia inesquec\u00edvel. Agradecemos \u00e0 <strong>EAPN<\/strong> e ao <strong>Rodopio Pitoresco<\/strong> por proporcionarem este momento de aprendizagem e partilha!<\/p>\n\n\n\n<figure class=\"wp-block-image aligncenter size-full\"><img fetchpriority=\"high\" decoding=\"async\" width=\"679\" height=\"535\" src=\"https:\/\/escoladigital.madeira.gov.pt\/ebsscruz\/wp-content\/uploads\/sites\/6\/2025\/04\/image-2.png\" alt=\"\" class=\"wp-image-2169\" srcset=\"https:\/\/escoladigital.madeira.gov.pt\/ebsscruz\/wp-content\/uploads\/sites\/6\/2025\/04\/image-2.png 679w, https:\/\/escoladigital.madeira.gov.pt\/ebsscruz\/wp-content\/uploads\/sites\/6\/2025\/04\/image-2-300x236.png 300w\" sizes=\"(max-width: 679px) 100vw, 679px\" \/><\/figure>\n","protected":false},"excerpt":{"rendered":"<p>No dia 03 de abril, os alunos das turmas 9\u00baB e 8\u00baA, no \u00e2mbito das disciplinas de Geografia e Cidadania [&hellip;]<\/p>\n","protected":false},"author":37,"featured_media":0,"comment_status":"closed","ping_status":"closed","sticky":false,"template":"","format":"standard","meta":{"site-sidebar-layout":"default","site-content-layout":"","ast-site-content-layout":"default","site-content-style":"default","site-sidebar-style":"default","ast-global-header-display":"","ast-banner-title-visibility":"","ast-main-header-display":"","ast-hfb-above-header-display":"","ast-hfb-below-header-display":"","ast-hfb-mobile-header-display":"","site-post-title":"","ast-breadcrumbs-content":"","ast-featured-img":"","footer-sml-layout":"","ast-disable-related-posts":"","theme-transparent-header-meta":"","adv-header-id-meta":"","stick-header-meta":"","header-above-stick-meta":"","header-main-stick-meta":"","header-below-stick-meta":"","astra-migrate-meta-layouts":"default","ast-page-background-enabled":"default","ast-page-background-meta":{"desktop":{"background-color":"var(--ast-global-color-4)","background-image":"","background-repeat":"repeat","background-position":"center center","background-size":"auto","background-attachment":"scroll","background-type":"","background-media":"","overlay-type":"","overlay-color":"","overlay-opacity":"","overlay-gradient":""},"tablet":{"background-color":"","background-image":"","background-repeat":"repeat","background-position":"center center","background-size":"auto","background-attachment":"scroll","background-type":"","background-media":"","overlay-type":"","overlay-color":"","overlay-opacity":"","overlay-gradient":""},"mobile":{"background-color":"","background-image":"","background-repeat":"repeat","background-position":"center center","background-size":"auto","background-attachment":"scroll","background-type":"","background-media":"","overlay-type":"","overlay-color":"","overlay-opacity":"","overlay-gradient":""}},"ast-content-background-meta":{"desktop":{"background-color":"var(--ast-global-color-5)","background-image":"","background-repeat":"repeat","background-position":"center center","background-size":"auto","background-attachment":"scroll","background-type":"","background-media":"","overlay-type":"","overlay-color":"","overlay-opacity":"","overlay-gradient":""},"tablet":{"background-color":"var(--ast-global-color-5)","background-image":"","background-repeat":"repeat","background-position":"center center","background-size":"auto","background-attachment":"scroll","background-type":"","background-media":"","overlay-type":"","overlay-color":"","overlay-opacity":"","overlay-gradient":""},"mobile":{"background-color":"var(--ast-global-color-5)","background-image":"","background-repeat":"repeat","background-position":"center center","background-size":"auto","background-attachment":"scroll","background-type":"","background-media":"","overlay-type":"","overlay-color":"","overlay-opacity":"","overlay-gradient":""}},"_themeisle_gutenberg_block_has_review":false,"footnotes":""},"categories":[9],"tags":[],"class_list":["post-2168","post","type-post","status-publish","format-standard","hentry","category-pp"],"_links":{"self":[{"href":"https:\/\/escoladigital.madeira.gov.pt\/ebsscruz\/wp-json\/wp\/v2\/posts\/2168","targetHints":{"allow":["GET"]}}],"collection":[{"href":"https:\/\/escoladigital.madeira.gov.pt\/ebsscruz\/wp-json\/wp\/v2\/posts"}],"about":[{"href":"https:\/\/escoladigital.madeira.gov.pt\/ebsscruz\/wp-json\/wp\/v2\/types\/post"}],"author":[{"embeddable":true,"href":"https:\/\/escoladigital.madeira.gov.pt\/ebsscruz\/wp-json\/wp\/v2\/users\/37"}],"replies":[{"embeddable":true,"href":"https:\/\/escoladigital.madeira.gov.pt\/ebsscruz\/wp-json\/wp\/v2\/comments?post=2168"}],"version-history":[{"count":1,"href":"https:\/\/escoladigital.madeira.gov.pt\/ebsscruz\/wp-json\/wp\/v2\/posts\/2168\/revisions"}],"predecessor-version":[{"id":2170,"href":"https:\/\/escoladigital.madeira.gov.pt\/ebsscruz\/wp-json\/wp\/v2\/posts\/2168\/revisions\/2170"}],"wp:attachment":[{"href":"https:\/\/escoladigital.madeira.gov.pt\/ebsscruz\/wp-json\/wp\/v2\/media?parent=2168"}],"wp:term":[{"taxonomy":"category","embeddable":true,"href":"https:\/\/escoladigital.madeira.gov.pt\/ebsscruz\/wp-json\/wp\/v2\/categories?post=2168"},{"taxonomy":"post_tag","embeddable":true,"href":"https:\/\/escoladigital.madeira.gov.pt\/ebsscruz\/wp-json\/wp\/v2\/tags?post=2168"}],"curies":[{"name":"wp","href":"https:\/\/api.w.org\/{rel}","templated":true}]}}