{"id":2883,"date":"2025-05-10T18:56:34","date_gmt":"2025-05-10T18:56:34","guid":{"rendered":"https:\/\/escoladigital.madeira.gov.pt\/ebsscruz\/?p=2883"},"modified":"2025-05-12T18:57:51","modified_gmt":"2025-05-12T18:57:51","slug":"exposicoes-artisticas-semana-do-departamento-de-expressoes","status":"publish","type":"post","link":"https:\/\/escoladigital.madeira.gov.pt\/ebsscruz\/2025\/05\/10\/exposicoes-artisticas-semana-do-departamento-de-expressoes\/","title":{"rendered":"Exposi\u00e7\u00f5es Art\u00edsticas | Semana do Departamento de Express\u00f5es"},"content":{"rendered":"\n<p>O grupo disciplinar de \ud835\uddd4\ud835\udde5\ud835\udde7\ud835\uddd8\ud835\udde6 \ud835\udde9\ud835\udddc\ud835\udde6\ud835\udde8\ud835\uddd4\ud835\udddc\ud835\udde6 dinamiza esta semana diversas exposi\u00e7\u00f5es no \u00e2mbito da Semana do De<a><\/a>partamento de Express\u00f5es.<\/p>\n\n\n\n<p>Vem descobrir o talento dos nossos alunos!<\/p>\n\n\n\n<p>\ud835\udde9\ud835\udddc\ud835\udde6\ud835\udddc\ud835\udde7\ud835\uddd4:<\/p>\n\n\n\n<p><img decoding=\"async\" height=\"16\" width=\"16\" alt=\"\ud83c\udfa8\" src=\"https:\/\/static.xx.fbcdn.net\/images\/emoji.php\/v9\/t82\/1\/16\/1f3a8.png\"> Na \ud835\uddd6\ud835\uddd4\ud835\udde1\ud835\udde7\ud835\udddc\ud835\udde1\ud835\uddd4: a exposi\u00e7\u00e3o \u201cFlores da Madeira\u201d<\/p>\n\n\n\n<p><img decoding=\"async\" height=\"16\" width=\"16\" alt=\"\ud83c\udfa8\" src=\"https:\/\/static.xx.fbcdn.net\/images\/emoji.php\/v9\/t82\/1\/16\/1f3a8.png\"> No \ud835\udde6\ud835\uddd8\ud835\uddda\ud835\udde8\ud835\udde1\ud835\uddd7\ud835\udde2 \ud835\udde3\ud835\udddc\ud835\udde6\ud835\udde2: as instala\u00e7\u00f5es \u201cC\u00edrculo Crom\u00e1tico\u201d e \u201cArte C\u00fabica\u201d<\/p>\n\n\n\n<p><img decoding=\"async\" height=\"16\" width=\"16\" alt=\"\ud83c\udfa8\" src=\"https:\/\/static.xx.fbcdn.net\/images\/emoji.php\/v9\/t82\/1\/16\/1f3a8.png\"> No \ud835\udde4\ud835\udde8\ud835\uddd4\ud835\udde5\ud835\udde7\ud835\udde2 \ud835\udde3\ud835\udddc\ud835\udde6\ud835\udde2: a exposi\u00e7\u00e3o de trabalhos dos alunos de \ud835\uddd8\ud835\uddd7\ud835\udde8\ud835\uddd6\ud835\uddd4\ud835\uddd6\u0327\ud835\uddd4\u0303\ud835\udde2 \ud835\udde9\ud835\udddc\ud835\udde6\ud835\udde8\ud835\uddd4\ud835\udddf (7.\u00ba, 8.\u00ba e 9.\u00ba anos) e de \ud835\uddd7\ud835\uddd8\ud835\udde6\ud835\uddd8\ud835\udde1\ud835\udddb\ud835\udde2 \ud835\uddd4 (11.\u00ba e 12.\u00ba anos)<\/p>\n\n\n\n<p><\/p>\n\n\n\n<figure class=\"wp-block-image aligncenter size-full\"><img fetchpriority=\"high\" decoding=\"async\" width=\"662\" height=\"556\" src=\"https:\/\/escoladigital.madeira.gov.pt\/ebsscruz\/wp-content\/uploads\/sites\/6\/2025\/05\/image-12.png\" alt=\"\" class=\"wp-image-2884\" srcset=\"https:\/\/escoladigital.madeira.gov.pt\/ebsscruz\/wp-content\/uploads\/sites\/6\/2025\/05\/image-12.png 662w, https:\/\/escoladigital.madeira.gov.pt\/ebsscruz\/wp-content\/uploads\/sites\/6\/2025\/05\/image-12-300x252.png 300w\" sizes=\"(max-width: 662px) 100vw, 662px\" \/><\/figure>\n","protected":false},"excerpt":{"rendered":"<p>O grupo disciplinar de \ud835\uddd4\ud835\udde5\ud835\udde7\ud835\uddd8\ud835\udde6 \ud835\udde9\ud835\udddc\ud835\udde6\ud835\udde8\ud835\uddd4\ud835\udddc\ud835\udde6 dinamiza esta semana diversas exposi\u00e7\u00f5es no \u00e2mbito da Semana do Departamento de Express\u00f5es. Vem [&hellip;]<\/p>\n","protected":false},"author":37,"featured_media":0,"comment_status":"closed","ping_status":"closed","sticky":false,"template":"","format":"standard","meta":{"site-sidebar-layout":"default","site-content-layout":"","ast-site-content-layout":"default","site-content-style":"default","site-sidebar-style":"default","ast-global-header-display":"","ast-banner-title-visibility":"","ast-main-header-display":"","ast-hfb-above-header-display":"","ast-hfb-below-header-display":"","ast-hfb-mobile-header-display":"","site-post-title":"","ast-breadcrumbs-content":"","ast-featured-img":"","footer-sml-layout":"","ast-disable-related-posts":"","theme-transparent-header-meta":"","adv-header-id-meta":"","stick-header-meta":"","header-above-stick-meta":"","header-main-stick-meta":"","header-below-stick-meta":"","astra-migrate-meta-layouts":"default","ast-page-background-enabled":"default","ast-page-background-meta":{"desktop":{"background-color":"var(--ast-global-color-4)","background-image":"","background-repeat":"repeat","background-position":"center center","background-size":"auto","background-attachment":"scroll","background-type":"","background-media":"","overlay-type":"","overlay-color":"","overlay-opacity":"","overlay-gradient":""},"tablet":{"background-color":"","background-image":"","background-repeat":"repeat","background-position":"center center","background-size":"auto","background-attachment":"scroll","background-type":"","background-media":"","overlay-type":"","overlay-color":"","overlay-opacity":"","overlay-gradient":""},"mobile":{"background-color":"","background-image":"","background-repeat":"repeat","background-position":"center center","background-size":"auto","background-attachment":"scroll","background-type":"","background-media":"","overlay-type":"","overlay-color":"","overlay-opacity":"","overlay-gradient":""}},"ast-content-background-meta":{"desktop":{"background-color":"var(--ast-global-color-5)","background-image":"","background-repeat":"repeat","background-position":"center center","background-size":"auto","background-attachment":"scroll","background-type":"","background-media":"","overlay-type":"","overlay-color":"","overlay-opacity":"","overlay-gradient":""},"tablet":{"background-color":"var(--ast-global-color-5)","background-image":"","background-repeat":"repeat","background-position":"center center","background-size":"auto","background-attachment":"scroll","background-type":"","background-media":"","overlay-type":"","overlay-color":"","overlay-opacity":"","overlay-gradient":""},"mobile":{"background-color":"var(--ast-global-color-5)","background-image":"","background-repeat":"repeat","background-position":"center center","background-size":"auto","background-attachment":"scroll","background-type":"","background-media":"","overlay-type":"","overlay-color":"","overlay-opacity":"","overlay-gradient":""}},"_themeisle_gutenberg_block_has_review":false,"footnotes":""},"categories":[9],"tags":[],"class_list":["post-2883","post","type-post","status-publish","format-standard","hentry","category-pp"],"_links":{"self":[{"href":"https:\/\/escoladigital.madeira.gov.pt\/ebsscruz\/wp-json\/wp\/v2\/posts\/2883","targetHints":{"allow":["GET"]}}],"collection":[{"href":"https:\/\/escoladigital.madeira.gov.pt\/ebsscruz\/wp-json\/wp\/v2\/posts"}],"about":[{"href":"https:\/\/escoladigital.madeira.gov.pt\/ebsscruz\/wp-json\/wp\/v2\/types\/post"}],"author":[{"embeddable":true,"href":"https:\/\/escoladigital.madeira.gov.pt\/ebsscruz\/wp-json\/wp\/v2\/users\/37"}],"replies":[{"embeddable":true,"href":"https:\/\/escoladigital.madeira.gov.pt\/ebsscruz\/wp-json\/wp\/v2\/comments?post=2883"}],"version-history":[{"count":1,"href":"https:\/\/escoladigital.madeira.gov.pt\/ebsscruz\/wp-json\/wp\/v2\/posts\/2883\/revisions"}],"predecessor-version":[{"id":2885,"href":"https:\/\/escoladigital.madeira.gov.pt\/ebsscruz\/wp-json\/wp\/v2\/posts\/2883\/revisions\/2885"}],"wp:attachment":[{"href":"https:\/\/escoladigital.madeira.gov.pt\/ebsscruz\/wp-json\/wp\/v2\/media?parent=2883"}],"wp:term":[{"taxonomy":"category","embeddable":true,"href":"https:\/\/escoladigital.madeira.gov.pt\/ebsscruz\/wp-json\/wp\/v2\/categories?post=2883"},{"taxonomy":"post_tag","embeddable":true,"href":"https:\/\/escoladigital.madeira.gov.pt\/ebsscruz\/wp-json\/wp\/v2\/tags?post=2883"}],"curies":[{"name":"wp","href":"https:\/\/api.w.org\/{rel}","templated":true}]}}