{"id":3565,"date":"2025-08-18T10:56:13","date_gmt":"2025-08-18T10:56:13","guid":{"rendered":"https:\/\/escoladigital.madeira.gov.pt\/ebsscruz\/?p=3565"},"modified":"2025-08-18T10:58:09","modified_gmt":"2025-08-18T10:58:09","slug":"%f0%9f%93%9a-preparar-com-sucesso-o-inicio-do-ano-letivo-2025-2026","status":"publish","type":"post","link":"https:\/\/escoladigital.madeira.gov.pt\/ebsscruz\/2025\/08\/18\/%f0%9f%93%9a-preparar-com-sucesso-o-inicio-do-ano-letivo-2025-2026\/","title":{"rendered":"\ud83d\udcda Preparar com Sucesso o In\u00edcio do Ano Letivo 2025\/2026"},"content":{"rendered":"\n<p><strong>Caros Encarregados de Educa\u00e7\u00e3o<\/strong>, est\u00e1 a chegar um novo ano escolar cheio de desafios e oportunidades! Abaixo encontra toda a <strong>informa\u00e7\u00e3o essencial<\/strong> para garantir um regresso tranquilo \u00e0s aulas.<\/p>\n\n\n\n<hr class=\"wp-block-separator has-alpha-channel-opacity\" \/>\n\n\n\n<h2 class=\"wp-block-heading\">1.\u00ba \u2013 A\u00e7\u00e3o Social Escolar (ASE)<\/h2>\n\n\n\n<ul class=\"wp-block-list\">\n<li>\ud83d\udccc <strong>Afixa\u00e7\u00e3o dos escal\u00f5es ASE:<\/strong> 12 de agosto de 2025<\/li>\n\n\n\n<li>\ud83d\udcec <strong>Pedidos de revis\u00e3o do escal\u00e3o:<\/strong> at\u00e9 27 de agosto de 2025<\/li>\n<\/ul>\n\n\n\n<p><strong>\ud83d\udcb3 Pagamentos de almo\u00e7os e lanches:<\/strong><\/p>\n\n\n\n<ul class=\"wp-block-list\">\n<li>\u25b8 04 de setembro \u2013 <strong>5.\u00ba e 6.\u00ba anos<\/strong><\/li>\n\n\n\n<li>\u25b8 05 de setembro \u2013 <strong>7.\u00ba e 8.\u00ba anos<\/strong><\/li>\n\n\n\n<li>\u25b8 08 de setembro \u2013 <strong>9.\u00ba ano, CEF e Secund\u00e1rio<\/strong><\/li>\n<\/ul>\n\n\n\n<p>\ud83d\udd58 <strong>Hor\u00e1rio de atendimento da A\u00e7\u00e3o Social:<\/strong> das 9h00 \u00e0s 16h30 (sem interrup\u00e7\u00e3o para almo\u00e7o)<\/p>\n\n\n\n<h3 class=\"wp-block-heading\">2.\u00ba \u2013 Afixa\u00e7\u00e3o das Turmas<\/h3>\n\n\n\n<p>\ud83d\udcc5 <strong>Data:<\/strong> 29 de agosto de 2025<\/p>\n\n\n\n<h3 class=\"wp-block-heading\">3.\u00ba \u2013 Afixa\u00e7\u00e3o dos Hor\u00e1rios das Turmas<\/h3>\n\n\n\n<p>\ud83d\udcc5 <strong>Data:<\/strong> 2 de setembro de 2025<\/p>\n\n\n\n<h3 class=\"wp-block-heading\">4.\u00ba \u2013 Reuni\u00e3o com Encarregados de Educa\u00e7\u00e3o e Alunos do 5.\u00ba ano: 09 de setembro de 2025<\/h3>\n\n\n\n<p>\ud83d\udccd <strong>Local:<\/strong> Sala de Sess\u00f5es<\/p>\n\n\n\n<ul class=\"wp-block-list\">\n<li>\u25b8 5.\u00ba A e 5.\u00ba B \u2013 09h00<\/li>\n\n\n\n<li>\u25b8 5.\u00ba C \u2013 10h00<\/li>\n\n\n\n<li>\u25b8 5.\u00ba D e 5.\u00ba E \u2013 11h00<\/li>\n<\/ul>\n\n\n\n<p>\ud83d\udc49 <em>Um momento importante para esclarecer d\u00favidas e receber orienta\u00e7\u00f5es!<\/em><\/p>\n\n\n\n<h3 class=\"wp-block-heading\">5.\u00ba \u2013 In\u00edcio das Aulas<\/h3>\n\n\n\n<p>\ud83d\udcc6 <strong>Data:<\/strong> 10 de setembro de 2025<br>\ud83c\udfeb <strong>Para todos os anos de escolaridade, incluindo os Cursos EFA (Noturno)<\/strong><\/p>\n\n\n\n<hr class=\"wp-block-separator has-alpha-channel-opacity\" \/>\n\n\n\n<p>\ud83d\ude4f <strong>Contamos com a vossa colabora\u00e7\u00e3o para um arranque sereno, organizado e motivador!<\/strong><\/p>\n\n\n\n<p>O Conselho Executivo,<br><strong>Teresa Mata<\/strong><\/p>\n\n\n\n<p><\/p>\n","protected":false},"excerpt":{"rendered":"<p>Caros Encarregados de Educa\u00e7\u00e3o, est\u00e1 a chegar um novo ano escolar cheio de desafios e oportunidades! Abaixo encontra toda a [&hellip;]<\/p>\n","protected":false},"author":89,"featured_media":0,"comment_status":"closed","ping_status":"closed","sticky":false,"template":"","format":"standard","meta":{"site-sidebar-layout":"default","site-content-layout":"","ast-site-content-layout":"default","site-content-style":"default","site-sidebar-style":"default","ast-global-header-display":"","ast-banner-title-visibility":"","ast-main-header-display":"","ast-hfb-above-header-display":"","ast-hfb-below-header-display":"","ast-hfb-mobile-header-display":"","site-post-title":"","ast-breadcrumbs-content":"","ast-featured-img":"","footer-sml-layout":"","ast-disable-related-posts":"","theme-transparent-header-meta":"","adv-header-id-meta":"","stick-header-meta":"","header-above-stick-meta":"","header-main-stick-meta":"","header-below-stick-meta":"","astra-migrate-meta-layouts":"default","ast-page-background-enabled":"default","ast-page-background-meta":{"desktop":{"background-color":"var(--ast-global-color-4)","background-image":"","background-repeat":"repeat","background-position":"center center","background-size":"auto","background-attachment":"scroll","background-type":"","background-media":"","overlay-type":"","overlay-color":"","overlay-opacity":"","overlay-gradient":""},"tablet":{"background-color":"","background-image":"","background-repeat":"repeat","background-position":"center center","background-size":"auto","background-attachment":"scroll","background-type":"","background-media":"","overlay-type":"","overlay-color":"","overlay-opacity":"","overlay-gradient":""},"mobile":{"background-color":"","background-image":"","background-repeat":"repeat","background-position":"center center","background-size":"auto","background-attachment":"scroll","background-type":"","background-media":"","overlay-type":"","overlay-color":"","overlay-opacity":"","overlay-gradient":""}},"ast-content-background-meta":{"desktop":{"background-color":"var(--ast-global-color-5)","background-image":"","background-repeat":"repeat","background-position":"center center","background-size":"auto","background-attachment":"scroll","background-type":"","background-media":"","overlay-type":"","overlay-color":"","overlay-opacity":"","overlay-gradient":""},"tablet":{"background-color":"var(--ast-global-color-5)","background-image":"","background-repeat":"repeat","background-position":"center center","background-size":"auto","background-attachment":"scroll","background-type":"","background-media":"","overlay-type":"","overlay-color":"","overlay-opacity":"","overlay-gradient":""},"mobile":{"background-color":"var(--ast-global-color-5)","background-image":"","background-repeat":"repeat","background-position":"center center","background-size":"auto","background-attachment":"scroll","background-type":"","background-media":"","overlay-type":"","overlay-color":"","overlay-opacity":"","overlay-gradient":""}},"_themeisle_gutenberg_block_has_review":false,"footnotes":""},"categories":[9],"tags":[],"class_list":["post-3565","post","type-post","status-publish","format-standard","hentry","category-pp"],"_links":{"self":[{"href":"https:\/\/escoladigital.madeira.gov.pt\/ebsscruz\/wp-json\/wp\/v2\/posts\/3565","targetHints":{"allow":["GET"]}}],"collection":[{"href":"https:\/\/escoladigital.madeira.gov.pt\/ebsscruz\/wp-json\/wp\/v2\/posts"}],"about":[{"href":"https:\/\/escoladigital.madeira.gov.pt\/ebsscruz\/wp-json\/wp\/v2\/types\/post"}],"author":[{"embeddable":true,"href":"https:\/\/escoladigital.madeira.gov.pt\/ebsscruz\/wp-json\/wp\/v2\/users\/89"}],"replies":[{"embeddable":true,"href":"https:\/\/escoladigital.madeira.gov.pt\/ebsscruz\/wp-json\/wp\/v2\/comments?post=3565"}],"version-history":[{"count":4,"href":"https:\/\/escoladigital.madeira.gov.pt\/ebsscruz\/wp-json\/wp\/v2\/posts\/3565\/revisions"}],"predecessor-version":[{"id":3569,"href":"https:\/\/escoladigital.madeira.gov.pt\/ebsscruz\/wp-json\/wp\/v2\/posts\/3565\/revisions\/3569"}],"wp:attachment":[{"href":"https:\/\/escoladigital.madeira.gov.pt\/ebsscruz\/wp-json\/wp\/v2\/media?parent=3565"}],"wp:term":[{"taxonomy":"category","embeddable":true,"href":"https:\/\/escoladigital.madeira.gov.pt\/ebsscruz\/wp-json\/wp\/v2\/categories?post=3565"},{"taxonomy":"post_tag","embeddable":true,"href":"https:\/\/escoladigital.madeira.gov.pt\/ebsscruz\/wp-json\/wp\/v2\/tags?post=3565"}],"curies":[{"name":"wp","href":"https:\/\/api.w.org\/{rel}","templated":true}]}}