{"id":4018,"date":"2025-10-01T06:53:53","date_gmt":"2025-10-01T06:53:53","guid":{"rendered":"https:\/\/escoladigital.madeira.gov.pt\/ebsscruz\/?p=4018"},"modified":"2025-10-02T07:00:42","modified_gmt":"2025-10-02T07:00:42","slug":"concerto-comemorativo-do-dia-mundial-da-musica","status":"publish","type":"post","link":"https:\/\/escoladigital.madeira.gov.pt\/ebsscruz\/2025\/10\/01\/concerto-comemorativo-do-dia-mundial-da-musica\/","title":{"rendered":"Concerto Comemorativo do Dia Mundial da M\u00fasica"},"content":{"rendered":"\n<p>No \u00e2mbito das comemora\u00e7\u00f5es do Dia Mundial da M\u00fasica, a Orquestra da Dire\u00e7\u00e3o de Servi\u00e7os de Educa\u00e7\u00e3o Art\u00edstica (DSEA) apresentou, nos dias 1 e 2 de outubro, um conjunto de concertos destinados aos estabelecimentos de educa\u00e7\u00e3o e ensino da Regi\u00e3o Aut\u00f3noma da Madeira.<\/p>\n\n\n\n<p>O evento decorreu no audit\u00f3rio do Centro Cultural e de Investiga\u00e7\u00e3o do Funchal, proporcionando \u00e0 comunidade escolar uma experi\u00eancia \u00fanica de contacto com a m\u00fasica interpretada ao vivo.<\/p>\n\n\n\n<p>A nossa escola marcou presen\u00e7a nesta iniciativa com a participa\u00e7\u00e3o das turmas do 9.\u00ba B e do 9.\u00ba D, que tiveram a oportunidade de assistir e vivenciar este momento cultural e art\u00edstico.<\/p>\n\n\n\n<p>Promovido pela Secretaria Regional de Educa\u00e7\u00e3o, Ci\u00eancia e Tecnologia, atrav\u00e9s da Dire\u00e7\u00e3o Regional de Educa\u00e7\u00e3o, este concerto sublinhou a import\u00e2ncia da m\u00fasica enquanto forma de express\u00e3o, de desenvolvimento pessoal e de enriquecimento cultural.<\/p>\n\n\n\n<p>A escola agradece \u00e0s professoras Cristina Vasconcelos e L\u00edgia Rodrigues, que acompanharam as turmas e tornaram poss\u00edvel a participa\u00e7\u00e3o dos alunos neste evento.<\/p>\n\n\n\n<figure class=\"wp-block-image aligncenter size-large is-resized\"><img fetchpriority=\"high\" decoding=\"async\" width=\"682\" height=\"1024\" src=\"https:\/\/escoladigital.madeira.gov.pt\/ebsscruz\/wp-content\/uploads\/sites\/6\/2025\/10\/1-de-Outubro-682x1024.png\" alt=\"\" class=\"wp-image-4019\" style=\"width:485px;height:auto\" srcset=\"https:\/\/escoladigital.madeira.gov.pt\/ebsscruz\/wp-content\/uploads\/sites\/6\/2025\/10\/1-de-Outubro-682x1024.png 682w, https:\/\/escoladigital.madeira.gov.pt\/ebsscruz\/wp-content\/uploads\/sites\/6\/2025\/10\/1-de-Outubro-200x300.png 200w, https:\/\/escoladigital.madeira.gov.pt\/ebsscruz\/wp-content\/uploads\/sites\/6\/2025\/10\/1-de-Outubro-768x1152.png 768w, https:\/\/escoladigital.madeira.gov.pt\/ebsscruz\/wp-content\/uploads\/sites\/6\/2025\/10\/1-de-Outubro-1024x1536.png 1024w, https:\/\/escoladigital.madeira.gov.pt\/ebsscruz\/wp-content\/uploads\/sites\/6\/2025\/10\/1-de-Outubro.png 1333w\" sizes=\"(max-width: 682px) 100vw, 682px\" \/><\/figure>\n","protected":false},"excerpt":{"rendered":"<p>No \u00e2mbito das comemora\u00e7\u00f5es do Dia Mundial da M\u00fasica, a Orquestra da Dire\u00e7\u00e3o de Servi\u00e7os de Educa\u00e7\u00e3o Art\u00edstica (DSEA) apresentou, [&hellip;]<\/p>\n","protected":false},"author":37,"featured_media":0,"comment_status":"closed","ping_status":"closed","sticky":false,"template":"","format":"standard","meta":{"site-sidebar-layout":"default","site-content-layout":"","ast-site-content-layout":"default","site-content-style":"default","site-sidebar-style":"default","ast-global-header-display":"","ast-banner-title-visibility":"","ast-main-header-display":"","ast-hfb-above-header-display":"","ast-hfb-below-header-display":"","ast-hfb-mobile-header-display":"","site-post-title":"","ast-breadcrumbs-content":"","ast-featured-img":"","footer-sml-layout":"","ast-disable-related-posts":"","theme-transparent-header-meta":"","adv-header-id-meta":"","stick-header-meta":"","header-above-stick-meta":"","header-main-stick-meta":"","header-below-stick-meta":"","astra-migrate-meta-layouts":"default","ast-page-background-enabled":"default","ast-page-background-meta":{"desktop":{"background-color":"var(--ast-global-color-4)","background-image":"","background-repeat":"repeat","background-position":"center center","background-size":"auto","background-attachment":"scroll","background-type":"","background-media":"","overlay-type":"","overlay-color":"","overlay-opacity":"","overlay-gradient":""},"tablet":{"background-color":"","background-image":"","background-repeat":"repeat","background-position":"center center","background-size":"auto","background-attachment":"scroll","background-type":"","background-media":"","overlay-type":"","overlay-color":"","overlay-opacity":"","overlay-gradient":""},"mobile":{"background-color":"","background-image":"","background-repeat":"repeat","background-position":"center center","background-size":"auto","background-attachment":"scroll","background-type":"","background-media":"","overlay-type":"","overlay-color":"","overlay-opacity":"","overlay-gradient":""}},"ast-content-background-meta":{"desktop":{"background-color":"var(--ast-global-color-5)","background-image":"","background-repeat":"repeat","background-position":"center center","background-size":"auto","background-attachment":"scroll","background-type":"","background-media":"","overlay-type":"","overlay-color":"","overlay-opacity":"","overlay-gradient":""},"tablet":{"background-color":"var(--ast-global-color-5)","background-image":"","background-repeat":"repeat","background-position":"center center","background-size":"auto","background-attachment":"scroll","background-type":"","background-media":"","overlay-type":"","overlay-color":"","overlay-opacity":"","overlay-gradient":""},"mobile":{"background-color":"var(--ast-global-color-5)","background-image":"","background-repeat":"repeat","background-position":"center center","background-size":"auto","background-attachment":"scroll","background-type":"","background-media":"","overlay-type":"","overlay-color":"","overlay-opacity":"","overlay-gradient":""}},"_themeisle_gutenberg_block_has_review":false,"footnotes":""},"categories":[9],"tags":[],"class_list":["post-4018","post","type-post","status-publish","format-standard","hentry","category-pp"],"_links":{"self":[{"href":"https:\/\/escoladigital.madeira.gov.pt\/ebsscruz\/wp-json\/wp\/v2\/posts\/4018","targetHints":{"allow":["GET"]}}],"collection":[{"href":"https:\/\/escoladigital.madeira.gov.pt\/ebsscruz\/wp-json\/wp\/v2\/posts"}],"about":[{"href":"https:\/\/escoladigital.madeira.gov.pt\/ebsscruz\/wp-json\/wp\/v2\/types\/post"}],"author":[{"embeddable":true,"href":"https:\/\/escoladigital.madeira.gov.pt\/ebsscruz\/wp-json\/wp\/v2\/users\/37"}],"replies":[{"embeddable":true,"href":"https:\/\/escoladigital.madeira.gov.pt\/ebsscruz\/wp-json\/wp\/v2\/comments?post=4018"}],"version-history":[{"count":1,"href":"https:\/\/escoladigital.madeira.gov.pt\/ebsscruz\/wp-json\/wp\/v2\/posts\/4018\/revisions"}],"predecessor-version":[{"id":4020,"href":"https:\/\/escoladigital.madeira.gov.pt\/ebsscruz\/wp-json\/wp\/v2\/posts\/4018\/revisions\/4020"}],"wp:attachment":[{"href":"https:\/\/escoladigital.madeira.gov.pt\/ebsscruz\/wp-json\/wp\/v2\/media?parent=4018"}],"wp:term":[{"taxonomy":"category","embeddable":true,"href":"https:\/\/escoladigital.madeira.gov.pt\/ebsscruz\/wp-json\/wp\/v2\/categories?post=4018"},{"taxonomy":"post_tag","embeddable":true,"href":"https:\/\/escoladigital.madeira.gov.pt\/ebsscruz\/wp-json\/wp\/v2\/tags?post=4018"}],"curies":[{"name":"wp","href":"https:\/\/api.w.org\/{rel}","templated":true}]}}