{"id":4191,"date":"2025-10-18T21:12:55","date_gmt":"2025-10-18T21:12:55","guid":{"rendered":"https:\/\/escoladigital.madeira.gov.pt\/ebsscruz\/?p=4191"},"modified":"2025-10-18T21:16:20","modified_gmt":"2025-10-18T21:16:20","slug":"%f0%9f%8f%85-dia-das-modalidades-do-desporto-escolar-um-sucesso","status":"publish","type":"post","link":"https:\/\/escoladigital.madeira.gov.pt\/ebsscruz\/2025\/10\/18\/%f0%9f%8f%85-dia-das-modalidades-do-desporto-escolar-um-sucesso\/","title":{"rendered":"\ud83c\udfc5 Dia das Modalidades do Desporto Escolar \u2013 Um sucesso!"},"content":{"rendered":"\n<p>A Escola B\u00e1sica e Secund\u00e1ria de Santa Cruz viveu, no dia 17 de outubro, mais uma fant\u00e1stica manh\u00e3 dedicada ao Desporto Escolar! \ud83d\udcaa\ud83c\udfbd<\/p>\n\n\n\n<p>Entre as 8h10 e as 13h10, alunos e professores participaram com entusiasmo em diversas modalidades, demonstrando esp\u00edrito de equipa, fair play e muita energia! \u26bd\ud83c\udfd0\ud83c\udfc3\u200d\u2640\ufe0f<\/p>\n\n\n\n<p>O Dia das Modalidades teve como objetivo divulgar as atividades do Desporto Escolar e incentivar todos os alunos a praticar desporto de forma regular \u2014 e o resultado n\u00e3o podia ter sido melhor! \ud83d\udc4f<\/p>\n\n\n\n<p>Um agradecimento especial a todos os professores de Educa\u00e7\u00e3o F\u00edsica e colaboradores que tornaram este dia poss\u00edvel, e claro, a todos os alunos que deram o seu melhor! \ud83d\udc99<\/p>\n\n\n\n<h6 class=\"wp-block-heading\">DesportoEscolar #EBSSantaCruz #DiaDasModalidades #Esp\u00edritoDeEquipa #SomosEBS<\/h6>\n\n\n\n<div id=\"wp-block-themeisle-blocks-advanced-columns-fd254e8c\" class=\"wp-block-themeisle-blocks-advanced-columns has-4-columns has-desktop-equal-layout has-tablet-equal-layout has-mobile-collapsedRows-layout has-vertical-unset\"><div class=\"wp-block-themeisle-blocks-advanced-columns-overlay\"><\/div><div class=\"innerblocks-wrap\">\n<div id=\"wp-block-themeisle-blocks-advanced-column-71bf1d32\" class=\"wp-block-themeisle-blocks-advanced-column\">\n<figure class=\"wp-block-video\"><video height=\"478\" style=\"aspect-ratio: 848 \/ 478;\" width=\"848\" controls src=\"https:\/\/escoladigital.madeira.gov.pt\/ebsscruz\/wp-content\/uploads\/sites\/6\/2025\/10\/WhatsApp-Video-2025-10-18-at-10.38.43-3.mp4\"><\/video><\/figure>\n<\/div>\n\n\n\n<div id=\"wp-block-themeisle-blocks-advanced-column-6bc222ac\" class=\"wp-block-themeisle-blocks-advanced-column\">\n<figure class=\"wp-block-video\"><video height=\"478\" style=\"aspect-ratio: 848 \/ 478;\" width=\"848\" controls src=\"https:\/\/escoladigital.madeira.gov.pt\/ebsscruz\/wp-content\/uploads\/sites\/6\/2025\/10\/WhatsApp-Video-2025-10-18-at-10.38.43-1-1.mp4\"><\/video><\/figure>\n<\/div>\n\n\n\n<div id=\"wp-block-themeisle-blocks-advanced-column-c4bb917a\" class=\"wp-block-themeisle-blocks-advanced-column\">\n<figure class=\"wp-block-video\"><video height=\"480\" style=\"aspect-ratio: 848 \/ 480;\" width=\"848\" controls src=\"https:\/\/escoladigital.madeira.gov.pt\/ebsscruz\/wp-content\/uploads\/sites\/6\/2025\/10\/WhatsApp-Video-2025-10-18-at-10.38.43-2-1.mp4\"><\/video><\/figure>\n<\/div>\n\n\n\n<div id=\"wp-block-themeisle-blocks-advanced-column-ea904b2a\" class=\"wp-block-themeisle-blocks-advanced-column\">\n<figure class=\"wp-block-image size-large is-resized\"><img fetchpriority=\"high\" decoding=\"async\" width=\"1024\" height=\"576\" src=\"https:\/\/escoladigital.madeira.gov.pt\/ebsscruz\/wp-content\/uploads\/sites\/6\/2025\/10\/WhatsApp-Image-2025-10-18-at-10.38.43-1-1024x576.jpeg\" alt=\"\" class=\"wp-image-4199\" style=\"width:270px;height:auto\" srcset=\"https:\/\/escoladigital.madeira.gov.pt\/ebsscruz\/wp-content\/uploads\/sites\/6\/2025\/10\/WhatsApp-Image-2025-10-18-at-10.38.43-1-1024x576.jpeg 1024w, https:\/\/escoladigital.madeira.gov.pt\/ebsscruz\/wp-content\/uploads\/sites\/6\/2025\/10\/WhatsApp-Image-2025-10-18-at-10.38.43-1-300x169.jpeg 300w, https:\/\/escoladigital.madeira.gov.pt\/ebsscruz\/wp-content\/uploads\/sites\/6\/2025\/10\/WhatsApp-Image-2025-10-18-at-10.38.43-1-768x432.jpeg 768w, https:\/\/escoladigital.madeira.gov.pt\/ebsscruz\/wp-content\/uploads\/sites\/6\/2025\/10\/WhatsApp-Image-2025-10-18-at-10.38.43-1-1536x864.jpeg 1536w, https:\/\/escoladigital.madeira.gov.pt\/ebsscruz\/wp-content\/uploads\/sites\/6\/2025\/10\/WhatsApp-Image-2025-10-18-at-10.38.43-1.jpeg 1600w\" sizes=\"(max-width: 1024px) 100vw, 1024px\" \/><\/figure>\n<\/div>\n<\/div><\/div>\n","protected":false},"excerpt":{"rendered":"<p>A Escola B\u00e1sica e Secund\u00e1ria de Santa Cruz viveu, no dia 17 de outubro, mais uma fant\u00e1stica manh\u00e3 dedicada ao [&hellip;]<\/p>\n","protected":false},"author":37,"featured_media":0,"comment_status":"closed","ping_status":"closed","sticky":false,"template":"","format":"standard","meta":{"site-sidebar-layout":"default","site-content-layout":"","ast-site-content-layout":"default","site-content-style":"default","site-sidebar-style":"default","ast-global-header-display":"","ast-banner-title-visibility":"","ast-main-header-display":"","ast-hfb-above-header-display":"","ast-hfb-below-header-display":"","ast-hfb-mobile-header-display":"","site-post-title":"","ast-breadcrumbs-content":"","ast-featured-img":"","footer-sml-layout":"","ast-disable-related-posts":"","theme-transparent-header-meta":"","adv-header-id-meta":"","stick-header-meta":"","header-above-stick-meta":"","header-main-stick-meta":"","header-below-stick-meta":"","astra-migrate-meta-layouts":"default","ast-page-background-enabled":"default","ast-page-background-meta":{"desktop":{"background-color":"var(--ast-global-color-4)","background-image":"","background-repeat":"repeat","background-position":"center center","background-size":"auto","background-attachment":"scroll","background-type":"","background-media":"","overlay-type":"","overlay-color":"","overlay-opacity":"","overlay-gradient":""},"tablet":{"background-color":"","background-image":"","background-repeat":"repeat","background-position":"center center","background-size":"auto","background-attachment":"scroll","background-type":"","background-media":"","overlay-type":"","overlay-color":"","overlay-opacity":"","overlay-gradient":""},"mobile":{"background-color":"","background-image":"","background-repeat":"repeat","background-position":"center center","background-size":"auto","background-attachment":"scroll","background-type":"","background-media":"","overlay-type":"","overlay-color":"","overlay-opacity":"","overlay-gradient":""}},"ast-content-background-meta":{"desktop":{"background-color":"var(--ast-global-color-5)","background-image":"","background-repeat":"repeat","background-position":"center center","background-size":"auto","background-attachment":"scroll","background-type":"","background-media":"","overlay-type":"","overlay-color":"","overlay-opacity":"","overlay-gradient":""},"tablet":{"background-color":"var(--ast-global-color-5)","background-image":"","background-repeat":"repeat","background-position":"center center","background-size":"auto","background-attachment":"scroll","background-type":"","background-media":"","overlay-type":"","overlay-color":"","overlay-opacity":"","overlay-gradient":""},"mobile":{"background-color":"var(--ast-global-color-5)","background-image":"","background-repeat":"repeat","background-position":"center center","background-size":"auto","background-attachment":"scroll","background-type":"","background-media":"","overlay-type":"","overlay-color":"","overlay-opacity":"","overlay-gradient":""}},"_themeisle_gutenberg_block_has_review":false,"footnotes":""},"categories":[14,9],"tags":[],"class_list":["post-4191","post","type-post","status-publish","format-standard","hentry","category-projeto-desporto-escolar","category-pp"],"_links":{"self":[{"href":"https:\/\/escoladigital.madeira.gov.pt\/ebsscruz\/wp-json\/wp\/v2\/posts\/4191","targetHints":{"allow":["GET"]}}],"collection":[{"href":"https:\/\/escoladigital.madeira.gov.pt\/ebsscruz\/wp-json\/wp\/v2\/posts"}],"about":[{"href":"https:\/\/escoladigital.madeira.gov.pt\/ebsscruz\/wp-json\/wp\/v2\/types\/post"}],"author":[{"embeddable":true,"href":"https:\/\/escoladigital.madeira.gov.pt\/ebsscruz\/wp-json\/wp\/v2\/users\/37"}],"replies":[{"embeddable":true,"href":"https:\/\/escoladigital.madeira.gov.pt\/ebsscruz\/wp-json\/wp\/v2\/comments?post=4191"}],"version-history":[{"count":4,"href":"https:\/\/escoladigital.madeira.gov.pt\/ebsscruz\/wp-json\/wp\/v2\/posts\/4191\/revisions"}],"predecessor-version":[{"id":4204,"href":"https:\/\/escoladigital.madeira.gov.pt\/ebsscruz\/wp-json\/wp\/v2\/posts\/4191\/revisions\/4204"}],"wp:attachment":[{"href":"https:\/\/escoladigital.madeira.gov.pt\/ebsscruz\/wp-json\/wp\/v2\/media?parent=4191"}],"wp:term":[{"taxonomy":"category","embeddable":true,"href":"https:\/\/escoladigital.madeira.gov.pt\/ebsscruz\/wp-json\/wp\/v2\/categories?post=4191"},{"taxonomy":"post_tag","embeddable":true,"href":"https:\/\/escoladigital.madeira.gov.pt\/ebsscruz\/wp-json\/wp\/v2\/tags?post=4191"}],"curies":[{"name":"wp","href":"https:\/\/api.w.org\/{rel}","templated":true}]}}