{"id":4772,"date":"2025-11-16T22:17:27","date_gmt":"2025-11-16T22:17:27","guid":{"rendered":"https:\/\/escoladigital.madeira.gov.pt\/ebsscruz\/?p=4772"},"modified":"2025-11-16T22:17:27","modified_gmt":"2025-11-16T22:17:27","slug":"serie-sabias-que-o-mar-da-madeira-episodio-3","status":"publish","type":"post","link":"https:\/\/escoladigital.madeira.gov.pt\/ebsscruz\/2025\/11\/16\/serie-sabias-que-o-mar-da-madeira-episodio-3\/","title":{"rendered":"S\u00c9RIE: \u201cSabias que? \u2013 O Mar da Madeira\u201d \u2014 Epis\u00f3dio 3"},"content":{"rendered":"\n<p><img decoding=\"async\" height=\"16\" width=\"16\" alt=\"\ud83d\udce2\" src=\"https:\/\/static.xx.fbcdn.net\/images\/emoji.php\/v9\/t39\/1\/16\/1f4e2.png\"> Novo epis\u00f3dio dispon\u00edvel!<\/p>\n\n\n\n<p>No <a><\/a>\u00e2mbito das atividades do Dia Nacional do Mar, os alunos do 3.\u00ba ciclo \u2014 da Equipa Escola Azul \u2014 continuam a destacar aspetos fascinantes do oceano que rodeia a Madeira e o seu papel no equil\u00edbrio dos ecossistemas marinhos.<\/p>\n\n\n\n<p><img decoding=\"async\" height=\"16\" width=\"16\" alt=\"\ud83c\udfa5\" src=\"https:\/\/static.xx.fbcdn.net\/images\/emoji.php\/v9\/tff\/1\/16\/1f3a5.png\"> Epis\u00f3dio 3 \u2013 Produzido por um aluno do 3.\u00ba ciclo da Equipa Escola Azul<\/p>\n\n\n\n<p>Neste epis\u00f3dio, o aluno chama a aten\u00e7\u00e3o para a presen\u00e7a de esp\u00e9cies marinhas que passam pela Madeira durante as suas longas rotas oce\u00e2nicas.<\/p>\n\n\n\n<p>A nossa localiza\u00e7\u00e3o no Atl\u00e2ntico transforma a Madeira num verdadeiro \u201cponto de passagem\u201d essencial para muitos animais marinhos que percorrem milhares de quil\u00f3metros.<\/p>\n\n\n\n<p>Estas rotas s\u00e3o fundamentais para fen\u00f3menos como a migra\u00e7\u00e3o, a alimenta\u00e7\u00e3o e a reprodu\u00e7\u00e3o de v\u00e1rias esp\u00e9cies \u2014 e mostram como o oceano \u00e9 uma rede viva, interligada e em constante movimento.<\/p>\n\n\n\n<p>Compreender estes trajetos ajuda-nos a perceber porque \u00e9 t\u00e3o importante proteger n\u00e3o apenas a nossa costa, mas tamb\u00e9m todo o ecossistema que depende dela.<\/p>\n\n\n\n<p>Esta s\u00e9rie integra o trabalho desenvolvido no projeto Escola Azul, promovendo conhecimento, consci\u00eancia ambiental e responsabilidade na preserva\u00e7\u00e3o do oceano.<\/p>\n\n\n\n<p><img decoding=\"async\" height=\"16\" width=\"16\" alt=\"\ud83d\udc99\" src=\"https:\/\/static.xx.fbcdn.net\/images\/emoji.php\/v9\/t6c\/1\/16\/1f499.png\"> Segue a s\u00e9rie e descobre mais sobre o mar que nos rodeia!<\/p>\n\n\n\n<figure class=\"wp-block-embed is-type-video is-provider-youtube wp-block-embed-youtube wp-embed-aspect-16-9 wp-has-aspect-ratio\"><div class=\"wp-block-embed__wrapper\">\n<iframe title=\"Sabias Que? O Mar da Madeira... #sabiasque_n.\u00ba3\" width=\"500\" height=\"281\" src=\"https:\/\/www.youtube.com\/embed\/sG6R_7l7ol4?feature=oembed\" frameborder=\"0\" allow=\"accelerometer; autoplay; clipboard-write; encrypted-media; gyroscope; picture-in-picture; web-share\" referrerpolicy=\"strict-origin-when-cross-origin\" allowfullscreen><\/iframe>\n<\/div><\/figure>\n","protected":false},"excerpt":{"rendered":"<p>Novo epis\u00f3dio dispon\u00edvel! No \u00e2mbito das atividades do Dia Nacional do Mar, os alunos do 3.\u00ba ciclo \u2014 da Equipa [&hellip;]<\/p>\n","protected":false},"author":37,"featured_media":0,"comment_status":"closed","ping_status":"closed","sticky":false,"template":"","format":"standard","meta":{"site-sidebar-layout":"default","site-content-layout":"","ast-site-content-layout":"default","site-content-style":"default","site-sidebar-style":"default","ast-global-header-display":"","ast-banner-title-visibility":"","ast-main-header-display":"","ast-hfb-above-header-display":"","ast-hfb-below-header-display":"","ast-hfb-mobile-header-display":"","site-post-title":"","ast-breadcrumbs-content":"","ast-featured-img":"","footer-sml-layout":"","ast-disable-related-posts":"","theme-transparent-header-meta":"","adv-header-id-meta":"","stick-header-meta":"","header-above-stick-meta":"","header-main-stick-meta":"","header-below-stick-meta":"","astra-migrate-meta-layouts":"default","ast-page-background-enabled":"default","ast-page-background-meta":{"desktop":{"background-color":"var(--ast-global-color-4)","background-image":"","background-repeat":"repeat","background-position":"center center","background-size":"auto","background-attachment":"scroll","background-type":"","background-media":"","overlay-type":"","overlay-color":"","overlay-opacity":"","overlay-gradient":""},"tablet":{"background-color":"","background-image":"","background-repeat":"repeat","background-position":"center center","background-size":"auto","background-attachment":"scroll","background-type":"","background-media":"","overlay-type":"","overlay-color":"","overlay-opacity":"","overlay-gradient":""},"mobile":{"background-color":"","background-image":"","background-repeat":"repeat","background-position":"center center","background-size":"auto","background-attachment":"scroll","background-type":"","background-media":"","overlay-type":"","overlay-color":"","overlay-opacity":"","overlay-gradient":""}},"ast-content-background-meta":{"desktop":{"background-color":"var(--ast-global-color-5)","background-image":"","background-repeat":"repeat","background-position":"center center","background-size":"auto","background-attachment":"scroll","background-type":"","background-media":"","overlay-type":"","overlay-color":"","overlay-opacity":"","overlay-gradient":""},"tablet":{"background-color":"var(--ast-global-color-5)","background-image":"","background-repeat":"repeat","background-position":"center center","background-size":"auto","background-attachment":"scroll","background-type":"","background-media":"","overlay-type":"","overlay-color":"","overlay-opacity":"","overlay-gradient":""},"mobile":{"background-color":"var(--ast-global-color-5)","background-image":"","background-repeat":"repeat","background-position":"center center","background-size":"auto","background-attachment":"scroll","background-type":"","background-media":"","overlay-type":"","overlay-color":"","overlay-opacity":"","overlay-gradient":""}},"_themeisle_gutenberg_block_has_review":false,"footnotes":""},"categories":[9],"tags":[],"class_list":["post-4772","post","type-post","status-publish","format-standard","hentry","category-pp"],"_links":{"self":[{"href":"https:\/\/escoladigital.madeira.gov.pt\/ebsscruz\/wp-json\/wp\/v2\/posts\/4772","targetHints":{"allow":["GET"]}}],"collection":[{"href":"https:\/\/escoladigital.madeira.gov.pt\/ebsscruz\/wp-json\/wp\/v2\/posts"}],"about":[{"href":"https:\/\/escoladigital.madeira.gov.pt\/ebsscruz\/wp-json\/wp\/v2\/types\/post"}],"author":[{"embeddable":true,"href":"https:\/\/escoladigital.madeira.gov.pt\/ebsscruz\/wp-json\/wp\/v2\/users\/37"}],"replies":[{"embeddable":true,"href":"https:\/\/escoladigital.madeira.gov.pt\/ebsscruz\/wp-json\/wp\/v2\/comments?post=4772"}],"version-history":[{"count":1,"href":"https:\/\/escoladigital.madeira.gov.pt\/ebsscruz\/wp-json\/wp\/v2\/posts\/4772\/revisions"}],"predecessor-version":[{"id":4773,"href":"https:\/\/escoladigital.madeira.gov.pt\/ebsscruz\/wp-json\/wp\/v2\/posts\/4772\/revisions\/4773"}],"wp:attachment":[{"href":"https:\/\/escoladigital.madeira.gov.pt\/ebsscruz\/wp-json\/wp\/v2\/media?parent=4772"}],"wp:term":[{"taxonomy":"category","embeddable":true,"href":"https:\/\/escoladigital.madeira.gov.pt\/ebsscruz\/wp-json\/wp\/v2\/categories?post=4772"},{"taxonomy":"post_tag","embeddable":true,"href":"https:\/\/escoladigital.madeira.gov.pt\/ebsscruz\/wp-json\/wp\/v2\/tags?post=4772"}],"curies":[{"name":"wp","href":"https:\/\/api.w.org\/{rel}","templated":true}]}}