{"id":4804,"date":"2025-11-17T20:18:37","date_gmt":"2025-11-17T20:18:37","guid":{"rendered":"https:\/\/escoladigital.madeira.gov.pt\/ebsscruz\/?p=4804"},"modified":"2025-11-17T20:18:37","modified_gmt":"2025-11-17T20:18:37","slug":"exposicao-geografia-raizes-que-acolhem","status":"publish","type":"post","link":"https:\/\/escoladigital.madeira.gov.pt\/ebsscruz\/2025\/11\/17\/exposicao-geografia-raizes-que-acolhem\/","title":{"rendered":"Exposi\u00e7\u00e3o \u201cGeografia: Ra\u00edzes que Acolhem\u201d"},"content":{"rendered":"\n<p>\ud83c\udf1f J\u00e1 est\u00e1 aberta ao p\u00fablico a exposi\u00e7\u00e3o \u201cGeografia: Ra\u00edzes que Acolhem\u201d, um projeto da disciplina de Geografia que re\u00fane trabalhos de v\u00e1rios anos de escolaridade, mostrando como o conhecimento e a criatividade dos alunos se unem para celebrar o nosso patrim\u00f3nio natural e cultural.<br>\ud83c\udf33 Floresta Laurissilva \u2013 25 anos de Patrim\u00f3nio Mundial da UNESCO<br>\ud83d\udcda Gra\u00e7as \u00e0 colabora\u00e7\u00e3o do IFCN, a exposi\u00e7\u00e3o conta com um conjunto de materiais informativos sobre a import\u00e2ncia da Floresta Laurissilva da Madeira, destacando a sua biodiversidade, hist\u00f3ria e papel fundamental na preserva\u00e7\u00e3o ambiental.<br>\ud83c\udf31 Uma oportunidade para sensibilizar os alunos para a prote\u00e7\u00e3o deste ecossistema \u00fanico.<\/p>\n\n\n\n<p>\ud83e\udded <strong>Rosas-dos-Ventos Sustent\u00e1veis (7.\u00ba ano)<\/strong><br>\u267b\ufe0f Todas as turmas de 7.\u00ba ano deram largas \u00e0 imagina\u00e7\u00e3o ao criar rosas-dos-ventos com materiais recicl\u00e1veis, refor\u00e7ando a import\u00e2ncia da reutiliza\u00e7\u00e3o e da consci\u00eancia ambiental atrav\u00e9s de trabalhos criativos e cheios de cor.<br>\ud83e\udd1d <strong>Toler\u00e2ncia nos Tempos de Hoje (Cursos EFA)<\/strong><br>\ud83d\udd4a\ufe0f Os alunos dos cursos EFA apresentam uma reflex\u00e3o visual e cr\u00edtica sobre o valor da toler\u00e2ncia na sociedade contempor\u00e2nea, promovendo o respeito, a inclus\u00e3o e a conviv\u00eancia saud\u00e1vel.<br>\ud83c\udfdb\ufe0f<strong> Patrim\u00f3nio Cultural em Maquete (8.\u00ba A e B)<\/strong><br>\ud83c\udf0d As turmas de 8.\u00ba A e B constru\u00edram maquetes de patrim\u00f3nio cultural nacional e internacional, desde monumentos ic\u00f3nicos a espa\u00e7os simb\u00f3licos, mostrando o valor da preserva\u00e7\u00e3o da mem\u00f3ria coletiva.<br>\ud83d\udcab Uma exposi\u00e7\u00e3o constru\u00edda em conjunto<br>\ud83c\udf93 Do 7.\u00ba ano aos cursos EFA, passando pelo 8.\u00ba ano, todos os alunos contribu\u00edram com entusiasmo e dedica\u00e7\u00e3o, transformando esta exposi\u00e7\u00e3o numa verdadeira celebra\u00e7\u00e3o da Geografia e do papel da escola na forma\u00e7\u00e3o de cidad\u00e3os conscientes.<br>\ud83d\udcc5 Visita dispon\u00edvel na escola durante toda esta semana!<br>\u2728 N\u00e3o percas a oportunidade de explorar, aprender e deixar-te inspirar pelas \u201cRa\u00edzes que Acolhem\u201d. \ud83c\udf0d<\/p>\n\n\n\n<figure class=\"wp-block-gallery has-nested-images columns-default is-cropped wp-block-gallery-1 is-layout-flex wp-block-gallery-is-layout-flex\">\n<figure class=\"wp-block-image size-large\"><img fetchpriority=\"high\" decoding=\"async\" width=\"768\" height=\"1024\" data-id=\"4807\" src=\"https:\/\/escoladigital.madeira.gov.pt\/ebsscruz\/wp-content\/uploads\/sites\/6\/2025\/11\/image00001-768x1024.jpeg\" alt=\"\" class=\"wp-image-4807\" srcset=\"https:\/\/escoladigital.madeira.gov.pt\/ebsscruz\/wp-content\/uploads\/sites\/6\/2025\/11\/image00001-768x1024.jpeg 768w, https:\/\/escoladigital.madeira.gov.pt\/ebsscruz\/wp-content\/uploads\/sites\/6\/2025\/11\/image00001-225x300.jpeg 225w, https:\/\/escoladigital.madeira.gov.pt\/ebsscruz\/wp-content\/uploads\/sites\/6\/2025\/11\/image00001-1152x1536.jpeg 1152w, https:\/\/escoladigital.madeira.gov.pt\/ebsscruz\/wp-content\/uploads\/sites\/6\/2025\/11\/image00001-1536x2048.jpeg 1536w, https:\/\/escoladigital.madeira.gov.pt\/ebsscruz\/wp-content\/uploads\/sites\/6\/2025\/11\/image00001-scaled.jpeg 1920w\" sizes=\"(max-width: 768px) 100vw, 768px\" \/><\/figure>\n\n\n\n<figure class=\"wp-block-image size-large\"><img decoding=\"async\" width=\"768\" height=\"1024\" data-id=\"4810\" src=\"https:\/\/escoladigital.madeira.gov.pt\/ebsscruz\/wp-content\/uploads\/sites\/6\/2025\/11\/image00002-768x1024.jpeg\" alt=\"\" class=\"wp-image-4810\" srcset=\"https:\/\/escoladigital.madeira.gov.pt\/ebsscruz\/wp-content\/uploads\/sites\/6\/2025\/11\/image00002-768x1024.jpeg 768w, https:\/\/escoladigital.madeira.gov.pt\/ebsscruz\/wp-content\/uploads\/sites\/6\/2025\/11\/image00002-225x300.jpeg 225w, https:\/\/escoladigital.madeira.gov.pt\/ebsscruz\/wp-content\/uploads\/sites\/6\/2025\/11\/image00002-1152x1536.jpeg 1152w, https:\/\/escoladigital.madeira.gov.pt\/ebsscruz\/wp-content\/uploads\/sites\/6\/2025\/11\/image00002-1536x2048.jpeg 1536w, https:\/\/escoladigital.madeira.gov.pt\/ebsscruz\/wp-content\/uploads\/sites\/6\/2025\/11\/image00002-scaled.jpeg 1920w\" sizes=\"(max-width: 768px) 100vw, 768px\" \/><\/figure>\n\n\n\n<figure class=\"wp-block-image size-large\"><img decoding=\"async\" width=\"768\" height=\"1024\" data-id=\"4809\" src=\"https:\/\/escoladigital.madeira.gov.pt\/ebsscruz\/wp-content\/uploads\/sites\/6\/2025\/11\/image00003-768x1024.jpeg\" alt=\"\" class=\"wp-image-4809\" srcset=\"https:\/\/escoladigital.madeira.gov.pt\/ebsscruz\/wp-content\/uploads\/sites\/6\/2025\/11\/image00003-768x1024.jpeg 768w, https:\/\/escoladigital.madeira.gov.pt\/ebsscruz\/wp-content\/uploads\/sites\/6\/2025\/11\/image00003-225x300.jpeg 225w, https:\/\/escoladigital.madeira.gov.pt\/ebsscruz\/wp-content\/uploads\/sites\/6\/2025\/11\/image00003-1152x1536.jpeg 1152w, https:\/\/escoladigital.madeira.gov.pt\/ebsscruz\/wp-content\/uploads\/sites\/6\/2025\/11\/image00003-1536x2048.jpeg 1536w, https:\/\/escoladigital.madeira.gov.pt\/ebsscruz\/wp-content\/uploads\/sites\/6\/2025\/11\/image00003-scaled.jpeg 1920w\" sizes=\"(max-width: 768px) 100vw, 768px\" \/><\/figure>\n\n\n\n<figure class=\"wp-block-image size-large\"><img loading=\"lazy\" decoding=\"async\" width=\"768\" height=\"1024\" data-id=\"4806\" src=\"https:\/\/escoladigital.madeira.gov.pt\/ebsscruz\/wp-content\/uploads\/sites\/6\/2025\/11\/image00004-768x1024.jpeg\" alt=\"\" class=\"wp-image-4806\" srcset=\"https:\/\/escoladigital.madeira.gov.pt\/ebsscruz\/wp-content\/uploads\/sites\/6\/2025\/11\/image00004-768x1024.jpeg 768w, https:\/\/escoladigital.madeira.gov.pt\/ebsscruz\/wp-content\/uploads\/sites\/6\/2025\/11\/image00004-225x300.jpeg 225w, https:\/\/escoladigital.madeira.gov.pt\/ebsscruz\/wp-content\/uploads\/sites\/6\/2025\/11\/image00004-1152x1536.jpeg 1152w, https:\/\/escoladigital.madeira.gov.pt\/ebsscruz\/wp-content\/uploads\/sites\/6\/2025\/11\/image00004-1536x2048.jpeg 1536w, https:\/\/escoladigital.madeira.gov.pt\/ebsscruz\/wp-content\/uploads\/sites\/6\/2025\/11\/image00004-scaled.jpeg 1920w\" sizes=\"(max-width: 768px) 100vw, 768px\" \/><\/figure>\n\n\n\n<figure class=\"wp-block-image size-large\"><img loading=\"lazy\" decoding=\"async\" width=\"768\" height=\"1024\" data-id=\"4808\" src=\"https:\/\/escoladigital.madeira.gov.pt\/ebsscruz\/wp-content\/uploads\/sites\/6\/2025\/11\/image00005-768x1024.jpeg\" alt=\"\" class=\"wp-image-4808\" srcset=\"https:\/\/escoladigital.madeira.gov.pt\/ebsscruz\/wp-content\/uploads\/sites\/6\/2025\/11\/image00005-768x1024.jpeg 768w, https:\/\/escoladigital.madeira.gov.pt\/ebsscruz\/wp-content\/uploads\/sites\/6\/2025\/11\/image00005-225x300.jpeg 225w, https:\/\/escoladigital.madeira.gov.pt\/ebsscruz\/wp-content\/uploads\/sites\/6\/2025\/11\/image00005-1152x1536.jpeg 1152w, https:\/\/escoladigital.madeira.gov.pt\/ebsscruz\/wp-content\/uploads\/sites\/6\/2025\/11\/image00005-1536x2048.jpeg 1536w, https:\/\/escoladigital.madeira.gov.pt\/ebsscruz\/wp-content\/uploads\/sites\/6\/2025\/11\/image00005-scaled.jpeg 1920w\" sizes=\"(max-width: 768px) 100vw, 768px\" \/><\/figure>\n\n\n\n<figure class=\"wp-block-image size-large\"><img loading=\"lazy\" decoding=\"async\" width=\"768\" height=\"1024\" data-id=\"4805\" src=\"https:\/\/escoladigital.madeira.gov.pt\/ebsscruz\/wp-content\/uploads\/sites\/6\/2025\/11\/image00006-768x1024.jpeg\" alt=\"\" class=\"wp-image-4805\" srcset=\"https:\/\/escoladigital.madeira.gov.pt\/ebsscruz\/wp-content\/uploads\/sites\/6\/2025\/11\/image00006-768x1024.jpeg 768w, https:\/\/escoladigital.madeira.gov.pt\/ebsscruz\/wp-content\/uploads\/sites\/6\/2025\/11\/image00006-225x300.jpeg 225w, https:\/\/escoladigital.madeira.gov.pt\/ebsscruz\/wp-content\/uploads\/sites\/6\/2025\/11\/image00006-1152x1536.jpeg 1152w, https:\/\/escoladigital.madeira.gov.pt\/ebsscruz\/wp-content\/uploads\/sites\/6\/2025\/11\/image00006-1536x2048.jpeg 1536w, https:\/\/escoladigital.madeira.gov.pt\/ebsscruz\/wp-content\/uploads\/sites\/6\/2025\/11\/image00006-scaled.jpeg 1920w\" sizes=\"(max-width: 768px) 100vw, 768px\" \/><\/figure>\n<\/figure>\n","protected":false},"excerpt":{"rendered":"<p>\ud83c\udf1f J\u00e1 est\u00e1 aberta ao p\u00fablico a exposi\u00e7\u00e3o \u201cGeografia: Ra\u00edzes que Acolhem\u201d, um projeto da disciplina de Geografia que re\u00fane [&hellip;]<\/p>\n","protected":false},"author":37,"featured_media":0,"comment_status":"closed","ping_status":"closed","sticky":false,"template":"","format":"standard","meta":{"site-sidebar-layout":"default","site-content-layout":"","ast-site-content-layout":"default","site-content-style":"default","site-sidebar-style":"default","ast-global-header-display":"","ast-banner-title-visibility":"","ast-main-header-display":"","ast-hfb-above-header-display":"","ast-hfb-below-header-display":"","ast-hfb-mobile-header-display":"","site-post-title":"","ast-breadcrumbs-content":"","ast-featured-img":"","footer-sml-layout":"","ast-disable-related-posts":"","theme-transparent-header-meta":"","adv-header-id-meta":"","stick-header-meta":"","header-above-stick-meta":"","header-main-stick-meta":"","header-below-stick-meta":"","astra-migrate-meta-layouts":"default","ast-page-background-enabled":"default","ast-page-background-meta":{"desktop":{"background-color":"var(--ast-global-color-4)","background-image":"","background-repeat":"repeat","background-position":"center center","background-size":"auto","background-attachment":"scroll","background-type":"","background-media":"","overlay-type":"","overlay-color":"","overlay-opacity":"","overlay-gradient":""},"tablet":{"background-color":"","background-image":"","background-repeat":"repeat","background-position":"center center","background-size":"auto","background-attachment":"scroll","background-type":"","background-media":"","overlay-type":"","overlay-color":"","overlay-opacity":"","overlay-gradient":""},"mobile":{"background-color":"","background-image":"","background-repeat":"repeat","background-position":"center center","background-size":"auto","background-attachment":"scroll","background-type":"","background-media":"","overlay-type":"","overlay-color":"","overlay-opacity":"","overlay-gradient":""}},"ast-content-background-meta":{"desktop":{"background-color":"var(--ast-global-color-5)","background-image":"","background-repeat":"repeat","background-position":"center center","background-size":"auto","background-attachment":"scroll","background-type":"","background-media":"","overlay-type":"","overlay-color":"","overlay-opacity":"","overlay-gradient":""},"tablet":{"background-color":"var(--ast-global-color-5)","background-image":"","background-repeat":"repeat","background-position":"center center","background-size":"auto","background-attachment":"scroll","background-type":"","background-media":"","overlay-type":"","overlay-color":"","overlay-opacity":"","overlay-gradient":""},"mobile":{"background-color":"var(--ast-global-color-5)","background-image":"","background-repeat":"repeat","background-position":"center center","background-size":"auto","background-attachment":"scroll","background-type":"","background-media":"","overlay-type":"","overlay-color":"","overlay-opacity":"","overlay-gradient":""}},"_themeisle_gutenberg_block_has_review":false,"footnotes":""},"categories":[9],"tags":[],"class_list":["post-4804","post","type-post","status-publish","format-standard","hentry","category-pp"],"_links":{"self":[{"href":"https:\/\/escoladigital.madeira.gov.pt\/ebsscruz\/wp-json\/wp\/v2\/posts\/4804","targetHints":{"allow":["GET"]}}],"collection":[{"href":"https:\/\/escoladigital.madeira.gov.pt\/ebsscruz\/wp-json\/wp\/v2\/posts"}],"about":[{"href":"https:\/\/escoladigital.madeira.gov.pt\/ebsscruz\/wp-json\/wp\/v2\/types\/post"}],"author":[{"embeddable":true,"href":"https:\/\/escoladigital.madeira.gov.pt\/ebsscruz\/wp-json\/wp\/v2\/users\/37"}],"replies":[{"embeddable":true,"href":"https:\/\/escoladigital.madeira.gov.pt\/ebsscruz\/wp-json\/wp\/v2\/comments?post=4804"}],"version-history":[{"count":1,"href":"https:\/\/escoladigital.madeira.gov.pt\/ebsscruz\/wp-json\/wp\/v2\/posts\/4804\/revisions"}],"predecessor-version":[{"id":4811,"href":"https:\/\/escoladigital.madeira.gov.pt\/ebsscruz\/wp-json\/wp\/v2\/posts\/4804\/revisions\/4811"}],"wp:attachment":[{"href":"https:\/\/escoladigital.madeira.gov.pt\/ebsscruz\/wp-json\/wp\/v2\/media?parent=4804"}],"wp:term":[{"taxonomy":"category","embeddable":true,"href":"https:\/\/escoladigital.madeira.gov.pt\/ebsscruz\/wp-json\/wp\/v2\/categories?post=4804"},{"taxonomy":"post_tag","embeddable":true,"href":"https:\/\/escoladigital.madeira.gov.pt\/ebsscruz\/wp-json\/wp\/v2\/tags?post=4804"}],"curies":[{"name":"wp","href":"https:\/\/api.w.org\/{rel}","templated":true}]}}