{"id":5336,"date":"2026-01-12T15:20:03","date_gmt":"2026-01-12T15:20:03","guid":{"rendered":"https:\/\/escoladigital.madeira.gov.pt\/ebsscruz\/?p=5336"},"modified":"2026-01-12T15:20:03","modified_gmt":"2026-01-12T15:20:03","slug":"%f0%9f%8e%a5%f0%9d%97%a0%f0%9d%97%ae%f0%9d%97%b1%f0%9d%97%b2%f0%9d%97%b6%f0%9d%97%bf%f0%9d%97%ae-%f0%9d%97%96%f0%9d%98%82%f0%9d%97%bf%f0%9d%98%81%f0%9d%97%ae%f0%9d%98%80-%f0%9d%97%96%f0%9d%97%bc","status":"publish","type":"post","link":"https:\/\/escoladigital.madeira.gov.pt\/ebsscruz\/2026\/01\/12\/%f0%9f%8e%a5%f0%9d%97%a0%f0%9d%97%ae%f0%9d%97%b1%f0%9d%97%b2%f0%9d%97%b6%f0%9d%97%bf%f0%9d%97%ae-%f0%9d%97%96%f0%9d%98%82%f0%9d%97%bf%f0%9d%98%81%f0%9d%97%ae%f0%9d%98%80-%f0%9d%97%96%f0%9d%97%bc\/","title":{"rendered":"\ud83c\udfa5\ud835\udde0\ud835\uddee\ud835\uddf1\ud835\uddf2\ud835\uddf6\ud835\uddff\ud835\uddee \ud835\uddd6\ud835\ude02\ud835\uddff\ud835\ude01\ud835\uddee\ud835\ude00 | \ud835\uddd6\ud835\uddfc\ud835\uddfb\ud835\ude03\ud835\uddf6\ud835\ude01\ud835\uddf2 \u00e0 \ud835\uddfd\ud835\uddee\ud835\uddff\ud835\ude01\ud835\uddf6\ud835\uddf0\ud835\uddf6\ud835\uddfd\ud835\uddee\u00e7\u00e3\ud835\uddfc!!"},"content":{"rendered":"\n<p>Nesta 15.\u00aa edi\u00e7\u00e3o, o Madeira <a><\/a>Curtas (MC) apresenta como tema \u201cUm novo amanhecer\u201d, sujeito a interpreta\u00e7\u00e3o livre.<\/p>\n\n\n\n<p>O MC apresenta duas vertentes: uma internacional e outra nacional, esta \u00faltima direcionada \u00e0 promo\u00e7\u00e3o da produ\u00e7\u00e3o audiovisual nas escolas da Regi\u00e3o Aut\u00f3noma da Madeira. Em ambas as vertentes, est\u00e3o a concurso sete categorias: melhor imagem, melhor som, melhor representa\u00e7\u00e3o, melhor curta j\u00fanior, melhor curta de anima\u00e7\u00e3o, melhor curta escolar e melhor curta-metragem.<\/p>\n\n\n\n<p>Ser\u00e1 ainda atribu\u00eddo o trof\u00e9u \u201cEscolha do P\u00fablico\u201d, \u00e0 curta nacional com maior n\u00famero de votos online.<\/p>\n\n\n\n<p>As curtas-metragens dever\u00e3o ser entregues at\u00e9 24 de abril de 2026, atrav\u00e9s do link: <a href=\"https:\/\/forms.office.com\/e\/aHTGyt0Btm?fbclid=IwZXh0bgNhZW0CMTAAYnJpZBEwdTdHaEFHQUllRXN4V2ptb3NydGMGYXBwX2lkEDIyMjAzOTE3ODgyMDA4OTIAAR5TUy5ol5YMtjrgMAFUIfoFFj8T55Uyv5enA9ZSP4z9mbnPTnS1BJsZRAnaKQ_aem_yo3Bxie4haZmj-x_pbDibQ\" rel=\"noreferrer noopener\" target=\"_blank\">https:\/\/forms.office.com\/e\/aHTGyt0Btm<\/a>.<\/p>\n\n\n\n<p>O MC \u00e9 um concurso promovido pelo Governo Regional da Madeira, atrav\u00e9s da Secretaria Regional de Educa\u00e7\u00e3o, Ci\u00eancia e Tecnologia, e operacionalizado pela Dire\u00e7\u00e3o Regional de Educa\u00e7\u00e3o, atrav\u00e9s do Programa <a href=\"https:\/\/www.facebook.com\/EDUCAmedia?__cft__[0]=AZavy_00pPiYg35C40RYO6HzTOS-x_Jv-gs8unXmrlTrzCa_tI1VPxVkkQiyjyp0ENYyHbtlkXmJjN9C6Vazl-FbayO2jyUo456Hgy8VVab_LeVWxngEh3vEw6eJxZkcfdrzkNONWb1TFN_DYMhNY5819LExIf3MJ6j1pRAioa1zbFrkPXtKfdmTRTAjXXb7QtzpWaZluJSDKRf8AzpTIhiPsgYnkMOgrdxApoBOgoLDBQ&amp;__tn__=-]K-y-R\">EDUCAmedia<\/a>, da Divis\u00e3o de Tecnologias e Ambientes Inovadores de Aprendizagem.<\/p>\n\n\n\n<p>Todas as informa\u00e7\u00f5es sobre o concurso podem ser consultadas aqui: <a href=\"https:\/\/teducativas.madeira.gov.pt\/educamedia\/concursos-escolares\/madeira-curtas\/projeto.html?fbclid=IwZXh0bgNhZW0CMTAAYnJpZBEwdTdHaEFHQUllRXN4V2ptb3NydGMGYXBwX2lkEDIyMjAzOTE3ODgyMDA4OTIAAR6DqrEgiU0f_p5YZXZ9LXcdjtw2gch7in6lNlyuaUG3d_q8emBqRTbBosTR6w_aem_W6fbFJxNz1gNKhdeNL8A0w\" rel=\"noreferrer noopener\" target=\"_blank\">https:\/\/teducativas.madeira.gov.pt\/&#8230;\/madei&#8230;\/projeto.html<\/a><\/p>\n\n\n\n<p><a href=\"https:\/\/www.facebook.com\/hashtag\/dremadeira?__eep__=6&amp;__cft__[0]=AZavy_00pPiYg35C40RYO6HzTOS-x_Jv-gs8unXmrlTrzCa_tI1VPxVkkQiyjyp0ENYyHbtlkXmJjN9C6Vazl-FbayO2jyUo456Hgy8VVab_LeVWxngEh3vEw6eJxZkcfdrzkNONWb1TFN_DYMhNY5819LExIf3MJ6j1pRAioa1zbFrkPXtKfdmTRTAjXXb7QtzpWaZluJSDKRf8AzpTIhiPsgYnkMOgrdxApoBOgoLDBQ&amp;__tn__=*NK-y-R\">#dremadeira<\/a><a href=\"https:\/\/www.facebook.com\/hashtag\/madeiracurtas?__eep__=6&amp;__cft__[0]=AZavy_00pPiYg35C40RYO6HzTOS-x_Jv-gs8unXmrlTrzCa_tI1VPxVkkQiyjyp0ENYyHbtlkXmJjN9C6Vazl-FbayO2jyUo456Hgy8VVab_LeVWxngEh3vEw6eJxZkcfdrzkNONWb1TFN_DYMhNY5819LExIf3MJ6j1pRAioa1zbFrkPXtKfdmTRTAjXXb7QtzpWaZluJSDKRf8AzpTIhiPsgYnkMOgrdxApoBOgoLDBQ&amp;__tn__=*NK-y-R\">#madeiracurtas<\/a><a href=\"https:\/\/www.facebook.com\/hashtag\/educamedia?__eep__=6&amp;__cft__[0]=AZavy_00pPiYg35C40RYO6HzTOS-x_Jv-gs8unXmrlTrzCa_tI1VPxVkkQiyjyp0ENYyHbtlkXmJjN9C6Vazl-FbayO2jyUo456Hgy8VVab_LeVWxngEh3vEw6eJxZkcfdrzkNONWb1TFN_DYMhNY5819LExIf3MJ6j1pRAioa1zbFrkPXtKfdmTRTAjXXb7QtzpWaZluJSDKRf8AzpTIhiPsgYnkMOgrdxApoBOgoLDBQ&amp;__tn__=*NK-y-R\">#educamedia<\/a><\/p>\n\n\n\n<figure class=\"wp-block-image aligncenter size-full\"><img fetchpriority=\"high\" decoding=\"async\" width=\"512\" height=\"640\" src=\"https:\/\/escoladigital.madeira.gov.pt\/ebsscruz\/wp-content\/uploads\/sites\/6\/2026\/01\/image-1.png\" alt=\"\" class=\"wp-image-5337\" srcset=\"https:\/\/escoladigital.madeira.gov.pt\/ebsscruz\/wp-content\/uploads\/sites\/6\/2026\/01\/image-1.png 512w, https:\/\/escoladigital.madeira.gov.pt\/ebsscruz\/wp-content\/uploads\/sites\/6\/2026\/01\/image-1-240x300.png 240w\" sizes=\"(max-width: 512px) 100vw, 512px\" \/><\/figure>\n","protected":false},"excerpt":{"rendered":"<p>Nesta 15.\u00aa edi\u00e7\u00e3o, o Madeira Curtas (MC) apresenta como tema \u201cUm novo amanhecer\u201d, sujeito a interpreta\u00e7\u00e3o livre. O MC apresenta [&hellip;]<\/p>\n","protected":false},"author":37,"featured_media":0,"comment_status":"closed","ping_status":"closed","sticky":false,"template":"","format":"standard","meta":{"site-sidebar-layout":"default","site-content-layout":"","ast-site-content-layout":"default","site-content-style":"default","site-sidebar-style":"default","ast-global-header-display":"","ast-banner-title-visibility":"","ast-main-header-display":"","ast-hfb-above-header-display":"","ast-hfb-below-header-display":"","ast-hfb-mobile-header-display":"","site-post-title":"disabled","ast-breadcrumbs-content":"","ast-featured-img":"","footer-sml-layout":"","ast-disable-related-posts":"","theme-transparent-header-meta":"","adv-header-id-meta":"","stick-header-meta":"","header-above-stick-meta":"","header-main-stick-meta":"","header-below-stick-meta":"","astra-migrate-meta-layouts":"default","ast-page-background-enabled":"default","ast-page-background-meta":{"desktop":{"background-color":"var(--ast-global-color-4)","background-image":"","background-repeat":"repeat","background-position":"center center","background-size":"auto","background-attachment":"scroll","background-type":"","background-media":"","overlay-type":"","overlay-color":"","overlay-opacity":"","overlay-gradient":""},"tablet":{"background-color":"","background-image":"","background-repeat":"repeat","background-position":"center center","background-size":"auto","background-attachment":"scroll","background-type":"","background-media":"","overlay-type":"","overlay-color":"","overlay-opacity":"","overlay-gradient":""},"mobile":{"background-color":"","background-image":"","background-repeat":"repeat","background-position":"center center","background-size":"auto","background-attachment":"scroll","background-type":"","background-media":"","overlay-type":"","overlay-color":"","overlay-opacity":"","overlay-gradient":""}},"ast-content-background-meta":{"desktop":{"background-color":"var(--ast-global-color-5)","background-image":"","background-repeat":"repeat","background-position":"center center","background-size":"auto","background-attachment":"scroll","background-type":"","background-media":"","overlay-type":"","overlay-color":"","overlay-opacity":"","overlay-gradient":""},"tablet":{"background-color":"var(--ast-global-color-5)","background-image":"","background-repeat":"repeat","background-position":"center center","background-size":"auto","background-attachment":"scroll","background-type":"","background-media":"","overlay-type":"","overlay-color":"","overlay-opacity":"","overlay-gradient":""},"mobile":{"background-color":"var(--ast-global-color-5)","background-image":"","background-repeat":"repeat","background-position":"center center","background-size":"auto","background-attachment":"scroll","background-type":"","background-media":"","overlay-type":"","overlay-color":"","overlay-opacity":"","overlay-gradient":""}},"_themeisle_gutenberg_block_has_review":false,"footnotes":""},"categories":[9],"tags":[],"class_list":["post-5336","post","type-post","status-publish","format-standard","hentry","category-pp"],"_links":{"self":[{"href":"https:\/\/escoladigital.madeira.gov.pt\/ebsscruz\/wp-json\/wp\/v2\/posts\/5336","targetHints":{"allow":["GET"]}}],"collection":[{"href":"https:\/\/escoladigital.madeira.gov.pt\/ebsscruz\/wp-json\/wp\/v2\/posts"}],"about":[{"href":"https:\/\/escoladigital.madeira.gov.pt\/ebsscruz\/wp-json\/wp\/v2\/types\/post"}],"author":[{"embeddable":true,"href":"https:\/\/escoladigital.madeira.gov.pt\/ebsscruz\/wp-json\/wp\/v2\/users\/37"}],"replies":[{"embeddable":true,"href":"https:\/\/escoladigital.madeira.gov.pt\/ebsscruz\/wp-json\/wp\/v2\/comments?post=5336"}],"version-history":[{"count":1,"href":"https:\/\/escoladigital.madeira.gov.pt\/ebsscruz\/wp-json\/wp\/v2\/posts\/5336\/revisions"}],"predecessor-version":[{"id":5338,"href":"https:\/\/escoladigital.madeira.gov.pt\/ebsscruz\/wp-json\/wp\/v2\/posts\/5336\/revisions\/5338"}],"wp:attachment":[{"href":"https:\/\/escoladigital.madeira.gov.pt\/ebsscruz\/wp-json\/wp\/v2\/media?parent=5336"}],"wp:term":[{"taxonomy":"category","embeddable":true,"href":"https:\/\/escoladigital.madeira.gov.pt\/ebsscruz\/wp-json\/wp\/v2\/categories?post=5336"},{"taxonomy":"post_tag","embeddable":true,"href":"https:\/\/escoladigital.madeira.gov.pt\/ebsscruz\/wp-json\/wp\/v2\/tags?post=5336"}],"curies":[{"name":"wp","href":"https:\/\/api.w.org\/{rel}","templated":true}]}}